{"id":1128,"date":"2023-03-12T11:01:39","date_gmt":"2023-03-12T11:01:39","guid":{"rendered":"http:\/\/parafia-czersk.pl\/word2\/?p=1128"},"modified":"2023-03-12T11:01:39","modified_gmt":"2023-03-12T11:01:39","slug":"intencje-mszalne-3","status":"publish","type":"post","link":"https:\/\/www.parafia-czersk.pl\/?p=1128","title":{"rendered":"Intencje Mszalne"},"content":{"rendered":"<table width=\"874\" cellspacing=\"0\" cellpadding=\"9\">\n<tbody>\n<tr>\n<td width=\"135\">\n<p class=\"western\" align=\"center\"><span style=\"font-family: Times New Roman, serif; font-size: 12pt;\">Ponie\u00addzia\u00ad\u0142ek<\/span><\/p>\n<p class=\"western\" align=\"center\"><span style=\"font-family: Times New Roman, serif; font-size: 12pt;\">13.03.2023<\/span><\/p>\n<\/td>\n<td valign=\"top\" width=\"702\">\n<p class=\"western\" align=\"justify\"><span style=\"font-size: 12pt;\"><span style=\"font-family: Times New Roman, serif;\"><b>6:30<\/b><\/span><span style=\"font-family: Times New Roman, serif;\"> Za Ojczyzn\u0119<\/span><\/span><\/p>\n<p class=\"western\" align=\"justify\"><span style=\"font-size: 12pt;\"><span style=\"font-family: Times New Roman, serif;\"><b>8:45<\/b><\/span><span style=\"font-family: Times New Roman, serif;\"> + Kry\u00adsty\u00adna Kar\u00adkosz\u00adka w&nbsp;1 r. \u015bm., Aldo\u00adna \u017buraw\u00adka w&nbsp;2 r.&nbsp;\u015bm.<\/span><\/span><\/p>\n<p class=\"western\" align=\"justify\"><span style=\"font-size: 12pt;\"><span style=\"font-family: Times New Roman, serif;\"><b>8:45<\/b><\/span><span style=\"font-family: Times New Roman, serif;\"> + Marian\u00adna Lepak \u2013 greg.&nbsp;11<\/span><\/span><\/p>\n<p class=\"western\" align=\"justify\"><span style=\"font-size: 12pt;\"><span style=\"font-family: Times New Roman, serif;\"><b>18:00 <\/b><\/span><span style=\"font-family: Times New Roman, serif;\">+ Ire\u00adna Jani\u00adkow\u00adska w&nbsp;1 r.&nbsp;\u015bm.<\/span><\/span><\/p>\n<p class=\"western\" align=\"justify\"><span style=\"font-size: 12pt;\"><span style=\"font-family: Times New Roman, serif;\"><b>18:00 <\/b><\/span><span style=\"font-family: Times New Roman, serif;\">+ Ryszard Ossow\u00adski w&nbsp;1 r.&nbsp;\u015bm.<\/span><\/span><\/p>\n<\/td>\n<\/tr>\n<tr>\n<td width=\"135\">\n<p class=\"western\" align=\"center\"><span style=\"font-family: Times New Roman, serif; font-size: 12pt;\">Wto\u00adrek<\/span><\/p>\n<p class=\"western\" align=\"center\"><span style=\"font-family: Times New Roman, serif; font-size: 12pt;\">14.03.2023<\/span><\/p>\n<\/td>\n<td valign=\"top\" width=\"702\">\n<p class=\"western\" align=\"justify\"><span style=\"font-size: 12pt;\"><span style=\"font-family: Times New Roman, serif;\"><b>6:30 <\/b><\/span><span style=\"font-family: Times New Roman, serif;\">+ Bene\u00addykt, Mar\u00adta Fry\u00adca, Sta\u00adni\u00ads\u0142aw&nbsp;Fryca<\/span><\/span><\/p>\n<p class=\"western\" align=\"justify\"><span style=\"font-size: 12pt;\"><span style=\"font-family: Times New Roman, serif;\"><b>6:30<\/b><\/span><span style=\"font-family: Times New Roman, serif;\"> + Ire\u00adna Kie\u00addrow\u00adska w&nbsp;13 r. \u015bm., m\u0105\u017c Ber\u00adnard i&nbsp;zi\u0119\u0107 Jan Wi\u015bniewski<\/span><\/span><\/p>\n<p class=\"western\" align=\"justify\"><span style=\"font-size: 12pt;\"><span style=\"font-family: Times New Roman, serif;\"><b>8:45<\/b><\/span><span style=\"font-family: Times New Roman, serif;\"> + J\u00f3zef San\u00adkow\u00adski i&nbsp;J\u00f3zef Ciemi\u0144ski<\/span><\/span><\/p>\n<p class=\"western\" align=\"justify\"><span style=\"font-size: 12pt;\"><span style=\"font-family: Times New Roman, serif;\"><b>8:45<\/b><\/span><span style=\"font-family: Times New Roman, serif;\"> + Marian\u00adna Lepak \u2013 greg.&nbsp;12<\/span><\/span><\/p>\n<p class=\"western\" align=\"justify\"><span style=\"font-size: 12pt;\"><span style=\"font-family: Times New Roman, serif;\"><b>18:00 <\/b><\/span><span style=\"font-family: Times New Roman, serif;\">+ Jadwi\u00adga i&nbsp;Ste\u00adfan O\u017ami\u0144scy<\/span><\/span><\/p>\n<p class=\"western\" align=\"justify\"><span style=\"font-size: 12pt;\"><span style=\"font-family: Times New Roman, serif;\"><b>18:00<\/b><\/span><span style=\"font-family: Times New Roman, serif;\"> + Jerzy Sza\u00adlew\u00adski w&nbsp;30 dzie\u0144 po pogrzebie<\/span><\/span><\/p>\n<\/td>\n<\/tr>\n<tr>\n<td width=\"135\">\n<p class=\"western\" align=\"center\"><span style=\"font-family: Times New Roman, serif; font-size: 12pt;\">\u015aro\u00adda 15.03.2023<\/span><\/p>\n<\/td>\n<td valign=\"top\" width=\"702\">\n<p class=\"western\" align=\"justify\"><span style=\"font-size: 12pt;\"><span style=\"font-family: Times New Roman, serif;\"><b>6:30 <\/b><\/span><span style=\"font-family: Times New Roman, serif;\">O&nbsp;zdro\u00adwie i&nbsp;Bo\u017ce b\u0142o\u00adgo\u00ads\u0142a\u00adwie\u0144\u00adstwo dla Gerar\u00adda z&nbsp;oka\u00adzji urodzin<\/span><\/span><\/p>\n<p class=\"western\" align=\"justify\"><span style=\"font-size: 12pt;\"><span style=\"font-family: Times New Roman, serif;\"><b>6:30 <\/b><\/span><span style=\"font-family: Times New Roman, serif;\">+ Wan\u00adda Karcz w&nbsp;5 r. \u015bm., m\u0105\u017c Hen\u00adryk i&nbsp;syn Janusz<\/span><\/span><\/p>\n<p class=\"western\" align=\"justify\"><span style=\"font-size: 12pt;\"><span style=\"font-family: Times New Roman, serif;\"><b>6:30<\/b><\/span><span style=\"font-family: Times New Roman, serif;\"> + Jerzy Schmidt w&nbsp;2 r.&nbsp;\u015bm.<\/span><\/span><\/p>\n<p class=\"western\" align=\"justify\"><span style=\"font-size: 12pt;\"><span style=\"font-family: Times New Roman, serif;\"><b>8:45 <\/b><\/span><span style=\"font-family: Times New Roman, serif;\">+ Maria Rat\u00adza i&nbsp;rodzi\u00adce W\u0142a\u00addy\u00ads\u0142a\u00adwa i&nbsp;Benedykt<\/span><\/span><\/p>\n<p class=\"western\" align=\"justify\"><span style=\"font-size: 12pt;\"><span style=\"font-family: Times New Roman, serif;\"><b>8:45 <\/b><\/span><span style=\"font-family: Times New Roman, serif;\">+ Marian\u00adna Lepak \u2013 greg.&nbsp;13<\/span><\/span><\/p>\n<p class=\"western\" align=\"justify\"><span style=\"font-size: 12pt;\"><span style=\"font-family: Times New Roman, serif;\"><b>18:00<\/b><\/span><span style=\"font-family: Times New Roman, serif;\"> + Ger\u00adtru\u00adda, Edmund Dola\u00adciak, syn&nbsp;Jerzy<\/span><\/span><\/p>\n<p class=\"western\" align=\"justify\"><span style=\"font-size: 12pt;\"><span style=\"font-family: Times New Roman, serif;\"><b>18:00 <\/b><\/span><span style=\"font-family: Times New Roman, serif;\">+ Jadwi\u00adga Szar\u00admach w&nbsp;30 dzie\u0144 po pogrzebie<\/span><\/span><\/p>\n<\/td>\n<\/tr>\n<tr>\n<td width=\"135\">\n<p class=\"western\" align=\"center\"><span style=\"font-family: Times New Roman, serif; font-size: 12pt;\">Czwar\u00adtek<\/span><\/p>\n<p class=\"western\" align=\"center\"><span style=\"font-family: Times New Roman, serif; font-size: 12pt;\">16.03.2023<\/span><\/p>\n<\/td>\n<td valign=\"top\" width=\"702\">\n<p class=\"western\" align=\"justify\"><span style=\"font-size: 12pt;\"><span style=\"font-family: Times New Roman, serif;\"><b>6:30 <\/b><\/span><span style=\"font-family: Times New Roman, serif;\">+ Hen\u00adryk Jankowski<\/span><\/span><\/p>\n<p class=\"western\" align=\"justify\"><span style=\"font-size: 12pt;\"><span style=\"font-family: Times New Roman, serif;\"><b>6:30<\/b><\/span><span style=\"font-family: Times New Roman, serif;\"> + Tomasz Czub\u00adkow\u00adski w&nbsp;1 r.&nbsp;\u015bm.<\/span><\/span><\/p>\n<p class=\"western\" align=\"justify\"><span style=\"font-size: 12pt;\"><span style=\"font-family: Times New Roman, serif;\"><b>8:45 <\/b><\/span><span style=\"font-family: Times New Roman, serif;\">+ W\u0142a\u00addy\u00ads\u0142a\u00adwa (ona) i&nbsp;Aloj\u00adzy Masiak oraz rodzi\u00adce z&nbsp;oboj\u00adga&nbsp;stron<\/span><\/span><\/p>\n<p class=\"western\" align=\"justify\"><span style=\"font-size: 12pt;\"><span style=\"font-family: Times New Roman, serif;\"><b>8:45 <\/b><\/span><span style=\"font-family: Times New Roman, serif;\">+ Leon Fie\u00adrek w&nbsp;30 r. \u015bm.,&nbsp;Irena<\/span><\/span><\/p>\n<p class=\"western\" align=\"justify\"><span style=\"font-size: 12pt;\"><span style=\"font-family: Times New Roman, serif;\"><b>8:45<\/b><\/span><span style=\"font-family: Times New Roman, serif;\"> + Marian\u00adna Lepak \u2013 greg.&nbsp;14<\/span><\/span><\/p>\n<p class=\"western\" align=\"justify\"><span style=\"font-size: 12pt;\"><span style=\"font-family: Times New Roman, serif;\"><b>18:00 <\/b><\/span><span style=\"font-family: Times New Roman, serif;\">+ Jerzy Dol\u00adny i&nbsp;rodzi\u00adce z&nbsp;oboj\u00adga&nbsp;stron<\/span><\/span><\/p>\n<p class=\"western\" align=\"justify\"><span style=\"font-size: 12pt;\"><span style=\"font-family: Times New Roman, serif;\"><b>18:00<\/b><\/span><span style=\"font-family: Times New Roman, serif;\"> + Lech Wr\u00f3\u00adblew\u00adski w&nbsp;30 dzie\u0144 po pogrzebie<\/span><\/span><\/p>\n<\/td>\n<\/tr>\n<tr>\n<td width=\"135\">\n<p class=\"western\" align=\"center\"><span style=\"font-family: Times New Roman, serif; font-size: 12pt;\">Pi\u0105\u00adtek<\/span><\/p>\n<p class=\"western\" align=\"center\"><span style=\"font-family: Times New Roman, serif; font-size: 12pt;\">17.03.2023<\/span><\/p>\n<\/td>\n<td valign=\"top\" width=\"702\">\n<p class=\"western\" align=\"justify\"><span style=\"font-size: 12pt;\"><span style=\"font-family: Times New Roman, serif;\"><b>6:30 <\/b><\/span><span style=\"font-family: Times New Roman, serif;\">+ Jani\u00adna i&nbsp;Anto\u00adni Kitowscy<\/span><\/span><\/p>\n<p class=\"western\" align=\"justify\"><span style=\"font-size: 12pt;\"><span style=\"font-family: Times New Roman, serif;\"><b>6:30<\/b><\/span><span style=\"font-family: Times New Roman, serif;\"> O&nbsp;uzdro\u00adwie\u00adnie w&nbsp;rodzi\u00adnie i&nbsp;dar pojednania<\/span><\/span><\/p>\n<p class=\"western\" align=\"justify\"><span style=\"font-size: 12pt;\"><span style=\"font-family: Times New Roman, serif;\"><b>8:45<\/b><\/span><span style=\"font-family: Times New Roman, serif;\"> + Ewa Bona i&nbsp;Grze\u00adgorz Galikowscy<\/span><\/span><\/p>\n<p class=\"western\" align=\"justify\"><span style=\"font-size: 12pt;\"><span style=\"font-family: Times New Roman, serif;\"><b>8:45<\/b><\/span><span style=\"font-family: Times New Roman, serif;\"> + Marian\u00adna Lepak \u2013 greg.&nbsp;15<\/span><\/span><\/p>\n<p class=\"western\" align=\"justify\"><span style=\"font-size: 12pt;\"><span style=\"font-family: Times New Roman, serif;\"><b>18:00 <\/b><\/span><span style=\"font-family: Times New Roman, serif;\">+ Zyg\u00admunt \u017burawka<\/span><\/span><\/p>\n<p class=\"western\" align=\"justify\"><span style=\"font-size: 12pt;\"><span style=\"font-family: Times New Roman, serif;\"><b>18:00 <\/b><\/span><span style=\"font-family: Times New Roman, serif;\">+ Kla\u00adra i&nbsp;Ber\u00adnard Pepli\u0144scy<\/span><\/span><\/p>\n<\/td>\n<\/tr>\n<tr>\n<td width=\"135\" height=\"128\">\n<p class=\"western\" align=\"center\"><span style=\"color: #002060; font-size: 12pt;\"><span style=\"font-family: Times New Roman, serif;\"><b>Sobo\u00adta<\/b><\/span><\/span><\/p>\n<p class=\"western\" align=\"center\"><span style=\"color: #002060; font-size: 12pt;\"><span style=\"font-family: Times New Roman, serif;\"><b>18.03.2023<\/b><\/span><\/span><\/p>\n<\/td>\n<td valign=\"top\" width=\"702\">\n<p class=\"western\" align=\"justify\"><span style=\"font-size: 12pt;\"><span style=\"font-family: Times New Roman, serif;\"><b>6:30 <\/b><\/span><span style=\"font-family: Times New Roman, serif;\">+ J\u00f3zef Liter\u00adski z&nbsp;oka\u00adzji imie\u00adnin, + z&nbsp;rodzi\u00adny Lom\u00adnitz, Liter\u00adskich i&nbsp;Ceynowa<\/span><\/span><\/p>\n<p class=\"western\" align=\"justify\"><span style=\"font-size: 12pt;\"><span style=\"font-family: Times New Roman, serif;\"><b>6:30<\/b><\/span><span style=\"font-family: Times New Roman, serif;\"> + Janusz Gin\u00adter z&nbsp;oka\u00adzji urodzin<\/span><\/span><\/p>\n<p class=\"western\" align=\"justify\"><span style=\"font-size: 12pt;\"><span style=\"font-family: Times New Roman, serif;\"><b>8:45<\/b><\/span><span style=\"font-family: Times New Roman, serif;\"> + J\u00f3zef Fry\u00admark z&nbsp;oka\u00adzji imie\u00adnin, rodzice<\/span><\/span><\/p>\n<p class=\"western\" align=\"justify\"><span style=\"font-size: 12pt;\"><span style=\"font-family: Times New Roman, serif;\"><b>8:45<\/b><\/span><span style=\"font-family: Times New Roman, serif;\"> + Cze\u00ads\u0142aw Klap\u00adczy\u0144\u00adski w&nbsp;3 r.&nbsp;\u015bm.<\/span><\/span><\/p>\n<p class=\"western\" align=\"justify\"><span style=\"font-size: 12pt;\"><span style=\"font-family: Times New Roman, serif;\"><b>8:45<\/b><\/span><span style=\"font-family: Times New Roman, serif;\"> + Ire\u00adna Ufnow\u00adska w&nbsp;3 r.&nbsp;\u015bm<\/span><\/span><\/p>\n<p class=\"western\" align=\"justify\"><span style=\"font-size: 12pt;\"><span style=\"font-family: Times New Roman, serif;\"><b>8:45<\/b><\/span><span style=\"font-family: Times New Roman, serif;\"> + Marian\u00adna Lepak \u2013 greg.&nbsp;16<\/span><\/span><\/p>\n<p class=\"western\" align=\"justify\"><span style=\"font-size: 12pt;\"><span style=\"font-family: Times New Roman, serif;\"><b>18:00 <\/b><\/span><span style=\"font-family: Times New Roman, serif;\">+ Hen\u00adryk Babi\u0144\u00adski z&nbsp;oka\u00adzji urodzin<\/span><\/span><\/p>\n<\/td>\n<\/tr>\n<tr>\n<td width=\"135\" height=\"203\">\n<p class=\"western\" align=\"center\"><span style=\"color: #ff0000; font-size: 12pt;\"><span style=\"font-family: Times New Roman, serif;\"><b>Nie\u00addzie\u00adla<\/b><\/span><\/span><\/p>\n<p class=\"western\" align=\"center\"><span style=\"color: #ff0000; font-size: 12pt;\"><span style=\"font-family: Times New Roman, serif;\"><b>19.03.2023<\/b><\/span><\/span><\/p>\n<\/td>\n<td valign=\"top\" width=\"702\">\n<p class=\"western\"><span style=\"font-size: 12pt;\"><span style=\"font-family: Times New Roman, serif;\"><b>6:30 <\/b><\/span><span style=\"font-family: Times New Roman, serif;\">+ Jadwi\u00adga, Wio\u00adle\u00adta, W\u0142a\u00addy\u00ads\u0142aw Papierowscy<\/span><\/span><\/p>\n<p class=\"western\"><span style=\"font-size: 12pt;\"><span style=\"font-family: Times New Roman, serif;\"><b>7:30 + <\/b><\/span><span style=\"font-family: Times New Roman, serif;\">Ele\u00adono\u00adra Min\u00addak w&nbsp;22 r. \u015bm., m\u0105\u017c&nbsp;Pawe\u0142<\/span><\/span><\/p>\n<p class=\"western\" align=\"justify\"><span style=\"font-size: 12pt;\"><span style=\"font-family: Times New Roman, serif;\"><b>8:45<\/b><\/span><span style=\"font-family: Times New Roman, serif;\"> W&nbsp;inten\u00adcji Parafii&nbsp;<\/span><\/span><\/p>\n<p class=\"western\" align=\"justify\"><span style=\"font-size: 12pt;\"><span style=\"font-family: Times New Roman, serif;\"><b>10:00<\/b><\/span><span style=\"font-family: Times New Roman, serif;\"> + Fran\u00adcisz\u00adka, Roza\u00adlia, J\u00f3zef Kiedrowscy<\/span><\/span><\/p>\n<p class=\"western\" align=\"justify\"><span style=\"font-size: 12pt;\"><span style=\"font-family: Times New Roman, serif;\"><b>11:00<\/b><\/span><span style=\"font-family: Times New Roman, serif;\"> + Leoka\u00addia i&nbsp;J\u00f3zef Bok oraz Jerzy Kazimierczak&nbsp;<\/span><\/span><\/p>\n<p class=\"western\" align=\"justify\"><span style=\"font-size: 12pt;\"><span style=\"font-family: Times New Roman, serif;\"><b>12:30<\/b><\/span><span style=\"font-family: Times New Roman, serif;\"> + Jadwi\u00adga Wies\u00adbaum, m\u0105\u017c Edward w&nbsp;3 r. \u015bm. i&nbsp;rodzi\u00adce z&nbsp;oboj\u00adga&nbsp;stron<\/span><\/span><\/p>\n<p class=\"western\" align=\"justify\"><span style=\"font-size: 12pt;\"><span style=\"font-family: Times New Roman, serif;\"><b>12:30<\/b><\/span><span style=\"font-family: Times New Roman, serif;\"> + Marian\u00adna Lepak \u2013 greg.&nbsp;17<\/span><\/span><\/p>\n<p class=\"western\" align=\"justify\"><span style=\"font-size: 12pt;\"><span style=\"font-family: Times New Roman, serif;\"><b>18:00 <\/b><\/span><span style=\"font-family: Times New Roman, serif;\">+ Bene\u00addykt Sto\u00adpa w&nbsp;5 r. \u015bm., \u017cona Maria, wnucz\u00adka Mag\u00adda\u00adle\u00adna&nbsp;Stopa<\/span><\/span><\/p>\n<\/td>\n<\/tr>\n<\/tbody>\n<\/table>\n<p class=\"western\">\n<\/p>","protected":false},"excerpt":{"rendered":"<p>Ponie\u00addzia\u00ad\u0142ek 13.03.2023 6:30 Za Ojczy\u00adzn\u0119 8:45 + Kry\u00adsty\u00adna Kar\u00adkosz\u00adka w&nbsp;1&nbsp;r. \u015bm., Aldo\u00adna \u017buraw\u00adka w&nbsp;2&nbsp;r.&nbsp;\u015bm. 8:45 + Marian\u00adna Lepak \u2013 greg.&nbsp;11 18:00 + Ire\u00adna Jani\u00adkow\u00adska w&nbsp;1&nbsp;r.&nbsp;\u015bm. 18:00 + Ryszard Ossow\u00adski w&nbsp;1&nbsp;r.&nbsp;\u015bm. Wto\u00adrek 14.03.2023 6:30 + Bene\u00addykt, Mar\u00adta \u2026 <a href=\"https:\/\/www.parafia-czersk.pl\/?p=1128\">Czy\u00adtaj dalej <span class=\"meta-nav\">\u2192<\/span><\/a><\/p>\n","protected":false},"author":1,"featured_media":0,"comment_status":"closed","ping_status":"open","sticky":false,"template":"","format":"standard","meta":{"pagelayer_contact_templates":[],"_pagelayer_content":"","wp_typography_post_enhancements_disabled":false,"footnotes":""},"categories":[2],"tags":[],"class_list":["post-1128","post","type-post","status-publish","format-standard","hentry","category-intencje"],"aioseo_notices":[],"_links":{"self":[{"href":"https:\/\/www.parafia-czersk.pl\/index.php?rest_route=\/wp\/v2\/posts\/1128","targetHints":{"allow":["GET"]}}],"collection":[{"href":"https:\/\/www.parafia-czersk.pl\/index.php?rest_route=\/wp\/v2\/posts"}],"about":[{"href":"https:\/\/www.parafia-czersk.pl\/index.php?rest_route=\/wp\/v2\/types\/post"}],"author":[{"embeddable":true,"href":"https:\/\/www.parafia-czersk.pl\/index.php?rest_route=\/wp\/v2\/users\/1"}],"replies":[{"embeddable":true,"href":"https:\/\/www.parafia-czersk.pl\/index.php?rest_route=%2Fwp%2Fv2%2Fcomments&post=1128"}],"version-history":[{"count":1,"href":"https:\/\/www.parafia-czersk.pl\/index.php?rest_route=\/wp\/v2\/posts\/1128\/revisions"}],"predecessor-version":[{"id":1129,"href":"https:\/\/www.parafia-czersk.pl\/index.php?rest_route=\/wp\/v2\/posts\/1128\/revisions\/1129"}],"wp:attachment":[{"href":"https:\/\/www.parafia-czersk.pl\/index.php?rest_route=%2Fwp%2Fv2%2Fmedia&parent=1128"}],"wp:term":[{"taxonomy":"category","embeddable":true,"href":"https:\/\/www.parafia-czersk.pl\/index.php?rest_route=%2Fwp%2Fv2%2Fcategories&post=1128"},{"taxonomy":"post_tag","embeddable":true,"href":"https:\/\/www.parafia-czersk.pl\/index.php?rest_route=%2Fwp%2Fv2%2Ftags&post=1128"}],"curies":[{"name":"wp","href":"https:\/\/api.w.org\/{rel}","templated":true}]}}