{"id":1814,"date":"2024-11-23T22:26:04","date_gmt":"2024-11-23T22:26:04","guid":{"rendered":"https:\/\/www.parafia-czersk.pl\/?p=1814"},"modified":"2024-11-23T22:26:04","modified_gmt":"2024-11-23T22:26:04","slug":"uroczystosc-jezusa-chrystusa-krola-wszechswiata-24-listopada-2024-r","status":"publish","type":"post","link":"https:\/\/www.parafia-czersk.pl\/?p=1814","title":{"rendered":"UROCZYSTO\u015a\u0106 JEZUSA CHRYSTUSA KR\u00d3LA WSZECH\u015aWIATA  24 listopada 2024&nbsp;r."},"content":{"rendered":"<ol>\n<li value=\"1\">\n<p class=\"western\" style=\"text-align: justify;\"><span style=\"color: #000000;\"><span style=\"font-family: Bookman Old Style, serif;\"><span style=\"font-size: medium;\">Dzi\u00adsiej\u00adsza Uro\u00adczy\u00adsto\u015b\u0107 Jezu\u00adsa Chry\u00adstu\u00adsa Kr\u00f3\u00adla Wszech\u00ad\u015bwia\u00adta jest ostat\u00adni\u0105 nie\u00addzie\u00adl\u0105 roku ko\u015bciel\u00adne\u00adgo, a&nbsp;jed\u00adno\u00adcze\u00ad\u015bnie \u015bwi\u0119\u00adtem sto\u00adwa\u00adrzy\u00adsze\u0144 kato\u00adlic\u00adkich<\/span><\/span><\/span><span style=\"font-family: Bookman Old Style, serif;\"><span style=\"font-size: medium;\"> W<\/span><\/span><span style=\"color: #000000;\"><span style=\"font-family: Bookman Old Style, serif;\"><span style=\"font-size: medium;\">. <\/span><\/span><\/span><span style=\"font-family: Bookman Old Style, serif;\"><span style=\"font-size: medium;\">naszej para\u00adfii obcho\u00addzi\u00admy III Deka\u00adnal\u00adne Spo\u00adtka\u00adnie M\u0142o\u00addzie\u00ad\u017cy. Z&nbsp;tej oka\u00adzji m\u0142o\u00addzie\u017c zapra\u00adsza\u00admy na Msz\u0119 \u015bw. o&nbsp;godz. 12.30.<\/span><\/span><span style=\"color: #000000;\"><span style=\"font-family: Bookman Old Style, serif;\"><span style=\"font-size: medium;\"> Po Mszy \u015bw. odb\u0119\u00addzie si\u0119 gra tere\u00adno\u00adwa, nast\u0119p\u00adnie pocz\u0119\u00adstu\u00adnek w&nbsp;sal\u00adce para\u00adfial\u00adnej, a&nbsp;o 15.00 ado\u00adra\u00adcja Naj\u015bw. Sakra\u00admen\u00adtu i&nbsp;spo\u00adtka\u00adnie ze \u015bwiad\u00adkiem&nbsp;wiary.&nbsp;<\/span><\/span><\/span><\/p>\n<\/li>\n<li style=\"text-align: justify;\">\n<p class=\"western\"><a name=\"_GoBack\"><\/a> <span style=\"font-family: Bookman Old Style, serif;\"><span style=\"font-size: medium;\">W&nbsp;przy\u00adsz\u0142\u0105 nie\u00addzie\u00adl\u0119 roz\u00adpo\u00adczy\u00adna\u00admy adwent, czy\u00adli czas rado\u00adsne\u00adgo ocze\u00adki\u00adwa\u00adnia na przyj\u00ad\u015bcie Chry\u00adstu\u00adsa. Po Mszy \u015bw. o&nbsp;godz. 8.45 spo\u00adtka\u00adnie \u017bywe\u00adgo R\u00f3\u017ca\u0144\u00adca, po\u0142\u0105\u00adczo\u00adne z&nbsp;op\u0142at\u00adkiem, a&nbsp;po Mszy \u015bw. o&nbsp;godz. 11.00 zapra\u00adsza\u00admy na spo\u00adtka\u00adnie rodzi\u00adc\u00f3w dzie\u00adci, kt\u00f3\u00adre w&nbsp;przy\u00adsz\u0142ym roku przy\u00adst\u0105\u00adpi\u0105 do I. Komu\u00adnii \u015bw. Adwent tra\u00addy\u00adcyj\u00adnie roz\u00adpo\u00adczy\u00adna\u00admy reko\u00adlek\u00adcja\u00admi, kt\u00f3\u00adre wyg\u0142o\u00adsi <\/span><\/span><span style=\"font-family: Bookman Old Style, serif;\"><span style=\"font-size: medium;\"><b>redemp\u00adto\u00adry\u00adsta, ojciec Hen\u00adryk Kowal\u00adski z&nbsp;War\u00adsza\u00adwy<\/b><\/span><\/span><span style=\"font-family: Bookman Old Style, serif;\"><span style=\"font-size: medium;\">. Udzia\u0142 w&nbsp;reko\u00adlek\u00adcjach ma nas ducho\u00adwo przy\u00adgo\u00adto\u00adwa\u0107 na \u015awi\u0119\u00adta Bo\u017ce\u00adgo Naro\u00addze\u00adnia. Pocz\u0105\u00adtek reko\u00adlek\u00adcji w&nbsp;naj\u00adbli\u017c\u00adsz\u0105 sobo\u00adt\u0119 na Mszy \u015bw. o&nbsp;godz. 18.00.<\/span><\/span><\/p>\n<\/li>\n<li style=\"text-align: justify;\">\n<p align=\"justify\"><span style=\"color: #000000;\"><span style=\"font-family: Bookman Old Style, serif;\"><span style=\"font-size: medium;\">W \u015bro\u00add\u0119 od godz. 20.00 do 21.00 i&nbsp;w sobo\u00adt\u0119 od godz. 7.00 do 8.45 zach\u0119\u00adca\u00admy do ado\u00adra\u00adcji Naj\u00ad\u015bwi\u0119t\u00adsze\u00adgo Sakramentu.<\/span><\/span><\/span><\/p>\n<\/li>\n<li style=\"text-align: justify;\">\n<p class=\"western\"><span style=\"font-family: Bookman Old Style, serif;\"><span style=\"font-size: medium;\">Rycer\u00adstwo Nie\u00adpo\u00adka\u00adla\u00adnej zapra\u00adsza na Godzin\u00adki o&nbsp;NPNMP w&nbsp;ramach Nowen\u00adny, kt\u00f3\u00adra poprze\u00addza Uro\u00adczy\u00adsto\u015b\u0107 Nie\u00adpo\u00adka\u00adla\u00adne\u00adgo Pocz\u0119\u00adcia NMP. Na nabo\u00ad\u017ce\u0144\u00adstwo zapra\u00adsza\u00admy od 29 listo\u00adpa\u00adda (pi\u0105\u00adtek) o&nbsp;<\/span><\/span><span style=\"font-family: Bookman Old Style, serif;\"><span style=\"font-size: medium;\">godz. 8.15.<\/span><\/span><\/p>\n<\/li>\n<li style=\"text-align: justify;\">\n<p class=\"western\"><span style=\"font-family: Bookman Old Style, serif;\"><span style=\"font-size: medium;\">Cho\u00adrych<\/span><\/span><span style=\"font-family: Bookman Old Style, serif;\"><span style=\"font-size: medium;\"> z&nbsp;pos\u0142u\u00adg\u0105 sakra\u00admen\u00adtal\u00adn\u0105 ksi\u0119\u00ad\u017ca odwie\u00addz\u0105 w&nbsp;nast\u0119p\u00adn\u0105 sobo\u00adt\u0119, 7&nbsp;grud\u00adnia. Jest to jed\u00adno\u00adcze\u00ad\u015bnie spo\u00adwied\u017a przed\u00ad\u015bwi\u0105\u00adtecz\u00adna. Cho\u00adrych mo\u017c\u00adna zg\u0142a\u00adsza\u0107 w&nbsp;biu\u00adrze para\u00adfial\u00adnym lub u&nbsp;ks. wikariuszy.&nbsp;<\/span><\/span><\/p>\n<\/li>\n<li style=\"text-align: justify;\"><span style=\"font-family: Bookman Old Style, serif;\"><span style=\"font-size: medium;\">Trwa okres roz\u00adpro\u00adwa\u00addza\u00adnia op\u0142at\u00adk\u00f3w. Infor\u00admu\u00adje\u00admy, \u017ce po\u015bwi\u0119\u00adco\u00adne op\u0142at\u00adki na st\u00f3\u0142 wigi\u00adlij\u00adny w&nbsp;naszej para\u00adfii roz\u00adpro\u00adwa\u00addza wy\u0142\u0105cz\u00adnie zakry\u00adstia\u00adnin p. Rafa\u0142 Gali\u00adkow\u00adski, kt\u00f3\u00adry nie pos\u0142u\u00adgu\u00adje si\u0119 \u017cad\u00adny\u00admi pomoc\u00adni\u00adka\u00admi. B\u0119dzie mo\u017c\u00adna naby\u0107 r\u00f3w\u00adnie\u017c \u015bwie\u00adce wigi\u00adlij\u00adnej pomo\u00adcy dzie\u00adciom w&nbsp;cenie: 23 z\u0142 \u2013 du\u017ce i&nbsp;10 z\u0142 \u2013 ma\u0142e \u015bwiece.<\/span><\/span><\/li>\n<li style=\"text-align: justify;\"><span style=\"font-family: Bookman Old Style, serif;\"><span style=\"font-size: medium;\">Przy wyj\u00ad\u015bciu z&nbsp;ko\u015bcio\u00ad\u0142a i&nbsp;w zakry\u00adstii do naby\u00adcia nowy nr \u201ePiel\u00adgrzy\u00adma\u201d. Zach\u0119\u00adca\u00admy te\u017c do zabie\u00adra\u00adnia ze sob\u0105 naszej gazet\u00adki \u201eListy od MM\u201d. Od przy\u00adsz\u0142ej nie\u00addzie\u00adli \u015bwie\u00adce wigi\u00adlij\u00adnej pomo\u00adcy b\u0119dzie\u00admy roz\u00adpro\u00adwa\u00addza\u0107 przed ko\u015bcio\u0142em.<\/span><\/span><\/li>\n<li style=\"text-align: justify;\"><span style=\"font-family: Bookman Old Style, serif;\"><span style=\"font-size: medium;\">A dzi\u00adsiaj przed ko\u015bcio\u00ad\u0142em u&nbsp;m\u0142o\u00addzie\u00ad\u017cy z&nbsp;KSM\u2011u mo\u017c\u00adna naby\u0107 ciast\u00adka i&nbsp;roga\u00adli\u00adki. W&nbsp;ten spo\u00ads\u00f3b mo\u017c\u00adna wspo\u00adm\u00f3c pla\u00adno\u00adwa\u00adn\u0105 na przy\u00adsz\u0142y rok piel\u00adgrzym\u00adk\u0119 m\u0142o\u00addzie\u00ad\u017cy do&nbsp;Rzymu.<\/span><\/span><\/li>\n<li style=\"text-align: justify;\"><span style=\"font-family: Bookman Old Style, serif;\"><span style=\"font-size: medium;\">Msze \u015bw. w&nbsp;tym tygodniu:<\/span><\/span><\/li>\n<\/ol>\n<ul>\n<li style=\"list-style-type: none;\">\n<ul style=\"text-align: justify;\">\n<li><span style=\"color: #000000;\"><span style=\"font-family: Bookman Old Style, serif;\"><span style=\"font-size: medium;\"><b>w 30. dzie\u0144 po pogrze\u00adbie\u2009\u2014\u2009<\/b><\/span><\/span><\/span><span style=\"color: #000000;\"><span style=\"font-family: Bookman Old Style, serif;\"><span style=\"font-size: medium;\">za&nbsp;\u015bp.<\/span><\/span><\/span><b> <\/b><span style=\"color: #000000;\"><span style=\"font-family: Bookman Old Style, serif;\"><span style=\"font-size: medium;\">Andrze\u00adja Ufnow\u00adskie\u00adgo w&nbsp;ponie\u00addzia\u00ad\u0142ek o&nbsp;godz. 18.00<\/span><\/span><\/span><\/li>\n<li><span style=\"color: #000000;\"><span style=\"font-family: Bookman Old Style, serif;\"><span style=\"font-size: medium;\"><b>w I&nbsp;r. \u015bmier\u00adci \u2013 <\/b><\/span><\/span><\/span><span style=\"color: #000000;\"><span style=\"font-family: Bookman Old Style, serif;\"><span style=\"font-size: medium;\">za<\/span><\/span><\/span><b> <\/b><span style=\"color: #000000;\"><span style=\"font-family: Bookman Old Style, serif;\"><span style=\"font-size: medium;\">\u015bp. Ste\u00adfa\u00adni\u0119 K\u0142ak we wto\u00adrek o&nbsp;godz. 18.00, za \u015bp. Tere\u00ads\u0119 Wicza\u00adnow\u00adsk\u0105 w&nbsp;czwar\u00adtek o&nbsp;godz. 18.00, za \u015bp. Feli\u00adcj\u0119 Rzep\u00adczy\u0144\u00adsk\u0105 oraz \u015bp. Tere\u00ads\u0119 Remisz w&nbsp;pi\u0105\u00adtek o&nbsp;godz. 18.00<\/span><\/span><\/span><\/li>\n<li><span style=\"color: #000000;\"><span style=\"font-family: Bookman Old Style, serif;\"><span style=\"font-size: medium;\">w inten\u00adcji dusz w&nbsp;czy\u015b\u0107\u00adcu cier\u00adpi\u0105\u00adcych od Apo\u00adstol\u00adstwa Pomo\u00adcy Duszom Czy\u015b\u0107\u00adco\u00adwym <\/span><\/span><\/span><span style=\"color: #000000;\"><span style=\"font-family: Bookman Old Style, serif;\"><span style=\"font-size: medium;\">w&nbsp;ponie\u00addzia\u00ad\u0142ek o&nbsp;godz. 8.45<\/span><\/span><\/span><\/li>\n<li><span style=\"color: #000000;\"><span style=\"font-family: Bookman Old Style, serif;\"><span style=\"font-size: medium;\">w inten\u00adcji \u017bywe\u00adgo R\u00f3\u017ca\u0144\u00adca<\/span><\/span><\/span><span style=\"color: #000000;\"><span style=\"font-family: Bookman Old Style, serif;\"><span style=\"font-size: medium;\"> w&nbsp;nie\u00addzie\u00adl\u0119 o&nbsp;godz. 8.45<\/span><\/span><\/span><\/li>\n<\/ul>\n<\/li>\n<\/ul>\n<p class=\"western\" style=\"text-align: justify;\" align=\"justify\"><span style=\"color: #000000;\"><span style=\"font-family: Bookman Old Style, serif;\"><span style=\"font-size: medium;\"><b>W tym tygo\u00addniu ode\u00adszli do wieczno\u015bci:<\/b><\/span><\/span><\/span><\/p>\n<ul>\n<li style=\"list-style-type: none;\">\n<ul style=\"text-align: justify;\">\n<li>\n<p align=\"justify\"><span style=\"color: #000000;\"><span style=\"font-family: Bookman Old Style, serif;\"><span style=\"font-size: medium;\">Kazi\u00admierz Basza\u00adnow\u00adski (l. 74) z&nbsp;ul. Piaskowej<\/span><\/span><\/span><\/p>\n<\/li>\n<li>\n<p align=\"justify\"><span style=\"color: #000000;\"><span style=\"font-family: Bookman Old Style, serif;\"><span style=\"font-size: medium;\">Ery\u00adka Imia\u00adnow\u00adska (l. 83) z&nbsp;ul. Dwor\u00adco\u00adwej, jej pogrzeb we wto\u00adrek o&nbsp;godz. 10.45<\/span><\/span><\/span><\/p>\n<\/li>\n<li>\n<p align=\"justify\"><span style=\"color: #000000;\"><span style=\"font-family: Bookman Old Style, serif;\"><span style=\"font-size: medium;\">Gerard Szo\u00adpin\u00adski (l. 88) z&nbsp;ul. Dwor\u00adco\u00adwej, jego pogrzeb w&nbsp;czwar\u00adtek o&nbsp;godz. 10.00<\/span><\/span><\/span><\/p>\n<\/li>\n<\/ul>\n<\/li>\n<\/ul>\n<p class=\"western\" style=\"text-align: justify;\" align=\"justify\"><span style=\"color: #000000;\"><span style=\"font-family: Bookman Old Style, serif;\"><span style=\"font-size: medium;\"><i>Wiecz\u00adny odpo\u00adczy\u00adnek racz im da\u0107&nbsp;Panie<\/i><\/span><\/span><\/span><\/p>\n","protected":false},"excerpt":{"rendered":"<p>Dzi\u00adsiej\u00adsza Uro\u00adczy\u00adsto\u015b\u0107 Jezu\u00adsa Chry\u00adstu\u00adsa Kr\u00f3\u00adla Wszech\u00ad\u015bwia\u00adta jest ostat\u00adni\u0105 nie\u00addzie\u00adl\u0105 roku ko\u015bciel\u00adne\u00adgo, a&nbsp;jed\u00adno\u00adcze\u00ad\u015bnie \u015bwi\u0119\u00adtem sto\u00adwa\u00adrzy\u00adsze\u0144 kato\u00adlic\u00adkich W. naszej para\u00adfii obcho\u00addzi\u00admy III Deka\u00adnal\u00adne Spo\u00adtka\u00adnie M\u0142o\u00addzie\u00ad\u017cy. Z&nbsp;tej oka\u00adzji m\u0142o\u00addzie\u017c zapra\u00adsza\u00admy na Msz\u0119 \u015bw. o&nbsp;godz. 12.30. Po Mszy \u015bw. odb\u0119\u00addzie si\u0119 gra tere\u00adno\u00adwa, nast\u0119p\u00adnie \u2026 <a href=\"https:\/\/www.parafia-czersk.pl\/?p=1814\">Czy\u00adtaj dalej <span class=\"meta-nav\">\u2192<\/span><\/a><\/p>\n","protected":false},"author":1,"featured_media":0,"comment_status":"closed","ping_status":"open","sticky":false,"template":"","format":"standard","meta":{"pagelayer_contact_templates":[],"_pagelayer_content":"","wp_typography_post_enhancements_disabled":false,"footnotes":""},"categories":[3],"tags":[],"class_list":["post-1814","post","type-post","status-publish","format-standard","hentry","category-ogloszenia"],"aioseo_notices":[],"_links":{"self":[{"href":"https:\/\/www.parafia-czersk.pl\/index.php?rest_route=\/wp\/v2\/posts\/1814","targetHints":{"allow":["GET"]}}],"collection":[{"href":"https:\/\/www.parafia-czersk.pl\/index.php?rest_route=\/wp\/v2\/posts"}],"about":[{"href":"https:\/\/www.parafia-czersk.pl\/index.php?rest_route=\/wp\/v2\/types\/post"}],"author":[{"embeddable":true,"href":"https:\/\/www.parafia-czersk.pl\/index.php?rest_route=\/wp\/v2\/users\/1"}],"replies":[{"embeddable":true,"href":"https:\/\/www.parafia-czersk.pl\/index.php?rest_route=%2Fwp%2Fv2%2Fcomments&post=1814"}],"version-history":[{"count":1,"href":"https:\/\/www.parafia-czersk.pl\/index.php?rest_route=\/wp\/v2\/posts\/1814\/revisions"}],"predecessor-version":[{"id":1815,"href":"https:\/\/www.parafia-czersk.pl\/index.php?rest_route=\/wp\/v2\/posts\/1814\/revisions\/1815"}],"wp:attachment":[{"href":"https:\/\/www.parafia-czersk.pl\/index.php?rest_route=%2Fwp%2Fv2%2Fmedia&parent=1814"}],"wp:term":[{"taxonomy":"category","embeddable":true,"href":"https:\/\/www.parafia-czersk.pl\/index.php?rest_route=%2Fwp%2Fv2%2Fcategories&post=1814"},{"taxonomy":"post_tag","embeddable":true,"href":"https:\/\/www.parafia-czersk.pl\/index.php?rest_route=%2Fwp%2Fv2%2Ftags&post=1814"}],"curies":[{"name":"wp","href":"https:\/\/api.w.org\/{rel}","templated":true}]}}