{"id":2029,"date":"2025-06-04T19:58:54","date_gmt":"2025-06-04T19:58:54","guid":{"rendered":"https:\/\/www.parafia-czersk.pl\/?p=2029"},"modified":"2025-06-04T19:59:19","modified_gmt":"2025-06-04T19:59:19","slug":"ogloszenia-wniebowstapienie-panskie-czerwca-2025-r","status":"publish","type":"post","link":"https:\/\/www.parafia-czersk.pl\/?p=2029","title":{"rendered":"OG\u0141OSZENIA WNIEBOWSTAPIENIE PA\u0143SKIE  czerwca 2025&nbsp;r."},"content":{"rendered":"<ol>\n<li>\n<p align=\"justify\"><span style=\"font-family: Bookman Old Style, serif;\"><span style=\"font-size: medium;\">W dniu wczo\u00adraj\u00adszym uda\u00ad\u0142a si\u0119 do Wie\u00adla piel\u00adgrzym\u00adka z&nbsp;naszej para\u00adfii, kt\u00f3\u00adra wra\u00adca dzi\u00adsiaj ok. godz. 19.00. Bar\u00addzo pro\u00adsi\u00admy, aby ser\u00addecz\u00adnie przy\u00adwi\u00adta\u0107 naszych piel\u00adgrzy\u00adm\u00f3w, czy to na uli\u00adcach, czy to w&nbsp;ko\u015bcie\u00adle. Dzi\u0119\u00adku\u00adje\u00admy wszyst\u00adkim za pomoc w&nbsp;orga\u00adni\u00adza\u00adcji piel\u00adgrzym\u00adki i&nbsp;wsp\u00f3l\u00adn\u0105 modlitw\u0119.&nbsp;<\/span><\/span><\/p>\n<\/li>\n<li>\n<p align=\"justify\"><span style=\"font-family: Bookman Old Style, serif;\"><span style=\"font-size: medium;\">Dzi\u00adsiaj po Mszy \u015bwi\u0119\u00adtej o&nbsp;godz. 8.45 odb\u0119\u00addzie si\u0119 spo\u00adtka\u00adnie \u017bywe\u00adgo R\u00f3\u017ca\u0144\u00adca, a&nbsp;po Mszy o&nbsp;11.00 spo\u00adtka\u00adnie dla rodzi\u00adc\u00f3w dzie\u00adci kt\u00f3\u00adre ju\u017c za dwa tygo\u00addnie przy\u00adst\u0105\u00adpi\u0105 do pierw\u00adszej Komu\u00adnii \u015awi\u0119tej.<\/span><\/span><\/p>\n<\/li>\n<li>\n<p align=\"justify\"><span style=\"font-family: Bookman Old Style, serif;\"><span style=\"font-size: medium;\">R\u00f3w\u00adnie\u017c dzi\u00adsiaj obcho\u00addzi\u00admy Dzie\u0144 Dziec\u00adka, w&nbsp;zwi\u0105z\u00adku z&nbsp;tym wszyst\u00adkim dzie\u00adciom \u017cyczy\u00admy pi\u0119k\u00adne\u00adgo dzie\u00adci\u0144\u00adstwa. Nie zapo\u00admnij\u00admy, \u017ce dzi\u00adsiaj te\u017c wybie\u00adra\u00admy pre\u00adzy\u00adden\u00adta RP. Pami\u0119\u00adtaj\u00admy o&nbsp;tym pi\u0119k\u00adnym przy\u00adwi\u00adle\u00adju, aby inni nie doko\u00adna\u00adli wybo\u00adru g\u0142o\u00adwy pa\u0144\u00adstwa za&nbsp;nas.&nbsp;<\/span><\/span><\/p>\n<\/li>\n<li>\n<p align=\"justify\"><span style=\"font-family: Bookman Old Style, serif;\"><span style=\"font-size: medium;\">Roz\u00adpo\u00adczy\u00adna si\u0119 czer\u00adwiec, a&nbsp;wi\u0119c zapra\u00adsza\u00admy na nabo\u00ad\u017ce\u0144\u00adstwa do Naj\u00ad\u015bwi\u0119t\u00adsze\u00adgo Ser\u00adca Pana Jezu\u00adsa codzien\u00adnie po wie\u00adczor\u00adnej Mszy&nbsp;\u015bw.<\/span><\/span><\/p>\n<\/li>\n<li>\n<p align=\"justify\"><span style=\"font-family: Bookman Old Style, serif;\"><span style=\"font-size: medium;\">W tym tygo\u00addniu przy\u00adpa\u00adda pierw\u00adszy czwar\u00adtek i&nbsp;pi\u0105\u00adtek i&nbsp;sobo\u00adta mie\u00adsi\u0105\u00adca. Ado\u00adra\u00adcja Naj\u00ad\u015bwi\u0119t\u00adsze\u00adgo Sakra\u00admen\u00adtu \u2013 od godz. 7.00 do 8.45. Dodat\u00adko\u00adwo Naj\u00ad\u015bwi\u0119t\u00adszy Sakra\u00adment b\u0119dzie wysta\u00adwio\u00adny w&nbsp;\u015bro\u00add\u0119 od godz. 20.00 do 21.00, w&nbsp;czwar\u00adtek po wie\u00adczor\u00adnej Mszy \u015bw. oraz w&nbsp;pi\u0105\u00adtek od godz. 15.00 do 18.00. Spo\u00adwied\u017a \u015bw. w&nbsp;pi\u0105\u00adtek od godz. 15:00. Msza \u015bw. o&nbsp;godz. 16:20, a&nbsp;w Krzy\u00ad\u017cu o&nbsp;godz. 17:00<\/span><\/span><\/p>\n<\/li>\n<li>\n<p align=\"justify\"><span style=\"font-family: Bookman Old Style, serif;\"><span style=\"font-size: medium;\">W sobo\u00adt\u0119 o&nbsp;godz. 7.45 roz\u00adpocz\u00adnie si\u0119 nabo\u00ad\u017ce\u0144\u00adstwo pierw\u00adszych sob\u00f3t mie\u00adsi\u0105\u00adca, na kt\u00f3\u00adre ser\u00addecz\u00adnie zapra\u00adsza\u00admy. Ksi\u0105dz Piotr i&nbsp;Mate\u00adusz odwie\u00addz\u0105 cho\u00adrych z&nbsp;pos\u0142u\u00adg\u0105 sakra\u00admen\u00adtal\u00adn\u0105. Ksi\u0105dz Pawe\u0142 odwie\u00addzi cho\u00adrych w&nbsp;sobo\u00adt\u0119, 14 czerwca.<\/span><\/span><\/p>\n<\/li>\n<li>\n<p align=\"justify\"><span style=\"color: #000000;\"><span style=\"font-family: Bookman Old Style, serif;\"><span style=\"font-size: medium;\">Wszyst\u00adkie wsp\u00f3l\u00adno\u00adty naszej para\u00adfii zapra\u00adsza\u00adj\u0105 do udzia\u00ad\u0142u w&nbsp;Dro\u00addze \u015awia\u00adt\u0142a, kt\u00f3\u00adra odb\u0119\u00addzie si\u0119 w&nbsp;Wigi\u00adli\u0119 Zes\u0142a\u00adnia Ducha \u015awi\u0119\u00adte\u00adgo, czy\u00adli w&nbsp;naj\u00adbli\u017c\u00adsz\u0105 sobo\u00adt\u0119. Po Mszy \u015bw. o&nbsp;godz. 18.00 pro\u00adce\u00adsja wyru\u00adszy do Par\u00adku Boro\u00adwiac\u00adkie\u00adgo, gdzie Wsp\u00f3l\u00adno\u00adty popro\u00adwa\u00addz\u0105 roz\u00adwa\u00ad\u017ca\u00adnie 14 sta\u00adcji Dro\u00adgi \u015awia\u00adt\u0142a, po kt\u00f3\u00adrych uczest\u00adni\u00adcy powr\u00f3\u00adc\u0105 do ko\u015bcio\u00ad\u0142a na krot\u00adk\u0105 ado\u00adra\u00adcj\u0119 i&nbsp;modli\u00adtw\u0119 o&nbsp;Ducha \u015awi\u0119\u00adte\u00adgo dla naszej parafii.<\/span><\/span><\/span><\/p>\n<\/li>\n<li>\n<p align=\"justify\"><span style=\"font-family: Bookman Old Style, serif;\"><span style=\"font-size: medium;\">W przy\u00adsz\u0142\u0105 nie\u00addzie\u00adl\u0119 obcho\u00addzi\u00admy Uro\u00adczy\u00adsto\u015b\u0107 Zes\u0142a\u00adnia Ducha \u015awi\u0119\u00adte\u00adgo. Wsp\u00f3l\u00adno\u00adty naszej para\u00adfii b\u0119d\u0105 pos\u0142u\u00adgi\u00adwa\u00ad\u0142y w&nbsp;litur\u00adgii s\u0142o\u00adwa na wszyst\u00adkich Mszach \u015bw. Na Mszy \u015bwi\u0119\u00adtej o&nbsp;godz. 12.30 udzie\u00adli\u00admy sakra\u00admen\u00adtu Chrztu \u015awi\u0119\u00adte\u00adgo. Spo\u00adtka\u00adnie przed chrztem dla rodzi\u00adc\u00f3w i&nbsp;chrzest\u00adnych w&nbsp;sobo\u00adt\u0119 o&nbsp;godz.19.00 w&nbsp;sal\u00adce para\u00adfial\u00adnej. Zgod\u00adnie z&nbsp;wcze\u00ad\u015bniej\u00adsz\u0105 zapo\u00adwie\u00addzi\u0105, kolek\u00adta przy\u00adsz\u0142ej nie\u00addzie\u00adli jest prze\u00adzna\u00adczo\u00adna na nowe obi\u00adcia \u0142awek w&nbsp;naszym ko\u015bcie\u00adle, kt\u00f3\u00adrych koszt wynie\u00adsie ok. 20 tys. z\u0142. Bar\u00addzo pro\u00adsi\u00admy o&nbsp;ofiar\u00adno\u015b\u0107 na ten&nbsp;cel.<\/span><\/span><\/p>\n<\/li>\n<li>\n<p align=\"justify\"><span style=\"color: #000000;\"><span style=\"font-family: Bookman Old Style, serif;\"><span style=\"font-size: medium;\">Jutro, tj. 2&nbsp;czerw\u00adca, zapra\u00adsza\u00admy na Msz\u0119 \u015bw. w&nbsp;inten\u00adcji rodzi\u00adc\u00f3w, kt\u00f3\u00adrzy do\u015bwiad\u00adczy\u00adli stra\u00adty dziec\u00adka, potem spo\u00adtka\u00adnie w&nbsp;salce.<\/span><\/span><\/span><\/p>\n<\/li>\n<li>\n<p align=\"justify\"><span style=\"color: #000000;\"><span style=\"font-family: Bookman Old Style, serif;\"><span style=\"font-size: medium;\">W ostat\u00adnim cza\u00adsie wie\u00adle os\u00f3b nawie\u00addza\u00adj\u0105\u00adcych nasz cmen\u00adtarz zapo\u00admnia\u00ad\u0142o o&nbsp;obo\u00adwi\u0105z\u00adku segre\u00adga\u00adcji \u015bmie\u00adci. Pami\u0119\u00adtaj\u00admy, \u017ce ka\u017c\u00addy pojem\u00adnik ma swo\u00adje prze\u00adzna\u00adcze\u00adnie, tak jak w&nbsp;gospo\u00addar\u00adstwach domo\u00adwych. Pro\u00adsi\u00admy o&nbsp;sto\u00adso\u00adwa\u00adnie si\u0119 do og\u00f3l\u00adnie obo\u00adwi\u0105\u00adzu\u00adj\u0105\u00adcych prze\u00adpi\u00ads\u00f3w, zwra\u00adcaj\u00admy te\u017c uwa\u00adg\u0119 tym, kt\u00f3\u00adrzy w&nbsp;spo\u00ads\u00f3b nie\u00adod\u00adpo\u00adwied\u00adni trak\u00adtu\u00adj\u0105 miej\u00adsce spo\u00adczyn\u00adku naszych bliskich.<\/span><\/span><\/span><\/p>\n<\/li>\n<li>\n<p align=\"justify\"><span style=\"font-family: Bookman Old Style, serif;\"><span style=\"font-size: medium;\">W imie\u00adniu Gmin\u00adne\u00adgo Cen\u00adtrum Kul\u00adtu\u00adry zapra\u00adsza\u00admy dzi\u00adsiaj do Paku Boro\u00adwiac\u00adkie\u00adgo na Rodzin\u00adny Pik\u00adnik. Roz\u00adpo\u00adcz\u0119\u00adcie o&nbsp;15.00. W&nbsp;pro\u00adgra\u00admie wyst\u0119\u00adpy arty\u00adstycz\u00adne oraz kon\u00adku\u00adren\u00adcje i&nbsp;atrak\u00adcje dla dzie\u00adci i&nbsp;rodzin.<\/span><\/span><\/p>\n<\/li>\n<\/ol>\n<p class=\"western\"><span style=\"font-family: Bookman Old Style, serif;\"><span style=\"font-size: medium;\"><b>Msze \u015bw. w&nbsp;tym tygodniu:<\/b><\/span><\/span><\/p>\n<ul>\n<li><span style=\"color: #000000;\"><span style=\"font-family: Bookman Old Style, serif;\"><span style=\"font-size: medium;\">w <\/span><\/span><\/span><span style=\"color: #000000;\"><span style=\"font-family: Bookman Old Style, serif;\"><span style=\"font-size: medium;\"><b>30. dzie\u0144 po pogrze\u00adbie <\/b><\/span><\/span><\/span><span style=\"color: #000000;\"><span style=\"font-family: Bookman Old Style, serif;\"><span style=\"font-size: medium;\">za \u015bp. Ber\u00adnar\u00adda Ban\u00adnach we wto\u00adrek o&nbsp;godz. 18.00<\/span><\/span><\/span><\/li>\n<li><span style=\"color: #000000;\"><span style=\"font-family: Bookman Old Style, serif;\"><span style=\"font-size: medium;\">w <\/span><\/span><\/span><span style=\"color: #000000;\"><span style=\"font-family: Bookman Old Style, serif;\"><span style=\"font-size: medium;\"><b>1. rocz\u00adni\u00adc\u0119 \u015bmier\u00adci<\/b><\/span><\/span><\/span><span style=\"color: #000000;\"><span style=\"font-family: Bookman Old Style, serif;\"><span style=\"font-size: medium;\"> za \u015bp. Mar\u00adka Krie\u00adger w&nbsp;\u015bro\u00add\u0119 o&nbsp;godz. 18.00, za \u015bp. Mari\u0119 Zabroc\u00adk\u0105 w&nbsp;czwar\u00adtek o&nbsp;godz. 18.00<\/span><\/span><\/span><\/li>\n<li><span style=\"color: #000000;\"><span style=\"font-family: Bookman Old Style, serif;\"><span style=\"font-size: medium;\">w inten\u00adcji R\u00f3\u017cy R\u00f3\u017ca\u0144\u00adco\u00adwej \u015bw. Mar\u00adka w&nbsp;\u015bro\u00add\u0119 o&nbsp;godz. 8.45<\/span><\/span><\/span><\/li>\n<li><span style=\"color: #000000;\"><span style=\"font-family: Bookman Old Style, serif;\"><span style=\"font-size: medium;\">w inten\u00adcji wyna\u00adgra\u00addza\u00adj\u0105\u00adcej za grze\u00adchy pro\u00adfa\u00adna\u00adcji Naj\u00ad\u015bwi\u0119t\u00adsze\u00adgo Sakra\u00admen\u00adtu\u2009\u2014\u2009w&nbsp;\u015bro\u00add\u0119 o&nbsp;godz. 18.00<\/span><\/span><\/span><\/li>\n<li><span style=\"color: #000000;\"><span style=\"font-family: Bookman Old Style, serif;\"><span style=\"font-size: medium;\">w inten\u00adcji \u017cywych i&nbsp;zmar\u00ad\u0142ych cz\u0142on\u00adk\u00f3w Apo\u00adstol\u00adstwa Dobrej \u015amier\u00adci w&nbsp;czwar\u00adtek o&nbsp;godz. 8.45<\/span><\/span><\/span><\/li>\n<li><a name=\"_GoBack\"><\/a> <span style=\"color: #000000;\"><span style=\"font-family: Bookman Old Style, serif;\"><span style=\"font-size: medium;\">w&nbsp;inten\u00adcji kap\u0142a\u00adn\u00f3w o&nbsp;ich u\u015bwi\u0119\u00adce\u00adnie z&nbsp;ok. 1. czwart\u00adku mie\u00adsi\u0105\u00adca w&nbsp;czwar\u00adtek o&nbsp;godz. 6.30<\/span><\/span><\/span><\/li>\n<li><span style=\"color: #000000;\"><span style=\"font-family: Bookman Old Style, serif;\"><span style=\"font-size: medium;\">w inten\u00adcji Odno\u00adwy w&nbsp;Duchu \u015awi\u0119\u00adtym w&nbsp;czwar\u00adtek o&nbsp;godz. 18.00<\/span><\/span><\/span><\/li>\n<li><span style=\"color: #000000;\"><span style=\"font-family: Bookman Old Style, serif;\"><span style=\"font-size: medium;\">w inten\u00adcji trze\u017a\u00adwo\u00ad\u015bci w&nbsp;pi\u0105\u00adtek o&nbsp;godz. 8.45<\/span><\/span><\/span><\/li>\n<li><span style=\"color: #000000;\"><span style=\"font-family: Bookman Old Style, serif;\"><span style=\"font-size: medium;\">w inten\u00adcji Rycer\u00adstwa Nie\u00adpo\u00adka\u00adla\u00adnej w&nbsp;sobo\u00adt\u0119 o&nbsp;godz. 8.45.<\/span><\/span><\/span><\/li>\n<\/ul>\n<p class=\"western\"><span style=\"color: #000000;\"><span style=\"font-family: Bookman Old Style, serif;\"><span style=\"font-size: medium;\"><b>W minio\u00adnym cza\u00adsie ode\u00adszli do wieczno\u015bci:<\/b><\/span><\/span><\/span><\/p>\n<ul>\n<li><span style=\"color: #000000;\"><span style=\"font-family: Bookman Old Style, serif;\"><span style=\"font-size: medium;\">Piotr Bart\u00adczak (l. 64) z&nbsp;B\u0119d\u017amierowic<\/span><\/span><\/span><\/li>\n<li><span style=\"color: #000000;\"><span style=\"font-family: Bookman Old Style, serif;\"><span style=\"font-size: medium;\">Mie\u00adczy\u00ads\u0142aw Gor\u00adta\u00adtow\u00adski (l. 79) z&nbsp;ul. 21-lutego<\/span><\/span><\/span><\/li>\n<li><span style=\"color: #000000;\"><span style=\"font-family: Bookman Old Style, serif;\"><span style=\"font-size: medium;\">Jerzy Cza\u00adpiew\u00adski (l. 62) z&nbsp;ul. Zielonej<\/span><\/span><\/span><\/li>\n<\/ul>\n<p class=\"western\"><span style=\"color: #000000;\"><span style=\"font-family: Bookman Old Style, serif;\"><span style=\"font-size: medium;\"><i>Wiecz\u00adny odpo\u00adczy\u00adnek racz im da\u0107&nbsp;Panie\u2026<\/i><\/span><\/span><\/span><\/p>\n","protected":false},"excerpt":{"rendered":"<p>W dniu wczo\u00adraj\u00adszym uda\u00ad\u0142a si\u0119 do Wie\u00adla piel\u00adgrzym\u00adka z&nbsp;naszej para\u00adfii, kt\u00f3\u00adra wra\u00adca dzi\u00adsiaj ok. godz. 19.00. Bar\u00addzo pro\u00adsi\u00admy, aby ser\u00addecz\u00adnie przy\u00adwi\u00adta\u0107 naszych piel\u00adgrzy\u00adm\u00f3w, czy to na uli\u00adcach, czy to w&nbsp;ko\u015bcie\u00adle. Dzi\u0119\u00adku\u00adje\u00admy wszyst\u00adkim za pomoc w&nbsp;orga\u00adni\u00adza\u00adcji piel\u00adgrzym\u00adki i&nbsp;wsp\u00f3l\u00adn\u0105 modli\u00adtw\u0119.&nbsp; Dzi\u00adsiaj po \u2026 <a href=\"https:\/\/www.parafia-czersk.pl\/?p=2029\">Czy\u00adtaj dalej <span class=\"meta-nav\">\u2192<\/span><\/a><\/p>\n","protected":false},"author":1,"featured_media":0,"comment_status":"closed","ping_status":"open","sticky":false,"template":"","format":"standard","meta":{"pagelayer_contact_templates":[],"_pagelayer_content":"","wp_typography_post_enhancements_disabled":false,"footnotes":""},"categories":[3],"tags":[],"class_list":["post-2029","post","type-post","status-publish","format-standard","hentry","category-ogloszenia"],"aioseo_notices":[],"_links":{"self":[{"href":"https:\/\/www.parafia-czersk.pl\/index.php?rest_route=\/wp\/v2\/posts\/2029","targetHints":{"allow":["GET"]}}],"collection":[{"href":"https:\/\/www.parafia-czersk.pl\/index.php?rest_route=\/wp\/v2\/posts"}],"about":[{"href":"https:\/\/www.parafia-czersk.pl\/index.php?rest_route=\/wp\/v2\/types\/post"}],"author":[{"embeddable":true,"href":"https:\/\/www.parafia-czersk.pl\/index.php?rest_route=\/wp\/v2\/users\/1"}],"replies":[{"embeddable":true,"href":"https:\/\/www.parafia-czersk.pl\/index.php?rest_route=%2Fwp%2Fv2%2Fcomments&post=2029"}],"version-history":[{"count":1,"href":"https:\/\/www.parafia-czersk.pl\/index.php?rest_route=\/wp\/v2\/posts\/2029\/revisions"}],"predecessor-version":[{"id":2030,"href":"https:\/\/www.parafia-czersk.pl\/index.php?rest_route=\/wp\/v2\/posts\/2029\/revisions\/2030"}],"wp:attachment":[{"href":"https:\/\/www.parafia-czersk.pl\/index.php?rest_route=%2Fwp%2Fv2%2Fmedia&parent=2029"}],"wp:term":[{"taxonomy":"category","embeddable":true,"href":"https:\/\/www.parafia-czersk.pl\/index.php?rest_route=%2Fwp%2Fv2%2Fcategories&post=2029"},{"taxonomy":"post_tag","embeddable":true,"href":"https:\/\/www.parafia-czersk.pl\/index.php?rest_route=%2Fwp%2Fv2%2Ftags&post=2029"}],"curies":[{"name":"wp","href":"https:\/\/api.w.org\/{rel}","templated":true}]}}