{"id":2034,"date":"2025-06-07T19:08:48","date_gmt":"2025-06-07T19:08:48","guid":{"rendered":"https:\/\/www.parafia-czersk.pl\/?p=2034"},"modified":"2025-06-07T19:10:47","modified_gmt":"2025-06-07T19:10:47","slug":"zeslanie-ducha-swietego-8-czerwca-2025-r","status":"publish","type":"post","link":"https:\/\/www.parafia-czersk.pl\/?p=2034","title":{"rendered":"ZES\u0141ANIE DUCHA \u015aWI\u0118TEGO  8&nbsp;czerwca 2025&nbsp;r."},"content":{"rendered":"<ol>\n<li>\n<p align=\"justify\"><span style=\"font-family: Bookman Old Style, serif;\"><span style=\"font-size: medium;\">Dzi\u00adsiej\u00adsza nie\u00addzie\u00adla litur\u00adgicz\u00adnie ko\u0144\u00adczy okres wiel\u00adka\u00adnoc\u00adny. Pod\u00adczas dzi\u00adsiej\u00adszych Mszy \u015bw. pos\u0142u\u00adg\u0119 litur\u00adgii s\u0142o\u00adwa spra\u00adwu\u00adj\u0105 wszyst\u00adkie wsp\u00f3l\u00adno\u00adty, a&nbsp;na Mszy \u015bw. o&nbsp;godz. 12.30 udzie\u00adli\u00admy chrztu \u015bw.<\/span><\/span><\/p>\n<\/li>\n<\/ol>\n<p style=\"padding-left: 40px;\" align=\"justify\"><span style=\"font-family: Bookman Old Style, serif;\"><span style=\"font-size: medium;\">Dzi\u0119\u00adku\u00adje\u00admy za dzi\u00adsiej\u00adsze ofia\u00adry na nowe obi\u00adcia \u0142awek w&nbsp;naszym ko\u015bcie\u00adle. Przy\u00adpo\u00admi\u00adna\u00admy, \u017ce koszt tej inwe\u00adsty\u00adcji wynie\u00adsie ok. 20 tys.&nbsp;z\u0142.<\/span><\/span><\/p>\n<ol start=\"2\">\n<li>\n<p align=\"justify\"><span style=\"font-family: Bookman Old Style, serif;\"><span style=\"font-size: medium;\">Jutro obcho\u00addzi\u00admy dru\u00adgi dzie\u0144 Zie\u00adlo\u00adnych \u015awi\u0105t, czy\u00adli \u015bwi\u0119\u00adto Naj\u00ad\u015bwi\u0119t\u00adszej Marii Pan\u00adny, Mat\u00adki Ko\u015bcio\u00ad\u0142a. Zapra\u00adsza\u00admy na Msze \u015bw. o&nbsp;godz. 6.30; 8.45 i&nbsp;18.00.<\/span><\/span><\/p>\n<\/li>\n<li>\n<p align=\"justify\"><span style=\"font-family: Bookman Old Style, serif;\"><span style=\"font-size: medium;\">Na nabo\u00ad\u017ce\u0144\u00adstwa czerw\u00adco\u00adwe zapra\u00adsza\u00admy codzien\u00adnie po wie\u00adczor\u00adnej Mszy&nbsp;\u015bw.<\/span><\/span><\/p>\n<\/li>\n<li>\n<p align=\"justify\"><span style=\"font-family: Bookman Old Style, serif;\"><span style=\"font-size: medium;\">W \u015bro\u00add\u0119 od godz. 20.00 do 21.00 zapra\u00adsza\u00admy na ado\u00adra\u00adcj\u0119 Naj\u00ad\u015bwi\u0119t\u00adsze\u00adgo Sakra\u00admen\u00adtu i&nbsp;wsp\u00f3l\u00adny r\u00f3\u017ca\u00adniec. Ado\u00adra\u00adcja odb\u0119\u00addzie si\u0119 r\u00f3w\u00adnie\u017c w&nbsp;sobo\u00adt\u0119 od ran\u00adnej Mszy \u015bw. do godz. 8.45.<\/span><\/span><\/p>\n<\/li>\n<li>\n<p align=\"justify\"><span style=\"font-family: Bookman Old Style, serif;\"><span style=\"font-size: medium;\">W czwar\u00adtek obcho\u00addzi\u00admy \u015bwi\u0119\u00adto Jezu\u00adsa Chry\u00adstu\u00adsa, Naj\u00adwy\u017c\u00adsze\u00adgo i&nbsp;Wiecz\u00adne\u00adgo Kap\u0142ana.<\/span><\/span><\/p>\n<\/li>\n<li>\n<p align=\"justify\"><span style=\"font-family: Bookman Old Style, serif;\"><span style=\"font-size: medium;\">W pi\u0105\u00adtek zapra\u00adsza\u00admy na nabo\u00ad\u017ce\u0144\u00adstwo fatim\u00adskie o&nbsp;godz. 20.00, kt\u00f3\u00adre popro\u00adwa\u00addzi m\u0142o\u00addzie\u017c KSM, Pro\u00adsi\u00admy o&nbsp;przy\u00adnie\u00adsie\u00adnie&nbsp;\u015bwiec.<\/span><\/span><\/p>\n<\/li>\n<li>\n<p align=\"justify\"><span style=\"font-family: Bookman Old Style, serif;\"><span style=\"font-size: medium;\">W przy\u00adsz\u0142\u0105 nie\u00addzie\u00adl\u0119 przy\u00adpa\u00adda Uro\u00adczy\u00adsto\u015b\u0107 Tr\u00f3j\u00adcy \u015awi\u0119\u00adtej, a&nbsp;naszej para\u00adfii na Mszy \u015bw. o&nbsp;godz. 11.00 prze\u00ad\u017cy\u00adje\u00admy uro\u00adczy\u00adsto\u015b\u0107 Pierw\u00adszej Komu\u00adnii \u015bw. Pro\u00adsi\u00admy na tej Mszy \u015bw. nie zaj\u00admo\u00adwa\u0107 \u0142awek w&nbsp;nawie g\u0142\u00f3w\u00adnej, kt\u00f3\u00adre s\u0105 zare\u00adzer\u00adwo\u00adwa\u00adne dla dzie\u00adci pierw\u00adszo\u00adko\u00admu\u00adnij\u00adnych i&nbsp;ich rodzin.<\/span><\/span><\/p>\n<\/li>\n<li>\n<p align=\"justify\"><span style=\"font-family: book antiqua, palatino, serif;\"><span style=\"color: #000000;\"><span style=\"font-family: inherit, serif;\"><span style=\"font-size: medium;\">W naj\u00adbli\u017c\u00adsz\u0105 sobo\u00adt\u0119 odb\u0119\u00addzie si\u0119 pierw\u00adsza spo\u00adwied\u017a \u015bw. dzie\u00adci, kt\u00f3\u00adre w&nbsp;nie\u00addzie\u00adl\u0119 przy\u00adst\u0105\u00adpi\u0105 do I. Komu\u00adnii \u015bw.: na godz. 8.00 zapra\u00adsza\u00admy dzie\u00adci ze Szko\u00ad\u0142y Pod\u00adsta\u00adwo\u00adwej nr 2, a&nbsp;na godz. 9.15 ze Szko\u00ad\u0142y Pod\u00adsta\u00adwo\u00adwej nr 1&nbsp;i&nbsp;3. Do spo\u00adwie\u00addzi \u015bw. zach\u0119\u00adca\u00admy r\u00f3w\u00adnie\u017c rodzi\u00adc\u00f3w, rodze\u0144\u00adstwo, chrzest\u00adnych i&nbsp;wszyst\u00adkich obec\u00adnych na uro\u00adczy\u00adsto\u00ad\u015bci. Komu\u00adnia \u015bw. ofia\u00adro\u00adwa\u00adna w&nbsp;inten\u00adcji dzie\u00adci jest naj\u00adwar\u00adto\u00ad\u015bciow\u00adszym pre\u00adzen\u00adtem na dal\u00adsz\u0105 dro\u00adg\u0119 \u017cycia. Ze wzgl\u0119\u00addu na spo\u00adwied\u017a \u015bw.&nbsp;<\/span><\/span><\/span><span style=\"color: #000000;\"><span style=\"font-family: inherit, serif;\"><span style=\"font-size: medium;\"><b>biu\u00adro para\u00adfial\u00adne<\/b><\/span><\/span><\/span> <span style=\"color: #000000;\"><span style=\"font-family: inherit, serif;\"><span style=\"font-size: medium;\"><b>b\u0119dzie nie\u00adczyn\u00adne.<\/b><\/span><\/span><\/span><\/span><\/p>\n<\/li>\n<li>\n<p align=\"justify\"><span style=\"color: #373737; font-family: book antiqua, palatino, serif;\"><span style=\"font-family: inherit, serif;\"><span style=\"font-size: medium;\">W dniach od 1\u2009\u2013\u20093 lip\u00adca odb\u0119\u00addzie si\u0119 piel\u00adgrzym\u00adka do sank\u00adtu\u00adari\u00f3w maryj\u00adnych w&nbsp;Sierp\u00adcu, Le\u015bnej Pod\u00adla\u00adskiej, Kod\u00adniu, pol\u00adskim Loret\u00adto i&nbsp;Nowym Mie\u00ad\u015bcie Lubaw\u00adskim. Koszt piel\u00adgrzym\u00adki 480 z\u0142. Zapi\u00adsy przyj\u00admu\u00adje p. Mal\u00adgo\u00adrza\u00adta S\u0119kow\u00adska (tel. 516&nbsp;542&nbsp;873).<\/span><\/span><\/span><\/p>\n<\/li>\n<li>\n<p align=\"justify\"><span style=\"font-family: Bookman Old Style, serif;\"><span style=\"font-size: medium;\">Z ca\u0142e\u00adgo ser\u00adca pra\u00adgnie\u00admy podzi\u0119\u00adko\u00adwa\u0107 Fir\u00admie SPR. Pol\u00adska p. Karo\u00adla Pru\u00adskie\u00adgo z&nbsp;Czer\u00adska za wyko\u00adna\u00adnie i&nbsp;ufun\u00addo\u00adwa\u00adnie insta\u00adla\u00adcji foto\u00adwol\u00adta\u00adicz\u00adnej 8,8 kW dla naszej parafii.<\/span><\/span><\/p>\n<\/li>\n<li>\n<p align=\"justify\"><span style=\"font-family: Bookman Old Style, serif;\"><span style=\"font-size: medium;\">Dzi\u0119\u00adku\u00adje\u00admy r\u00f3w\u00adnie\u017c R\u00f3\u017cy Rodzi\u00adc\u00f3w b\u0142 Car\u00adlo Acu\u00adti\u00adsa za ofia\u00adro\u00adwa\u00adnie 3300 z\u0142 na o\u0142tarz-reli\u00adkwiarz swo\u00adje\u00adgo patro\u00adna oraz R\u00f3\u017cy \u015bw. Mak\u00adsy\u00admi\u00adlia\u00adna z&nbsp;ul. Kla\u00adskaw\u00adskiej za ofia\u00adr\u0119 620 z\u0142 na ten sam&nbsp;cel.<\/span><\/span><\/p>\n<\/li>\n<li>\n<p align=\"justify\"><a name=\"_GoBack\"><\/a> <span style=\"font-family: Bookman Old Style, serif;\"><span style=\"font-size: medium;\">Rodzi\u00adce ma\u0142e\u00adgo Igna\u00adsia, kt\u00f3\u00adry <\/span><\/span><span style=\"color: #000000;\"><span style=\"font-family: Bookman Old Style, serif;\"><span style=\"font-size: medium;\">cho\u00adru\u00adje na ci\u0119\u017c\u00adk\u0105 cho\u00adro\u00adb\u0119 \u2013&nbsp;<\/span><\/span><\/span><span style=\"color: #000000;\"><span style=\"font-family: Bookman Old Style, serif;\"><span style=\"font-size: medium;\"><b>dys\u00adtro\u00adfi\u0119 mi\u0119\u00ad\u015bnio\u00adw\u0105 Duchenne\u2019a<\/b><\/span><\/span><\/span><span style=\"color: #000000;\"><span style=\"font-family: Bookman Old Style, serif;\"><span style=\"font-size: medium;\">&nbsp;(DMD<\/span><\/span><\/span><span style=\"font-family: Bookman Old Style, serif;\"><span style=\"font-size: medium;\">),<\/span><\/span><span style=\"color: #000000;\"><span style=\"font-family: Bookman Old Style, serif;\"><span style=\"font-size: medium;\"> czy\u00adli post\u0119\u00adpu\u00adj\u0105\u00adc\u0105, gene\u00adtycz\u00adn\u0105 cho\u00adro\u00adb\u0119 mi\u0119\u00ad\u015bni, kt\u00f3\u00adra z&nbsp;cza\u00adsem pro\u00adwa\u00addzi do ich ca\u0142\u00adko\u00adwi\u00adte\u00adgo zani\u00adku, zwr\u00f3\u00adci\u00adli si\u0119 do naszej para\u00adfii o&nbsp;pomoc. Dzie\u00adci cho\u00adre na DMD tra\u00adc\u0105 zdol\u00adno\u015b\u0107 cho\u00addze\u00adnia, samo\u00addziel\u00adne\u00adgo oddy\u00adcha\u00adnia, a&nbsp;w dal\u00adszej per\u00adspek\u00adty\u00adwie \u2013 r\u00f3w\u00adnie\u017c \u017cycia. Dla Igna\u00adsia poja\u00adwi\u00ad\u0142a si\u0119 jed\u00adnak nadzie\u00adja \u2013 nowo\u00adcze\u00adsna tera\u00adpia geno\u00adwa, dost\u0119p\u00adna za gra\u00adni\u00adc\u0105, kt\u00f3\u00adra mo\u017ce zatrzy\u00adma\u0107 roz\u00adw\u00f3j cho\u00adro\u00adby, a&nbsp;kt\u00f3\u00adrej koszt wyno\u00adsi 16 mln z\u0142. Zabra\u00adno ju\u017c ok. 10 mln, m.in. pod\u00adczas deba\u00adty pre\u00adzy\u00addenc\u00adkiej p. Sta\u00adnow\u00adski by\u0142 ubra\u00adny w&nbsp;koszul\u00adk\u0119 ze zdj\u0119\u00adciem Igna\u00adsia. <\/span><\/span><\/span><span style=\"font-family: Bookman Old Style, serif;\"><span style=\"font-size: medium;\">W&nbsp;przy\u00adsz\u0142\u0105 nie\u00addzie\u00adl\u0119 przed ko\u015bcio\u00ad\u0142em odb\u0119\u00addzie si\u0119 zbi\u00f3r\u00adka do puszek na lecze\u00adnie ch\u0142opca.<\/span><\/span><\/p>\n<\/li>\n<li>\n<p align=\"justify\"><span style=\"font-family: Bookman Old Style, serif;\"><span style=\"font-size: medium;\">Msze \u015bw. w&nbsp;tym tygodniu:<\/span><\/span><\/p>\n<\/li>\n<\/ol>\n<ul>\n<li>\n<p align=\"justify\"><span style=\"color: #000000;\"><span style=\"font-family: Bookman Old Style, serif;\"><span style=\"font-size: medium;\"><b>w 30. dzie\u0144 po pogrze\u00adbie<\/b><\/span><\/span><\/span><span style=\"color: #000000;\"><span style=\"font-family: Bookman Old Style, serif;\"><span style=\"font-size: medium;\"> za \u015bp. Kry\u00adsty\u00adn\u0119 Kaszu\u00adbow\u00adsk\u0105 w&nbsp;ponie\u00addzia\u00ad\u0142ek o&nbsp;godz. 18.00, za \u015bp. Zdzi\u00ads\u0142a\u00adw\u0119 Ko\u0142at\u00adka we wto\u00adrek o&nbsp;godz. 18.00, za \u015bp. Bole\u00ads\u0142a\u00adwa \u0141an\u00adgow\u00adskie\u00adgo w&nbsp;\u015bro\u00add\u0119 o&nbsp;godz. 18.00 oraz za \u015bp. Jani\u00adn\u0119 Pepli\u0144\u00adsk\u0105&nbsp;w&nbsp;czwar\u00adtek o&nbsp;godz. 18.00<\/span><\/span><\/span><\/p>\n<\/li>\n<li>\n<p align=\"justify\"><span style=\"color: #000000;\"><span style=\"font-family: Bookman Old Style, serif;\"><span style=\"font-size: medium;\"><b>w 1. r. \u015bm<\/b><\/span><\/span><\/span><span style=\"color: #000000;\"><span style=\"font-family: Bookman Old Style, serif;\"><span style=\"font-size: medium;\">. za \u015bp. Marze\u00adn\u0119 Wies\u00adbaum w&nbsp;czwar\u00adtek o&nbsp;godz. 6.30<\/span><\/span><\/span><\/p>\n<\/li>\n<\/ul>\n<p align=\"justify\"><span style=\"color: #000000;\"><span style=\"font-family: Bookman Old Style, serif;\"><span style=\"font-size: medium;\"><b>w minio\u00adnym tygo\u00addniu po\u017ce\u00adgna\u00adli\u00ad\u015bmy<\/b><\/span><\/span><\/span><span style=\"color: #000000;\"><span style=\"font-family: Bookman Old Style, serif;\"><span style=\"font-size: medium;\"> \u015bp. Tere\u00ads\u0119 Fie\u00adrek (l. 76) zam. Mosna w&nbsp;ponie\u00addzia\u00ad\u0142ek pogrzeb o&nbsp;godz. 12.00 \u015bp. Ewy Chmie\u00adlec\u00adkiej (l. 70) zam. ul. Przy\u00adto\u00adro\u00adwa w&nbsp;ponie\u00addzia\u00ad\u0142ek pogrzeb o&nbsp;godz. 15.00 \u015bp. Marii Dam\u00adrat (l. 83) zam. Sta\u00adre\u00adgo Urz\u0119\u00addu we wto\u00adrek pogrzeb o&nbsp;godz. 10.30 \u015bp. Zofii Zyg\u00adma\u0144\u00adskiej&nbsp;(l. 78) zam. B\u0119d\u017amierowice<\/span><\/span><\/span><\/p>\n<p><span style=\"color: #000000;\"><span style=\"font-family: Bookman Old Style, serif;\"><span style=\"font-size: medium;\"><i>Wiecz\u00adny odpo\u00adczy\u00adnek racz im da\u0107&nbsp;Panie\u2026<\/i><\/span><\/span><\/span><\/p>\n","protected":false},"excerpt":{"rendered":"<p>Dzi\u00adsiej\u00adsza nie\u00addzie\u00adla litur\u00adgicz\u00adnie ko\u0144\u00adczy okres wiel\u00adka\u00adnoc\u00adny. Pod\u00adczas dzi\u00adsiej\u00adszych Mszy \u015bw. pos\u0142u\u00adg\u0119 litur\u00adgii s\u0142o\u00adwa spra\u00adwu\u00adj\u0105 wszyst\u00adkie wsp\u00f3l\u00adno\u00adty, a&nbsp;na Mszy \u015bw. o&nbsp;godz. 12.30 udzie\u00adli\u00admy chrztu \u015bw. Dzi\u0119\u00adku\u00adje\u00admy za dzi\u00adsiej\u00adsze ofia\u00adry na nowe obi\u00adcia \u0142awek w&nbsp;naszym ko\u015bcie\u00adle. Przy\u00adpo\u00admi\u00adna\u00admy, \u017ce koszt tej inwe\u00adsty\u00adcji wynie\u00adsie \u2026 <a href=\"https:\/\/www.parafia-czersk.pl\/?p=2034\">Czy\u00adtaj dalej <span class=\"meta-nav\">\u2192<\/span><\/a><\/p>\n","protected":false},"author":1,"featured_media":0,"comment_status":"closed","ping_status":"open","sticky":false,"template":"","format":"standard","meta":{"pagelayer_contact_templates":[],"_pagelayer_content":"","wp_typography_post_enhancements_disabled":false,"footnotes":""},"categories":[3],"tags":[16,17],"class_list":["post-2034","post","type-post","status-publish","format-standard","hentry","category-ogloszenia","tag-ogloszenia","tag-ogloszenia-czersk"],"aioseo_notices":[],"_links":{"self":[{"href":"https:\/\/www.parafia-czersk.pl\/index.php?rest_route=\/wp\/v2\/posts\/2034","targetHints":{"allow":["GET"]}}],"collection":[{"href":"https:\/\/www.parafia-czersk.pl\/index.php?rest_route=\/wp\/v2\/posts"}],"about":[{"href":"https:\/\/www.parafia-czersk.pl\/index.php?rest_route=\/wp\/v2\/types\/post"}],"author":[{"embeddable":true,"href":"https:\/\/www.parafia-czersk.pl\/index.php?rest_route=\/wp\/v2\/users\/1"}],"replies":[{"embeddable":true,"href":"https:\/\/www.parafia-czersk.pl\/index.php?rest_route=%2Fwp%2Fv2%2Fcomments&post=2034"}],"version-history":[{"count":1,"href":"https:\/\/www.parafia-czersk.pl\/index.php?rest_route=\/wp\/v2\/posts\/2034\/revisions"}],"predecessor-version":[{"id":2035,"href":"https:\/\/www.parafia-czersk.pl\/index.php?rest_route=\/wp\/v2\/posts\/2034\/revisions\/2035"}],"wp:attachment":[{"href":"https:\/\/www.parafia-czersk.pl\/index.php?rest_route=%2Fwp%2Fv2%2Fmedia&parent=2034"}],"wp:term":[{"taxonomy":"category","embeddable":true,"href":"https:\/\/www.parafia-czersk.pl\/index.php?rest_route=%2Fwp%2Fv2%2Fcategories&post=2034"},{"taxonomy":"post_tag","embeddable":true,"href":"https:\/\/www.parafia-czersk.pl\/index.php?rest_route=%2Fwp%2Fv2%2Ftags&post=2034"}],"curies":[{"name":"wp","href":"https:\/\/api.w.org\/{rel}","templated":true}]}}