{"id":2036,"date":"2025-06-15T10:46:06","date_gmt":"2025-06-15T10:46:06","guid":{"rendered":"https:\/\/www.parafia-czersk.pl\/?p=2036"},"modified":"2025-06-15T10:46:06","modified_gmt":"2025-06-15T10:46:06","slug":"intencje-11-tydzien-zwykly-2","status":"publish","type":"post","link":"https:\/\/www.parafia-czersk.pl\/?p=2036","title":{"rendered":"Intencje 11. tydzie\u0144 zwyk\u0142y"},"content":{"rendered":"<table>\n<tbody>\n<tr>\n<td colspan=\"3\"><\/td>\n<\/tr>\n<tr>\n<td><strong>Data<\/strong><\/td>\n<td><strong>Godz.<\/strong><\/td>\n<td><strong>Inten\u00adcja<\/strong><\/td>\n<\/tr>\n<tr>\n<td><strong>&nbsp;<\/strong><\/td>\n<td><strong>06:30<\/strong><\/td>\n<td>\u2020 J\u00f3zef, \u017cona Fran\u00adcisz\u00adka ora\u00adzy syn Janusz Czapiewscy<\/td>\n<\/tr>\n<tr>\n<td><strong>&nbsp;<\/strong><\/td>\n<td><strong>06:30<\/strong><\/td>\n<td>\u2020 Cecy\u00adlia i&nbsp;Pawe\u0142 Fie\u00adrek oraz syn Franciszek<\/td>\n<\/tr>\n<tr>\n<td><strong>Ponie\u00addzia\u00ad\u0142ek<\/strong><\/td>\n<td><strong>08:45<\/strong><\/td>\n<td>\u2020 Nata\u00adlia Pepli\u0144\u00adska w&nbsp;19. r. \u015bm., zm. rodzi\u00adce Mar\u00adta i&nbsp;J\u00f3zef oraz brat&nbsp;J\u00f3zef<\/td>\n<\/tr>\n<tr>\n<td><strong>16 czerw\u00adca<\/strong><\/td>\n<td><strong>08:45<\/strong><\/td>\n<td>\u2020 Kry\u00adsty\u00adna Knit\u00adter\u2009\u2014\u2009greg.<\/td>\n<\/tr>\n<tr>\n<td><strong>&nbsp;<\/strong><\/td>\n<td><strong>18:00<\/strong><\/td>\n<td>\u2020 Agniesz\u00adka i&nbsp;Mie\u00adczy\u00ads\u0142aw Magulscy<\/td>\n<\/tr>\n<tr>\n<td><strong>&nbsp;<\/strong><\/td>\n<td><strong>18:00<\/strong><\/td>\n<td>\u2020 Roman Pru\u00adski w&nbsp;1. r.&nbsp;\u015bm.<\/td>\n<\/tr>\n<tr>\n<td><strong>&nbsp;<\/strong><\/td>\n<td><strong>06:30<\/strong><\/td>\n<td>\u2020 Kazi\u00admierz Jaster w&nbsp;9. r. \u015bm. oraz zm. rodzi\u00adce Euge\u00adnia i&nbsp;Leon<\/td>\n<\/tr>\n<tr>\n<td><strong>&nbsp;<\/strong><\/td>\n<td><strong>06:30<\/strong><\/td>\n<td>\u2020 Ire\u00adna i&nbsp;Jan Glazer<\/td>\n<\/tr>\n<tr>\n<td><strong>Wto\u00adrek<\/strong><\/td>\n<td><strong>08:45<\/strong><\/td>\n<td>\u2020 Sta\u00adni\u00ads\u0142a\u00adwa i&nbsp;Jan Basza\u00adnow\u00adscy, W\u0142a\u00addy\u00ads\u0142a\u00adwa i&nbsp;Alfred Redwanz oraz Kry\u00adsty\u00adna Kacprzak<\/td>\n<\/tr>\n<tr>\n<td><strong>17 czerw\u00adca<\/strong><\/td>\n<td><strong>08:45<\/strong><\/td>\n<td>\u2020 Kry\u00adsty\u00adna Knit\u00adter\u2009\u2014\u2009greg.<\/td>\n<\/tr>\n<tr>\n<td><strong>&nbsp;<\/strong><\/td>\n<td><strong>18:00<\/strong><\/td>\n<td>Z podz. za otrzy\u00adma\u00adne \u0142aski, z&nbsp;pro\u015b\u00adb\u0105 o&nbsp;Bo\u017ce b\u0142og. i&nbsp;opie\u00adk\u0119 MB dla Ade\u00adli i&nbsp;Krzysz\u00adto\u00adfa z&nbsp;ok. 30. r. \u015blu\u00adbu oraz ich rodziny<\/td>\n<\/tr>\n<tr>\n<td><strong>&nbsp;<\/strong><\/td>\n<td><strong>06:30<\/strong><\/td>\n<td>\u2020 rodzi\u00adce Anto\u00adni i&nbsp;Anie\u00adla, \u017cona Urszu\u00adla Jaster, brat Alfred oraz jego \u017cona Krystyna<\/td>\n<\/tr>\n<tr>\n<td><strong>&nbsp;<\/strong><\/td>\n<td><strong>06:30<\/strong><\/td>\n<td>\u2020 Tere\u00adsa Matuszewska<\/td>\n<\/tr>\n<tr>\n<td><strong>&nbsp;<\/strong><\/td>\n<td><strong>06:30<\/strong><\/td>\n<td>\u2020 brat Sta\u00adni\u00ads\u0142aw Kr\u0119\u00adski w&nbsp;2. r. \u015bm., rodzi\u00adce Ger\u00adtru\u00adda i&nbsp;W\u0142a\u00addy\u00ads\u0142aw oraz rodze\u0144\u00adstwo Zyg\u00adfryd, Edy\u00adta, W\u0142a\u00addy\u00ads\u0142aw, Tere\u00adsa, Roman, Danu\u00adta i&nbsp;Andrzej<\/td>\n<\/tr>\n<tr>\n<td><strong>\u015aro\u00adda<\/strong><\/td>\n<td><strong>08:45<\/strong><\/td>\n<td>\u2020 Grze\u00adgorz Cza\u00adpiew\u00adski w&nbsp;6. r.&nbsp;\u015bm.<\/td>\n<\/tr>\n<tr>\n<td><strong>18 czerw\u00adca<\/strong><\/td>\n<td><strong>08:45<\/strong><\/td>\n<td>\u2020 Kry\u00adsty\u00adna Knit\u00adter\u2009\u2014\u2009greg.<\/td>\n<\/tr>\n<tr>\n<td><strong>&nbsp;<\/strong><\/td>\n<td><strong>18:00<\/strong><\/td>\n<td>\u2020 Tere\u00adsa i&nbsp;Win\u00adcen\u00adty Szyn\u00adwel\u00adscy oraz zm. rodze\u0144stwo<\/td>\n<\/tr>\n<tr>\n<td><strong>&nbsp;<\/strong><\/td>\n<td><strong>06:30<\/strong><\/td>\n<td>O wzra\u00adsta\u00adnie w&nbsp;wie\u00adrze naszych dzie\u00adci, wnu\u00adk\u00f3w i&nbsp;chrze\u00ad\u015bnia\u00adk\u00f3w (pro\u00adsi ojciec)<\/td>\n<\/tr>\n<tr>\n<td><strong>&nbsp;<\/strong><\/td>\n<td><strong>07:30<\/strong><\/td>\n<td>\u2020 Cze\u00ads\u0142a\u00adwa i&nbsp;W\u0142a\u00addy\u00ads\u0142aw Gref\u00adka oraz syn Kazimierz<\/td>\n<\/tr>\n<tr>\n<td><strong>Czwar\u00adtek<\/strong><\/td>\n<td><strong>09:00<\/strong><\/td>\n<td>W inten\u00adcji parafii<\/td>\n<\/tr>\n<tr>\n<td><strong>19 czerw\u00adca<\/strong><\/td>\n<td><strong>09:00<\/strong><\/td>\n<td>\u2020 Kry\u00adsty\u00adna Knit\u00adter\u2009\u2014\u2009greg.<\/td>\n<\/tr>\n<tr>\n<td><strong>&nbsp;<\/strong><\/td>\n<td><strong>11:30<\/strong><\/td>\n<td>Z podz. za otrzy\u00adma\u00adne \u0142aski, z&nbsp;pro\u015b\u00adb\u0105 o&nbsp;Bo\u017ce b\u0142og. i&nbsp;opie\u00adk\u0119 MB oraz Dary Ducha \u015awi\u0119\u00adte\u00adgo dla Rodzi\u00adny Mi\u0119tkich<\/td>\n<\/tr>\n<tr>\n<td><strong>&nbsp;<\/strong><\/td>\n<td><strong>18:00<\/strong><\/td>\n<td>\u2020 Ste\u00adfan Lewin\u00adski oraz zm. rodzi\u00adce z&nbsp;ob. str.<\/td>\n<\/tr>\n<tr>\n<td><strong>&nbsp;<\/strong><\/td>\n<td><strong>06:30<\/strong><\/td>\n<td>\u2020 Kry\u00adsty\u00adna i&nbsp;Euge\u00adniusz Bona w&nbsp;r. \u015bm.<\/td>\n<\/tr>\n<tr>\n<td><strong>&nbsp;<\/strong><\/td>\n<td><strong>08:45<\/strong><\/td>\n<td>\u2020 Jadwi\u00adga Szo\u00adpi\u0144\u00adska-Bar\u00adtosz w&nbsp;10. r. \u015bm., Jan Szo\u00adpi\u0144\u00adski oraz Ber\u00adnard Bartosz<\/td>\n<\/tr>\n<tr>\n<td><strong>Pi\u0105\u00adtek<\/strong><\/td>\n<td><strong>08:45<\/strong><\/td>\n<td>\u2020 Kry\u00adsty\u00adna Knit\u00adter\u2009\u2014\u2009greg.<\/td>\n<\/tr>\n<tr>\n<td><strong>20 czerw\u00adca<\/strong><\/td>\n<td><strong>18:00<\/strong><\/td>\n<td>\u2020 Leon i&nbsp;Anie\u00adla Warsi\u0144scy<\/td>\n<\/tr>\n<tr>\n<td><strong>&nbsp;<\/strong><\/td>\n<td><strong>18:00<\/strong><\/td>\n<td>\u2020 Bar\u00adba\u00adra Sma\u00adgli\u0144\u00adska w&nbsp;1. r.&nbsp;\u015bm.<\/td>\n<\/tr>\n<tr>\n<td><strong>&nbsp;<\/strong><\/td>\n<td><strong>06:30<\/strong><\/td>\n<td>\u2020 Jani\u00adna Ossow\u00adska w&nbsp;7. r.&nbsp;\u015bm.<\/td>\n<\/tr>\n<tr>\n<td><strong>&nbsp;<\/strong><\/td>\n<td><strong>06:30<\/strong><\/td>\n<td>Z podz. za otrzy\u00adma\u00adne \u0142aski, z&nbsp;pro\u015b\u00adb\u0105 o&nbsp;Bo\u017ce b\u0142og. i&nbsp;opie\u00adk\u0119 MB dla Urszu\u00adli i&nbsp;Jana oraz ich dzie\u00adci i&nbsp;wnuk\u00f3w<\/td>\n<\/tr>\n<tr>\n<td><strong>Sobo\u00adta<\/strong><\/td>\n<td><strong>08:45<\/strong><\/td>\n<td>\u2020 Jani\u00adna i&nbsp;Hen\u00adryk&nbsp;Elak<\/td>\n<\/tr>\n<tr>\n<td><strong>21 czerw\u00adca<\/strong><\/td>\n<td><strong>08:45<\/strong><\/td>\n<td>Z podz. za otrzy\u00adma\u00adne \u0142aski, z&nbsp;pro\u015b\u00adb\u0105 o&nbsp;Bo\u017ce b\u0142og. i&nbsp;opie\u00adk\u0119 MB dla Zofii i&nbsp;Jana Kla\u00adman z&nbsp;oka\u00adzji 50. r.&nbsp;\u015blubu<\/td>\n<\/tr>\n<tr>\n<td><strong>&nbsp;<\/strong><\/td>\n<td><strong>08:45<\/strong><\/td>\n<td>\u2020 Kry\u00adsty\u00adna Knit\u00adter\u2009\u2014\u2009greg.<\/td>\n<\/tr>\n<tr>\n<td><strong>&nbsp;<\/strong><\/td>\n<td><strong>18:00<\/strong><\/td>\n<td>\u2020 rodzi\u00adce Maria i&nbsp;Jan w&nbsp;r. \u015bm., zm. z&nbsp;rodzi\u00adny Ja\u017c\u00add\u017cew\u00adskich oraz Woj\u00adciech Kryger<\/td>\n<\/tr>\n<tr>\n<td><strong>&nbsp;<\/strong><\/td>\n<td><strong>18:00<\/strong><\/td>\n<td>\u2020 Witold Lin\u00adda w&nbsp;6. r. \u015bm. oraz zm. rodzi\u00adce z&nbsp;ob. str.<\/td>\n<\/tr>\n<tr>\n<td><strong>&nbsp;<\/strong><\/td>\n<td><strong>06:30<\/strong><\/td>\n<td>\u2020 Edward Tylic\u00adki z&nbsp;ok. Dnia&nbsp;Ojca<\/td>\n<\/tr>\n<tr>\n<td><strong>&nbsp;<\/strong><\/td>\n<td><strong>07:30<\/strong><\/td>\n<td>\u2020 Anna Bober w&nbsp;41. r. \u015bm., m\u0105\u017c Alfons oraz zm. synowie<\/td>\n<\/tr>\n<tr>\n<td><strong>Nie\u00addzie\u00adla<\/strong><\/td>\n<td><strong>08:45<\/strong><\/td>\n<td>\u2020 Ali\u00adcja&nbsp;Pras<\/td>\n<\/tr>\n<tr>\n<td><strong>22 czerw\u00adca<\/strong><\/td>\n<td><strong>10:00<\/strong><\/td>\n<td>\u2020 Alfons Ossow\u00adski w&nbsp;r. \u015bm.<\/td>\n<\/tr>\n<tr>\n<td><strong>&nbsp;<\/strong><\/td>\n<td><strong>11:00<\/strong><\/td>\n<td>\u2020 \u0141ucja Pla\u00adta w&nbsp;20. r. \u015bm. oraz m\u0105\u017c Wincenty<\/td>\n<\/tr>\n<tr>\n<td><strong>&nbsp;<\/strong><\/td>\n<td><strong>12:30<\/strong><\/td>\n<td>\u2020 Bog\u00addan Fir\u00adgol\u00adski z&nbsp;ok. Dnia&nbsp;Ojca<\/td>\n<\/tr>\n<tr>\n<td><strong>&nbsp;<\/strong><\/td>\n<td><strong>12:30<\/strong><\/td>\n<td>\u2020 Kry\u00adsty\u00adna Knit\u00adter\u2009\u2014\u2009greg.<\/td>\n<\/tr>\n<tr>\n<td><strong>&nbsp;<\/strong><\/td>\n<td><strong>18:00<\/strong><\/td>\n<td>\u2020 Kazi\u00admierz i&nbsp;Tere\u00adsa Kulesza<\/td>\n<\/tr>\n<\/tbody>\n<\/table>\n","protected":false},"excerpt":{"rendered":"<p>Data Godz. Inten\u00adcja &nbsp; 06:30 \u2020 J\u00f3zef, \u017cona Fran\u00adcisz\u00adka ora\u00adzy syn Janusz Cza\u00adpiew\u00adscy &nbsp; 06:30 \u2020 Cecy\u00adlia i&nbsp;Pawe\u0142 Fie\u00adrek oraz syn Fran\u00adci\u00adszek Ponie\u00addzia\u00ad\u0142ek 08:45 \u2020 Nata\u00adlia Pepli\u0144\u00adska w&nbsp;19. r. \u015bm., zm. rodzi\u00adce Mar\u00adta i&nbsp;J\u00f3zef oraz brat&nbsp;J\u00f3zef 16 czerw\u00adca 08:45 \u2020 \u2026 <a href=\"https:\/\/www.parafia-czersk.pl\/?p=2036\">Czy\u00adtaj dalej <span class=\"meta-nav\">\u2192<\/span><\/a><\/p>\n","protected":false},"author":1,"featured_media":0,"comment_status":"closed","ping_status":"open","sticky":false,"template":"","format":"standard","meta":{"pagelayer_contact_templates":[],"_pagelayer_content":"","wp_typography_post_enhancements_disabled":false,"footnotes":""},"categories":[2],"tags":[],"class_list":["post-2036","post","type-post","status-publish","format-standard","hentry","category-intencje"],"aioseo_notices":[],"_links":{"self":[{"href":"https:\/\/www.parafia-czersk.pl\/index.php?rest_route=\/wp\/v2\/posts\/2036","targetHints":{"allow":["GET"]}}],"collection":[{"href":"https:\/\/www.parafia-czersk.pl\/index.php?rest_route=\/wp\/v2\/posts"}],"about":[{"href":"https:\/\/www.parafia-czersk.pl\/index.php?rest_route=\/wp\/v2\/types\/post"}],"author":[{"embeddable":true,"href":"https:\/\/www.parafia-czersk.pl\/index.php?rest_route=\/wp\/v2\/users\/1"}],"replies":[{"embeddable":true,"href":"https:\/\/www.parafia-czersk.pl\/index.php?rest_route=%2Fwp%2Fv2%2Fcomments&post=2036"}],"version-history":[{"count":1,"href":"https:\/\/www.parafia-czersk.pl\/index.php?rest_route=\/wp\/v2\/posts\/2036\/revisions"}],"predecessor-version":[{"id":2037,"href":"https:\/\/www.parafia-czersk.pl\/index.php?rest_route=\/wp\/v2\/posts\/2036\/revisions\/2037"}],"wp:attachment":[{"href":"https:\/\/www.parafia-czersk.pl\/index.php?rest_route=%2Fwp%2Fv2%2Fmedia&parent=2036"}],"wp:term":[{"taxonomy":"category","embeddable":true,"href":"https:\/\/www.parafia-czersk.pl\/index.php?rest_route=%2Fwp%2Fv2%2Fcategories&post=2036"},{"taxonomy":"post_tag","embeddable":true,"href":"https:\/\/www.parafia-czersk.pl\/index.php?rest_route=%2Fwp%2Fv2%2Ftags&post=2036"}],"curies":[{"name":"wp","href":"https:\/\/api.w.org\/{rel}","templated":true}]}}