{"id":2038,"date":"2025-06-15T10:47:44","date_gmt":"2025-06-15T10:47:44","guid":{"rendered":"https:\/\/www.parafia-czersk.pl\/?p=2038"},"modified":"2025-06-15T10:48:05","modified_gmt":"2025-06-15T10:48:05","slug":"ogloszenia-uroczystosc-trojcy-najswietszej-15-czerwca-2025-r","status":"publish","type":"post","link":"https:\/\/www.parafia-czersk.pl\/?p=2038","title":{"rendered":"Og\u0142oszenia UROCZYSTO\u015a\u0106 TR\u00d3JCY NAJ\u015aWI\u0118TSZEJ  15 czerwca 2025&nbsp;r."},"content":{"rendered":"<ol>\n<li>\n<p align=\"justify\"><span style=\"font-family: Book Antiqua, serif;\"><span style=\"font-size: medium;\">Dzi\u00adsiaj o&nbsp;godz. 11.00 odb\u0119\u00addzie si\u0119 uro\u00adczy\u00adsto\u015b\u0107 Pierw\u00adszej Komu\u00adnii \u015awi\u0119\u00adtej. W&nbsp;ramach Bia\u00ad\u0142e\u00adgo Tygo\u00addnia zapra\u00adsza\u00admy dzie\u00adci pierw\u00adszo\u00adko\u00admu\u00adnij\u00adne do udzia\u00ad\u0142u we Mszy \u015bw. od ponie\u00addzia\u0142\u00adku <\/span><\/span><span style=\"font-family: Book Antiqua, serif;\"><span style=\"font-size: medium;\">do \u015bro\u00addy i&nbsp;w pi\u0105\u00adtek o&nbsp;godz. 18.00 , w&nbsp;czwar\u00adtek o&nbsp;godz. 9.00, w&nbsp;sobo\u00adt\u0119 o&nbsp;godz. 8.45 z&nbsp;pro\u00adce\u00adsj\u0105 eucha\u00adry\u00adstycz\u00adn\u0105 dooko\u00ad\u0142a ko\u015bcio\u00ad\u0142a, w&nbsp;nie\u00addzie\u00adl\u0119 o&nbsp;godz. 11.00, a&nbsp;w&nbsp;pozo\u00adsta\u00ad\u0142e dni w&nbsp;ramach okta\u00adwy Bo\u017ce\u00adgo&nbsp;Cia\u0142a.&nbsp;<\/span><\/span><\/p>\n<\/li>\n<li>\n<p align=\"justify\"><span style=\"font-family: Book Antiqua, serif;\"><span style=\"font-size: medium;\">Przed ko\u015bcio\u00ad\u0142em odby\u00adwa si\u0119 zbi\u00f3r\u00adka do puszek na pomoc cho\u00adre\u00admu na mi\u0119\u00ad\u015bnio\u00adw\u0105 dys\u00adtro\u00adfi\u0119 (DMD) Igna\u00adsio\u00adwi. Nadzie\u00adj\u0105 jest lecze\u00adnie poza gra\u00adni\u00adca\u00admi kra\u00adju, ale koszt takie\u00adgo lecze\u00adnia wyno\u00adsi 16 mln&nbsp;z\u0142.<\/span><\/span><\/p>\n<\/li>\n<li>\n<p align=\"justify\"><span style=\"font-family: Book Antiqua, serif;\"><span style=\"font-size: medium;\">W ponie\u00addzia\u00ad\u0142ek prze\u00ad\u017cy\u00adwa\u0107 b\u0119dzie\u00admy Dzie\u0144 Misyj\u00adny. Jak zawsze w&nbsp;tym dniu dzie\u00adci pierw\u00adszo\u00adko\u00admu\u00adnij\u00adne przy\u00adno\u00adsz\u0105 w&nbsp;koper\u00adtach ofia\u00adry na rzecz dzie\u00adci g\u0142o\u00addu\u00adj\u0105\u00adcych w&nbsp;kra\u00adjach misyj\u00adnych. Zach\u0119\u00adca\u00admy wszyst\u00adkich obec\u00adnych w&nbsp;ko\u015bcie\u00adle do w\u0142\u0105\u00adcze\u00adnia si\u0119 w&nbsp;t\u0119 zbi\u00f3rk\u0119.<\/span><\/span><\/p>\n<\/li>\n<li>\n<p align=\"justify\"><span style=\"font-family: Book Antiqua, serif;\"><span style=\"font-size: medium;\">Ado\u00adra\u00adcja Naj\u00ad\u015bwi\u0119t\u00adsze\u00adgo Sakra\u00admen\u00adtu w&nbsp;\u015bro\u00add\u0119 od 20.00 do 21.00. W&nbsp;tym cza\u00adsie oka\u00adzja do spo\u00adwie\u00addzi przed uro\u00adczy\u00adsto\u00ad\u015bci\u0105 Bo\u017ce\u00adgo Cia\u00ad\u0142a. O&nbsp;godz. 20.30 R\u00f3\u017ca\u00adniec \u015bwi\u0119ty.<\/span><\/span><\/p>\n<\/li>\n<li>\n<p align=\"justify\"><span style=\"font-family: Book Antiqua, serif;\"><span style=\"font-size: medium;\">W czwar\u00adtek obcho\u00addzi\u00admy <\/span><\/span><span style=\"font-family: Book Antiqua, serif;\"><span style=\"font-size: medium;\"><b>Uro\u00adczy\u00adsto\u015b\u0107 Naj\u00ad\u015bwi\u0119t\u00adsze\u00adgo Cia\u00ad\u0142a i&nbsp;Krwi Chry\u00adstu\u00adsa<\/b><\/span><\/span><span style=\"font-family: Book Antiqua, serif;\"><span style=\"font-size: medium;\">, czy\u00adli Bo\u017ce Cia\u00ad\u0142o. Msze \u015bw. spra\u00adwu\u00adje\u00admy w&nbsp;nast\u0119\u00adpu\u00adj\u0105\u00adcym porz\u0105d\u00adku: o&nbsp;6.30, 7.30, 9.00, po pro\u00adce\u00adsji ok. 11.30 oraz wie\u00adczo\u00adrem o&nbsp;godz. 18.00.<\/span><\/span><\/p>\n<\/li>\n<\/ol>\n<p style=\"padding-left: 40px;\" align=\"justify\"><span style=\"font-family: Book Antiqua, serif;\"><span style=\"font-size: medium;\">Po Mszy \u015bw. o&nbsp;godz. 9.00, czy\u00adli ok. godz. 10.00 z&nbsp;ko\u015bcio\u00ad\u0142a wyru\u00adszy pro\u00adce\u00adsja z&nbsp;Naj\u00ad\u015bwi\u0119t\u00adszym Sakra\u00admen\u00adtem nast\u0119\u00adpu\u00adj\u0105\u00adc\u0105 tra\u00ads\u0105: ul. Ko\u015bciusz\u00adki, Bato\u00adre\u00adgo, D\u0105brow\u00adskie\u00adgo, Dwor\u00adco\u00adwa, Dra Zie\u00adli\u0144\u00adskie\u00adgo, Kr\u00f3\u00adlo\u00adwej Jadwi\u00adgi i&nbsp;ponow\u00adnie Ko\u015bciusz\u00adki do ko\u015bcio\u00ad\u0142a. Zgod\u00adnie z&nbsp;zale\u00adce\u00adniem Ks. Bisku\u00adpa przy ka\u017c\u00addym o\u0142ta\u00adrzu zosta\u00adnie wyg\u0142o\u00adszo\u00adna kr\u00f3t\u00adka homi\u00adlia. Bar\u00addzo pro\u00adsi\u00admy o&nbsp;ude\u00adko\u00adro\u00adwa\u00adnie dom\u00f3w i&nbsp;przy\u00adgo\u00adto\u00adwa\u00adnie o\u0142ta\u00adrzy na tra\u00adsie pro\u00adce\u00adsji, o&nbsp;udzia\u0142 w&nbsp;pro\u00adce\u00adsji wszyst\u00adkich sztan\u00adda\u00adr\u00f3w, cho\u00adr\u0105\u00adgwi i&nbsp;fere\u00adtro\u00adn\u00f3w, Pan\u00f3w z&nbsp;orkie\u00adstry, a&nbsp;Dru\u00adh\u00f3w Stra\u00ad\u017ca\u00adk\u00f3w o&nbsp;usta\u00adwie\u00adnie pro\u00adce\u00adsji, porz\u0105d\u00adko\u00adwa\u00adnie jej i&nbsp;pro\u00adwa\u00addze\u00adnie. Ch\u0142op\u00adcy przy\u00adj\u0119\u00adci do I. Komu\u00adnii \u015bw. id\u0105 w&nbsp;pro\u00adce\u00adsji zaraz za bal\u00adda\u00adchi\u00admem. Cz\u0119\u015b\u0107 tych dzie\u00adci zapra\u00adsza\u00admy do nie\u00adsie\u00adnia sztan\u00adda\u00adr\u00f3w i&nbsp;podu\u00adszek. Panie kate\u00adchet\u00adki pro\u00adsi\u00admy, aby pokie\u00adro\u00adwa\u00ad\u0142y dzie\u0107\u00admi w&nbsp;Uro\u00adczy\u00adsto\u015b\u0107 i&nbsp;pod\u00adczas Okta\u00adwy. W&nbsp;Krzy\u00ad\u017cu Msza \u015bw. z&nbsp;pro\u00adce\u00adsj\u0105 do czte\u00adrech o\u0142ta\u00adrzy o&nbsp;godz. 15.00. <\/span><\/span><\/p>\n<ol start=\"6\">\n<li>\n<p align=\"justify\"><span style=\"font-family: Book Antiqua, serif;\"><span style=\"font-size: medium;\">Oso\u00adby nosz\u0105\u00adce cho\u00adr\u0105\u00adgwie i&nbsp;fere\u00adtro\u00adny pro\u00adsi\u00admy o&nbsp;wcze\u00ad\u015bniej\u00adsze ich przy\u00adgo\u00adto\u00adwa\u00adnie i&nbsp;nosze\u00adnie w&nbsp;Uro\u00adczy\u00adsto\u015b\u0107 Bo\u017ce\u00adgo Cia\u00ad\u0142a i&nbsp;przez ca\u0142\u0105 Oktaw\u0119.&nbsp;<\/span><\/span><\/p>\n<\/li>\n<li>\n<p align=\"justify\"><span style=\"font-family: Book Antiqua, serif;\"><span style=\"font-size: medium;\">Dziew\u00adczyn\u00adki pierw\u00adszo\u00adko\u00admu\u00adnij\u00adne i&nbsp;pozo\u00adsta\u00ad\u0142e dziew\u00adczyn\u00adki zapra\u00adsza\u00admy do sypa\u00adnia kwiat\u00adk\u00f3w. Pr\u00f3\u00adby sypa\u00adnia kwia\u00adt\u00f3w odb\u0119\u00add\u0105 si\u0119 we wto\u00adrek i&nbsp;\u015bro\u00add\u0119 o&nbsp;godz. 17.00. Rodzi\u00adc\u00f3w pro\u00adsi\u00admy o&nbsp;przy\u00adgo\u00adto\u00adwa\u00adnie dla dziew\u00adczy\u00adnek koszycz\u00adk\u00f3w i&nbsp;kwiat\u00f3w.<\/span><\/span><\/p>\n<\/li>\n<\/ol>\n<p style=\"padding-left: 40px;\" align=\"justify\"><span style=\"font-family: Book Antiqua, serif;\"><span style=\"font-size: medium;\">Bar\u00addzo pro\u00adsi\u00admy wszyst\u00adkich o&nbsp;pomoc w&nbsp;zbie\u00adra\u00adniu kwia\u00adt\u00f3w na pro\u00adce\u00adsj\u0119 Bo\u017ce\u00adgo Cia\u00ad\u0142a, aby nie zabra\u00adk\u0142o kwia\u00adt\u00f3w dla Pana Jezu\u00adsa. Kwia\u00adty od wtor\u00adku b\u0119dzie mo\u017c\u00adna wsy\u00adpy\u00adwa\u0107 do pojem\u00adni\u00adka wysta\u00adwio\u00adne\u00adgo przy wej\u00ad\u015bciu do ko\u015bcio\u0142a.<\/span><\/span><\/p>\n<ol start=\"8\">\n<li><span style=\"font-family: Book Antiqua, serif;\"><span style=\"font-size: medium;\">W przy\u00adsz\u0142\u0105 nie\u00addzie\u00adl\u0119 na Msz\u0119 \u015bw. o&nbsp;11.00 zapra\u00adsza\u00admy dzie\u00adci kt\u00f3\u00adre rok temu przy\u00adst\u0105\u00adpi\u00ad\u0142y do I&nbsp;Komu\u00adnii. Po tej Mszy \u015bw. pro\u00adce\u00adsja eucha\u00adry\u00adstycz\u00adna w&nbsp;ramach Okta\u00adwy Bo\u017ce\u00adgo Cia\u00ad\u0142a. Przed ko\u015bcio\u00ad\u0142em m\u0142o\u00addzie\u017c KSM b\u0119dzie roz\u00adpro\u00adwa\u00addza\u0107 domo\u00adwe cia\u00adsto. W&nbsp;ten spo\u00ads\u00f3b zbie\u00adra\u00adj\u0105 fun\u00addu\u00adsze na piel\u00adgrzym\u00adk\u0119 do W\u0142och na jubi\u00adle\u00adusz m\u0142o\u00addych. Dat\u00adki na ten cel mo\u017c\u00adna sk\u0142a\u00adda\u0107 r\u00f3w\u00adnie\u017c do skar\u00adbo\u00adnek z&nbsp;gazet\u00adka\u00admi. S\u0105 jesz\u00adcze trzy miej\u00adsca. Wyjazd odb\u0119\u00addzie si\u0119 w&nbsp;dniach 22 lip\u00adca \u2013 5&nbsp;sierp\u00adnia, a&nbsp;koszt wyno\u00adsi 3500 z\u0142. Ch\u0119t\u00adni mog\u0105 si\u0119 jesz\u00adcze zg\u0142a\u00adsza\u0107 do ks.&nbsp;Paw\u0142a.<\/span><\/span><\/li>\n<li>\n<p align=\"justify\"><span style=\"font-family: Book Antiqua, serif;\"><span style=\"font-size: medium;\">W sobo\u00adt\u0119 zapra\u00adsza\u00admy te\u017c na ado\u00adra\u00adcj\u0119 Naj\u00ad\u015bwi\u0119t\u00adsze\u00adgo Sakra\u00admen\u00adtu od godz. 7.00 do 8.45.<\/span><\/span><\/p>\n<\/li>\n<li>\n<p align=\"justify\"><span style=\"font-family: Book Antiqua, serif;\"><span style=\"font-size: medium;\">W ubie\u00adg\u0142\u0105 nie\u00addzie\u00adl\u0119 zbie\u00adra\u00adli\u00ad\u015bmy na nowe obi\u00adcia \u0142awek w&nbsp;naszym ko\u015bcie\u00adle. Zebra\u00adli\u00ad\u015bmy 17. 440 z\u0142. Przy\u00adpo\u00admi\u00adna\u00admy, \u017ce ca\u0142\u00adko\u00adwi\u00adty koszt wyno\u00adsi 20 tys. z\u0142. Na \u0142aw\u00adkach dzie\u00adci pierw\u00adszo\u00adko\u00admu\u00adnij\u00adnych znaj\u00addu\u00adj\u0105 si\u0119 ju\u017c nowe obi\u00adcia, a&nbsp;pozo\u00adsta\u00ad\u0142e zosta\u00adn\u0105 zamon\u00adto\u00adwa\u00adne po Bo\u017cym Cie\u00adle. Dzi\u0119\u00adku\u00adje\u00admy ofia\u00adro\u00addaw\u00adcom, r\u00f3w\u00adnie\u017c indy\u00adwi\u00addu\u00adal\u00adnym oraz m\u0142o\u00addzie\u00ad\u017cy KSM za ofia\u00adr\u0119 1000 z\u0142 na o\u0142tarz-reli\u00adkwiarz b\u0142. Car\u00adlo Acutisa.<\/span><\/span><\/p>\n<\/li>\n<li>\n<p align=\"justify\"><span style=\"color: #000000;\"><span style=\"font-family: Bookman Old Style, serif;\"><span style=\"font-size: medium;\">Z oka\u00adzji odpu\u00adstu g\u0142\u00f3w\u00adnej patron\u00adki die\u00adce\u00adzji pel\u00adpli\u0144\u00adskiej \u2013 Mat\u00adki Bo\u017cej Nie\u00adusta\u00adj\u0105\u00adcej Pomo\u00adcy ser\u00addecz\u00adnie zapra\u00adsza\u00admy do wsp\u00f3l\u00adne\u00adgo piel\u00adgrzy\u00admo\u00adwa\u00adnia z&nbsp;Czar\u00adnej Wody do Kalisk. Wyj\u00ad\u015bcie w&nbsp;sobo\u00adt\u0119 28 czerw\u00adca o&nbsp;godz. 7.45. Msza \u015bw. o&nbsp;godz. 12.00 pod prze\u00adwod\u00adnic\u00adtwem abpa Mie\u00adczy\u00ads\u0142a\u00adwa Mokrzyc\u00adkie\u00adgo z&nbsp;wpro\u00adwa\u00addze\u00adniem reli\u00adkwii \u015bw. Jana Paw\u00ad\u0142a II. Mo\u017c\u00adli\u00adwy powr\u00f3t auto\u00adka\u00adrem. Szcze\u00adg\u00f3\u00ad\u0142y u&nbsp;ks. Mateusza.<\/span><\/span><\/span><\/p>\n<\/li>\n<li>\n<p align=\"justify\"><span style=\"color: #000000;\"><span style=\"font-family: Bookman Old Style, serif;\"><span style=\"font-size: medium;\">Uwa\u00adga kan\u00addy\u00adda\u00adci do bierz\u00admo\u00adwa\u00adnia! Oka\u00adzja do spraw\u00addze\u00adnia indek\u00adsu i&nbsp;zali\u00adcze\u00adnia pierw\u00adsze\u00adgo roku for\u00adma\u00adcji od wtor\u00adku do czwart\u00adku (24, 25 i&nbsp;26 czerw\u00adca) w&nbsp;biu\u00adrze parafialnym.<\/span><\/span><\/span><\/p>\n<\/li>\n<li>\n<p align=\"justify\"><span style=\"color: #000000;\"><span style=\"font-family: Bookman Old Style, serif;\"><span style=\"font-size: medium;\">Ryce\u00adrzom Kolum\u00adba ser\u00addecz\u00adnie dzi\u0119\u00adku\u00adje\u00admy za pra\u00adce przy wikariatce.<\/span><\/span><\/span><\/p>\n<\/li>\n<li>\n<p align=\"justify\"><span style=\"color: #000000;\"><span style=\"font-family: Bookman Old Style, serif;\"><span style=\"font-size: medium;\">Film \u201eCar\u00adlo Acu\u00adtis. Plan na \u017cycie\u201d b\u0119dzie wy\u015bwie\u00adtla\u00adny w&nbsp;kinie w&nbsp;Sta\u00adro\u00adgar\u00addzie Gd. we wto\u00adrek (17 czerw\u00adca) o&nbsp;godz. 20.30. Zapi\u00adsy na bilet gru\u00adpo\u00adwy w&nbsp;cenie 15 z\u0142 u&nbsp;ks. Paw\u0142a.<\/span><\/span><\/span><\/p>\n<\/li>\n<li>\n<p align=\"justify\"><span style=\"color: #000000;\"><span style=\"font-family: Bookman Old Style, serif;\"><span style=\"font-size: medium;\">Wyjazd dla m\u0142o\u00addzie\u00ad\u017cy na \u201ePrzy\u00adsta\u0144\u201d w&nbsp;Pel\u00adpli\u00adnie w&nbsp;ponie\u00addzia\u00ad\u0142ek (16 czerw\u00adca). Koszt 30 z\u0142. Zapi\u00adsy u&nbsp;ks. Paw\u0142a.<\/span><\/span><\/span><\/p>\n<\/li>\n<li>\n<p align=\"justify\"><span style=\"color: #000000;\"><span style=\"font-family: Bookman Old Style, serif;\"><span style=\"font-size: medium;\">Para\u00adfia Bru\u00adsy zapra\u00adsza na kon\u00adcert uwiel\u00adbie\u00adnia \u201ePonad fale\u201d, kt\u00f3\u00adry odb\u0119\u00addzie si\u0119 w&nbsp;Bo\u017ce Cia\u00ad\u0142o o&nbsp;godz. 20.00 na pla\u00adcu przy ko\u015bcie\u00adle w&nbsp;Brusach.<\/span><\/span><\/span><\/p>\n<\/li>\n<li>\n<p align=\"justify\"><span style=\"font-family: Book Antiqua, serif;\"><span style=\"font-size: medium;\">Msze \u015bw. w&nbsp;tym tygodniu:<\/span><\/span><\/p>\n<\/li>\n<\/ol>\n<p class=\"western\" style=\"padding-left: 40px;\"><span style=\"color: #000000;\"><span style=\"font-family: Bookman Old Style, serif;\"><span style=\"font-size: medium;\">- w&nbsp;<\/span><\/span><\/span><span style=\"color: #000000;\"><span style=\"font-family: Bookman Old Style, serif;\"><span style=\"font-size: medium;\"><b>1. r. \u015bm. za \u015bp<\/b><\/span><\/span><\/span><span style=\"color: #000000;\"><span style=\"font-family: Bookman Old Style, serif;\"><span style=\"font-size: medium;\">. Roma\u00adna Pru\u00adskie\u00adgo w&nbsp;ponie\u00addzia\u00ad\u0142ek o&nbsp;godz. 18.00 oraz za \u015bp. Bar\u00adba\u00adr\u0119 Sma\u00adgli\u0144\u00adsk\u0105 w&nbsp;pi\u0105\u00adtek o&nbsp;godz. 18.00.<\/span><\/span><\/span><\/p>\n<p class=\"western\" style=\"padding-left: 40px;\"><a name=\"_GoBack\"><\/a> <span style=\"color: #000000;\"><span style=\"font-family: Bookman Old Style, serif;\"><span style=\"font-size: medium;\">W&nbsp;minio\u00adnym tygo\u00addniu po\u017ce\u00adgna\u00adli\u00ad\u015bmy \u015bp. Ew\u0119 Chmie\u00adlec\u00adk\u0105 (l. 70) zam. ul. Przy\u00adto\u00adro\u00adwa, \u015bp. Mari\u0119 Dam\u00adrat (l. 83) zam. ul. St. Urz\u0119\u00addu, \u015bp. Zofi\u0119 Zyg\u00adma\u0144\u00adska (l. 78) zam. B\u0119d\u017a\u00admie\u00adro\u00adwi\u00adce oraz \u015bp. Robert Musio\u0142 (l. 49) zam. ul. Tuchol\u00adska, Maria Krie\u00adzel (l. 88) z&nbsp;ul. Tuchol\u00adskiej. Jej pogrzeb w&nbsp;ponie\u00addzia\u00ad\u0142ek o&nbsp;godz. 9.30. Wiecz\u00adny odpo\u00adczy\u00adnek racz im da\u0107&nbsp;Panie\u2026<\/span><\/span><\/span><\/p>\n","protected":false},"excerpt":{"rendered":"<p>Dzi\u00adsiaj o&nbsp;godz. 11.00 odb\u0119\u00addzie si\u0119 uro\u00adczy\u00adsto\u015b\u0107 Pierw\u00adszej Komu\u00adnii \u015awi\u0119\u00adtej. W&nbsp;ramach Bia\u00ad\u0142e\u00adgo Tygo\u00addnia zapra\u00adsza\u00admy dzie\u00adci pierw\u00adszo\u00adko\u00admu\u00adnij\u00adne do udzia\u00ad\u0142u we Mszy \u015bw. od ponie\u00addzia\u0142\u00adku do \u015bro\u00addy i&nbsp;w&nbsp;pi\u0105\u00adtek o&nbsp;godz. 18.00 , w&nbsp;czwar\u00adtek o&nbsp;godz. 9.00, w&nbsp;sobo\u00adt\u0119 o&nbsp;godz. 8.45 z&nbsp;pro\u00adce\u00adsj\u0105 eucha\u00adry\u00adstycz\u00adn\u0105 dooko\u00ad\u0142a ko\u015bcio\u00ad\u0142a, w&nbsp;nie\u00addzie\u00adl\u0119 \u2026 <a href=\"https:\/\/www.parafia-czersk.pl\/?p=2038\">Czy\u00adtaj dalej <span class=\"meta-nav\">\u2192<\/span><\/a><\/p>\n","protected":false},"author":1,"featured_media":0,"comment_status":"closed","ping_status":"open","sticky":false,"template":"","format":"standard","meta":{"pagelayer_contact_templates":[],"_pagelayer_content":"","wp_typography_post_enhancements_disabled":false,"footnotes":""},"categories":[3],"tags":[],"class_list":["post-2038","post","type-post","status-publish","format-standard","hentry","category-ogloszenia"],"aioseo_notices":[],"_links":{"self":[{"href":"https:\/\/www.parafia-czersk.pl\/index.php?rest_route=\/wp\/v2\/posts\/2038","targetHints":{"allow":["GET"]}}],"collection":[{"href":"https:\/\/www.parafia-czersk.pl\/index.php?rest_route=\/wp\/v2\/posts"}],"about":[{"href":"https:\/\/www.parafia-czersk.pl\/index.php?rest_route=\/wp\/v2\/types\/post"}],"author":[{"embeddable":true,"href":"https:\/\/www.parafia-czersk.pl\/index.php?rest_route=\/wp\/v2\/users\/1"}],"replies":[{"embeddable":true,"href":"https:\/\/www.parafia-czersk.pl\/index.php?rest_route=%2Fwp%2Fv2%2Fcomments&post=2038"}],"version-history":[{"count":1,"href":"https:\/\/www.parafia-czersk.pl\/index.php?rest_route=\/wp\/v2\/posts\/2038\/revisions"}],"predecessor-version":[{"id":2039,"href":"https:\/\/www.parafia-czersk.pl\/index.php?rest_route=\/wp\/v2\/posts\/2038\/revisions\/2039"}],"wp:attachment":[{"href":"https:\/\/www.parafia-czersk.pl\/index.php?rest_route=%2Fwp%2Fv2%2Fmedia&parent=2038"}],"wp:term":[{"taxonomy":"category","embeddable":true,"href":"https:\/\/www.parafia-czersk.pl\/index.php?rest_route=%2Fwp%2Fv2%2Fcategories&post=2038"},{"taxonomy":"post_tag","embeddable":true,"href":"https:\/\/www.parafia-czersk.pl\/index.php?rest_route=%2Fwp%2Fv2%2Ftags&post=2038"}],"curies":[{"name":"wp","href":"https:\/\/api.w.org\/{rel}","templated":true}]}}