{"id":2076,"date":"2025-08-24T10:27:45","date_gmt":"2025-08-24T10:27:45","guid":{"rendered":"https:\/\/www.parafia-czersk.pl\/?p=2076"},"modified":"2025-08-24T10:28:45","modified_gmt":"2025-08-24T10:28:45","slug":"intencje-21-tydzien-zwykly","status":"publish","type":"post","link":"https:\/\/www.parafia-czersk.pl\/?p=2076","title":{"rendered":"Intencje 21. tydzie\u0144 zwyk\u0142y"},"content":{"rendered":"<table>\n<tbody>\n<tr>\n<td colspan=\"3\"><\/td>\n<\/tr>\n<tr>\n<td><strong>Data<\/strong><\/td>\n<td><strong>Godz.<\/strong><\/td>\n<td><strong>Inten\u00adcja<\/strong><\/td>\n<\/tr>\n<tr>\n<td><strong>&nbsp;<\/strong><\/td>\n<td><strong>06:30<\/strong><\/td>\n<td>\u2020 Domi\u00adnik Ja\u017c\u00add\u017cew\u00adski z&nbsp;ok. ur.<\/td>\n<\/tr>\n<tr>\n<td><strong>Ponie\u00addzia\u00ad\u0142ek<\/strong><\/td>\n<td><strong>08:45<\/strong><\/td>\n<td>\u2020 za dusze w&nbsp;czy\u015b\u0107\u00adcu cier\u00adpi\u0105\u00adce od Apo\u00adstol\u00adstwa Pomo\u00adcy Duszom Czy\u015b\u0107cowym<\/td>\n<\/tr>\n<tr>\n<td><strong>25 sierp\u00adnia<\/strong><\/td>\n<td><strong>18:00<\/strong><\/td>\n<td>\u2020 Zofia Roz\u00adma\u00adry\u00adno\u00adwicz w&nbsp;35. r. \u015bm. oraz m\u0105\u017c&nbsp;Jan<\/td>\n<\/tr>\n<tr>\n<td><strong>&nbsp;<\/strong><\/td>\n<td><strong>18:00<\/strong><\/td>\n<td>\u2020 Zbi\u00adgniew \u0141an\u00adgow\u00adski w&nbsp;1. r. \u015bm. oraz zm. rodzi\u00adce El\u017c\u00adbie\u00adta w&nbsp;11. r. \u015bm. i&nbsp;Klemens<\/td>\n<\/tr>\n<tr>\n<td><strong>&nbsp;<\/strong><\/td>\n<td><strong>06:30<\/strong><\/td>\n<td>\u2020 ojciec Marian Pozor\u00adski, \u017cona Wan\u00adda oraz wnuk Janusz<\/td>\n<\/tr>\n<tr>\n<td><strong>Wto\u00adrek<\/strong><\/td>\n<td><strong>08:45<\/strong><\/td>\n<td>Z podz. za otrzy\u00adma\u00adne \u0142aski, z&nbsp;pro\u015b\u00adb\u0105 o&nbsp;Bo\u017ce b\u0142og. i&nbsp;opie\u00adk\u0119 MB dla Kac\u00adpra z&nbsp;ok. 16. r.&nbsp;ur.<\/td>\n<\/tr>\n<tr>\n<td><strong>26 sierp\u00adnia<\/strong><\/td>\n<td><strong>08:45<\/strong><\/td>\n<td>\u2020 Kry\u00adsty\u00adna Pest\u00adka w&nbsp;30. dzie\u0144 po pogrzebie<\/td>\n<\/tr>\n<tr>\n<td><strong>&nbsp;<\/strong><\/td>\n<td><strong>18:00<\/strong><\/td>\n<td>\u2020 Lidia Lan\u00addow\u00adska w&nbsp;4. r. \u015bm. oraz m\u0105\u017c Tadeusz<\/td>\n<\/tr>\n<tr>\n<td><strong>&nbsp;<\/strong><\/td>\n<td><strong>06:30<\/strong><\/td>\n<td>\u2020 Ryszard Nowak<\/td>\n<\/tr>\n<tr>\n<td><strong>\u015aro\u00adda<\/strong><\/td>\n<td><strong>08:45<\/strong><\/td>\n<td>\u2020 Roman, Tere\u00adsa i&nbsp;Adam Urba\u0144\u00adscy oraz zm. z&nbsp;rodzi\u00adny Szrajber<\/td>\n<\/tr>\n<tr>\n<td><strong>27 sierp\u00adnia<\/strong><\/td>\n<td><strong>18:00<\/strong><\/td>\n<td>\u2020 Tade\u00adusz Sakow\u00adski z&nbsp;ok. 1. r.&nbsp;\u015bm.<\/td>\n<\/tr>\n<tr>\n<td><strong>&nbsp;<\/strong><\/td>\n<td><strong>06:30<\/strong><\/td>\n<td>\u2020 Rena\u00adta Kosie\u00addow\u00adska w&nbsp;24. r. \u015bm. oraz m\u0105\u017c Henryk<\/td>\n<\/tr>\n<tr>\n<td><strong>Czwar\u00adtek<\/strong><\/td>\n<td><strong>08:45<\/strong><\/td>\n<td>\u2020 Jan Ossow\u00adski oraz syno\u00adwie Piotr i&nbsp;Roman<\/td>\n<\/tr>\n<tr>\n<td><strong>28 sierp\u00adnia<\/strong><\/td>\n<td><strong>18:00<\/strong><\/td>\n<td>\u2020 Ste\u00adfa\u00adnia i&nbsp;Mak\u00adsy\u00admi\u00adlian Wiel\u00adgosz, zm. rodzi\u00adce z&nbsp;ob. str., Bogu\u00admi\u00ad\u0142a, Tade\u00adusz oraz&nbsp;Jerzy<\/td>\n<\/tr>\n<tr>\n<td><strong>&nbsp;<\/strong><\/td>\n<td><strong>06:30<\/strong><\/td>\n<td>\u2020 Bogu\u00ads\u0142a\u00adwa Gac w&nbsp;4. r. \u015bm. oraz m\u0105\u017c&nbsp;Roman<\/td>\n<\/tr>\n<tr>\n<td><strong>Pi\u0105\u00adtek<\/strong><\/td>\n<td><strong>08:45<\/strong><\/td>\n<td>\u2020 Wie\u00ads\u0142a\u00adwa Po\u0142om w&nbsp;3. r.&nbsp;\u015bm.<\/td>\n<\/tr>\n<tr>\n<td><strong>29 sierp\u00adnia<\/strong><\/td>\n<td><strong>18:00<\/strong><\/td>\n<td>\u2020 Ste\u00adfan Fie\u00adrek w&nbsp;29. r. \u015bm., zm. rodzi\u00adce oraz sio\u00adstra Kry\u00adsty\u00adna Fie\u00adrek (int. od S\u0142u\u017c\u00adby Zdro\u00adwia z&nbsp;Dzier\u017c\u0105\u017cna)<\/td>\n<\/tr>\n<tr>\n<td><strong>&nbsp;<\/strong><\/td>\n<td><strong>06:30<\/strong><\/td>\n<td>\u2020 Zofia i&nbsp;Anna Jene\u00adral\u00adskie oraz zm. rodzi\u00adce Leoka\u00addia i&nbsp;Boles\u0142aw<\/td>\n<\/tr>\n<tr>\n<td><strong>Sobo\u00adta<\/strong><\/td>\n<td><strong>08:45<\/strong><\/td>\n<td>\u2020 Cze\u00ads\u0142aw Krenski<\/td>\n<\/tr>\n<tr>\n<td><strong>30 sierp\u00adnia<\/strong><\/td>\n<td><strong>08:45<\/strong><\/td>\n<td>\u2020 Mario\u00adla Grze\u00adca w&nbsp;30. dzie\u0144 po pogrzebie<\/td>\n<\/tr>\n<tr>\n<td><strong>&nbsp;<\/strong><\/td>\n<td><strong>16:00<\/strong><\/td>\n<td>Z podz. za otrzy\u00adma\u00adne \u0142aski, z&nbsp;pro\u015b\u00adb\u0105 o&nbsp;Bo\u017ce b\u0142og. i&nbsp;opie\u00adk\u0119 MB dla Bar\u00adba\u00adry i&nbsp;W\u0142o\u00addzi\u00admie\u00adrza Kru\u00adpa w&nbsp;50. r.&nbsp;\u015blubu<\/td>\n<\/tr>\n<tr>\n<td><strong>&nbsp;<\/strong><\/td>\n<td><strong>18:00<\/strong><\/td>\n<td>\u2020 Ste\u00adfa\u00adnia i&nbsp;Zyg\u00admunt Pie\u00adsik, zm. rodzi\u00adce z&nbsp;ob. str. oraz c\u00f3r\u00adka Maria Rydzkowska<\/td>\n<\/tr>\n<tr>\n<td><strong>&nbsp;<\/strong><\/td>\n<td><strong>06:30<\/strong><\/td>\n<td>\u2020 Jan, \u017cona Zofia, sio\u00adstra Anna, zm. syno\u00adwie i&nbsp;synowe<\/td>\n<\/tr>\n<tr>\n<td><strong>&nbsp;<\/strong><\/td>\n<td><strong>07:30<\/strong><\/td>\n<td>\u2020 Fran\u00adci\u00adszek Mur\u00adkow\u00adski, Teo\u00addo\u00adzja oraz Rozalia<\/td>\n<\/tr>\n<tr>\n<td><strong>Nie\u00addzie\u00adla<\/strong><\/td>\n<td><strong>08:45<\/strong><\/td>\n<td>W inten\u00adcji Parafii<\/td>\n<\/tr>\n<tr>\n<td><strong>31 sierp\u00adnia<\/strong><\/td>\n<td><strong>10:00<\/strong><\/td>\n<td>\u2020 Sta\u00adni\u00ads\u0142a\u00adwa w&nbsp;dn. ur. i&nbsp;Ryszard Niklasz, syno\u00adwie Zbi\u00adgniew i&nbsp;Cze\u00ads\u0142aw oraz zi\u0119\u00adcio\u00adwie Hen\u00adryk i&nbsp;Jan<\/td>\n<\/tr>\n<tr>\n<td><strong>&nbsp;<\/strong><\/td>\n<td><strong>11:00<\/strong><\/td>\n<td>Z podz. za otrzy\u00adma\u00adne \u0142aski, z&nbsp;pro\u015b\u00adb\u0105 o&nbsp;Bo\u017ce b\u0142og. i&nbsp;opie\u00adk\u0119 MB dla rodziny<\/td>\n<\/tr>\n<tr>\n<td><strong>&nbsp;<\/strong><\/td>\n<td><strong>12:30<\/strong><\/td>\n<td>\u2020 zm. z&nbsp;rodzi\u00adny Kuczy\u0144\u00adskich oraz dusze w&nbsp;czy\u015b\u0107\u00adcu cierpi\u0105ce<\/td>\n<\/tr>\n<tr>\n<td><strong>&nbsp;<\/strong><\/td>\n<td><strong>16:00<\/strong><\/td>\n<td>Z podz. za otrzy\u00adma\u00adne \u0142aski, z&nbsp;pro\u015b\u00adb\u0105 o&nbsp;Bo\u017ce b\u0142og. i&nbsp;opie\u00adk\u0119 MB dla Han\u00adny i&nbsp;Toma\u00adsza z&nbsp;ok. 35. r.&nbsp;\u015blubu<\/td>\n<\/tr>\n<tr>\n<td><strong>&nbsp;<\/strong><\/td>\n<td><strong>18:00<\/strong><\/td>\n<td>\u2020 Zofia Rumi\u0144ska<\/td>\n<\/tr>\n<\/tbody>\n<\/table>\n<p>&nbsp;<\/p>\n","protected":false},"excerpt":{"rendered":"<p>Data Godz. Inten\u00adcja &nbsp; 06:30 \u2020 Domi\u00adnik Ja\u017c\u00add\u017cew\u00adski z&nbsp;ok. ur. Ponie\u00addzia\u00ad\u0142ek 08:45 \u2020 za dusze w&nbsp;czy\u015b\u0107\u00adcu cier\u00adpi\u0105\u00adce od Apo\u00adstol\u00adstwa Pomo\u00adcy Duszom Czy\u015b\u0107\u00adco\u00adwym 25 sierp\u00adnia 18:00 \u2020 Zofia Roz\u00adma\u00adry\u00adno\u00adwicz w&nbsp;35. r. \u015bm. oraz m\u0105\u017c&nbsp;Jan &nbsp; 18:00 \u2020 Zbi\u00adgniew \u0141an\u00adgow\u00adski w&nbsp;1. r. \u2026 <a href=\"https:\/\/www.parafia-czersk.pl\/?p=2076\">Czy\u00adtaj dalej <span class=\"meta-nav\">\u2192<\/span><\/a><\/p>\n","protected":false},"author":1,"featured_media":0,"comment_status":"closed","ping_status":"open","sticky":false,"template":"","format":"standard","meta":{"pagelayer_contact_templates":[],"_pagelayer_content":"","wp_typography_post_enhancements_disabled":false,"footnotes":""},"categories":[2],"tags":[],"class_list":["post-2076","post","type-post","status-publish","format-standard","hentry","category-intencje"],"aioseo_notices":[],"_links":{"self":[{"href":"https:\/\/www.parafia-czersk.pl\/index.php?rest_route=\/wp\/v2\/posts\/2076","targetHints":{"allow":["GET"]}}],"collection":[{"href":"https:\/\/www.parafia-czersk.pl\/index.php?rest_route=\/wp\/v2\/posts"}],"about":[{"href":"https:\/\/www.parafia-czersk.pl\/index.php?rest_route=\/wp\/v2\/types\/post"}],"author":[{"embeddable":true,"href":"https:\/\/www.parafia-czersk.pl\/index.php?rest_route=\/wp\/v2\/users\/1"}],"replies":[{"embeddable":true,"href":"https:\/\/www.parafia-czersk.pl\/index.php?rest_route=%2Fwp%2Fv2%2Fcomments&post=2076"}],"version-history":[{"count":2,"href":"https:\/\/www.parafia-czersk.pl\/index.php?rest_route=\/wp\/v2\/posts\/2076\/revisions"}],"predecessor-version":[{"id":2078,"href":"https:\/\/www.parafia-czersk.pl\/index.php?rest_route=\/wp\/v2\/posts\/2076\/revisions\/2078"}],"wp:attachment":[{"href":"https:\/\/www.parafia-czersk.pl\/index.php?rest_route=%2Fwp%2Fv2%2Fmedia&parent=2076"}],"wp:term":[{"taxonomy":"category","embeddable":true,"href":"https:\/\/www.parafia-czersk.pl\/index.php?rest_route=%2Fwp%2Fv2%2Fcategories&post=2076"},{"taxonomy":"post_tag","embeddable":true,"href":"https:\/\/www.parafia-czersk.pl\/index.php?rest_route=%2Fwp%2Fv2%2Ftags&post=2076"}],"curies":[{"name":"wp","href":"https:\/\/api.w.org\/{rel}","templated":true}]}}