{"id":2086,"date":"2025-09-07T16:58:58","date_gmt":"2025-09-07T16:58:58","guid":{"rendered":"https:\/\/www.parafia-czersk.pl\/?p=2086"},"modified":"2025-09-07T16:58:58","modified_gmt":"2025-09-07T16:58:58","slug":"xxiii-niedziela-zwykla-7-wrzesnia-2025-r","status":"publish","type":"post","link":"https:\/\/www.parafia-czersk.pl\/?p=2086","title":{"rendered":"XXIII NIEDZIELA ZWYK\u0141A  7&nbsp;wrze\u015bnia 2025&nbsp;r."},"content":{"rendered":"<ol>\n<li>\n<p align=\"justify\"><span style=\"font-family: Times New Roman, serif;\"><span style=\"font-size: large;\">Spo\u00adtka\u00adnie \u017bywe\u00adgo R\u00f3\u017ca\u0144\u00adca odb\u0119\u00addzie si\u0119 dzi\u00adsiaj po Mszy \u015bw. o&nbsp;8.45.<\/span><\/span><\/p>\n<\/li>\n<li>\n<p align=\"justify\"><a name=\"_GoBack\"><\/a> <span style=\"font-family: Times New Roman, serif;\"><span style=\"font-size: large;\">Dzi\u00adsiaj w&nbsp;Rzy\u00admie odby\u00adwa si\u0119 kano\u00adni\u00adza\u00adcja b\u0142. Car\u00adlo Acu\u00adti\u00adsa i&nbsp;b\u0142. Pier\u00adre Geo\u00adr\u00adge Fras\u00adsa\u00adti, dw\u00f3ch m\u0142o\u00addych W\u0142o\u00adch\u00f3w, patro\u00adn\u00f3w dzie\u00adci i&nbsp;m\u0142odzie\u017cy.<\/span><\/span><\/p>\n<\/li>\n<li>\n<p align=\"justify\"><span style=\"font-family: Times New Roman, serif;\"><span style=\"font-size: large;\">W ponie\u00addzia\u00ad\u0142ek o&nbsp;18.00 Msza \u015bwi\u0119\u00adta za rodzi\u00adc\u00f3w dotkni\u0119\u00adtych stra\u00adt\u0105 dziec\u00adka, a&nbsp;potem spo\u00adtka\u00adnie w&nbsp;salce.<\/span><\/span><\/p>\n<\/li>\n<li>\n<p align=\"justify\"><span style=\"font-family: Times New Roman, serif;\"><span style=\"font-size: large;\">W \u015bro\u00add\u0119 o&nbsp;19.00 zapra\u00adsza\u00admy na spo\u00adtka\u00adnie dla ma\u0142\u00ad\u017con\u00adk\u00f3w, kt\u00f3\u00adrzy chc\u0105 pog\u0142\u0119\u00adbia\u0107 sw\u00f3j dia\u00adlog w&nbsp;salce.&nbsp;<\/span><\/span><\/p>\n<\/li>\n<li>\n<p align=\"justify\"><span style=\"font-family: Times New Roman, serif;\"><span style=\"font-size: large;\">W \u015bro\u00add\u0119 o&nbsp;19.00 zapra\u00adsza\u00admy na spo\u00adtka\u00adnie kate\u00adche\u00adt\u00f3w w&nbsp;sal\u00adce m\u0142o\u00addzie\u00ad\u017co\u00adwej, daw\u00adnej biblio\u00adte\u00adce parafialnej.<\/span><\/span><\/p>\n<\/li>\n<li>\n<p align=\"justify\"><span style=\"font-family: Times New Roman, serif;\"><span style=\"font-size: large;\">Ado\u00adra\u00adcja Naj\u00ad\u015bwi\u0119t\u00adsze\u00adgo Sakra\u00admen\u00adtu w&nbsp;\u015bro\u00add\u0119 od godz. 20.00 do 21.00 i&nbsp;w sobo\u00adt\u0119 od 7.00 do 8.45.<\/span><\/span><\/p>\n<\/li>\n<li>\n<p align=\"justify\"><span style=\"font-family: Times New Roman, serif;\"><span style=\"font-size: large;\">KSM i&nbsp;m\u0142o\u00addzie\u00ad\u017co\u00adwy zesp\u00f3\u0142 muzycz\u00adny zapra\u00adsza na modli\u00adtw\u0119 ado\u00adra\u00adcji Naj\u00ad\u015bwi\u0119t\u00adsze\u00adgo Sakra\u00admen\u00adtu po\u0142\u0105\u00adczo\u00adna ze \u015bpie\u00adwem i&nbsp;roz\u00adwa\u00ad\u017ca\u00adniem Bo\u017ce\u00adgo S\u0142o\u00adwa. Modli\u00adtew\u00adne spo\u00adtka\u00adnie dla m\u0142o\u00addzie\u00ad\u017cy ii doro\u00ads\u0142ych w&nbsp;pi\u0105\u00adtek, 12 wrze\u00ad\u015bnia od 18.45 do 19.30 w&nbsp;ko\u015bciele.&nbsp;<\/span><\/span><\/p>\n<\/li>\n<li>\n<p align=\"justify\"><span style=\"font-family: Times New Roman, serif;\"><span style=\"font-size: large;\">Zapra\u00adsza\u00admy na nabo\u00ad\u017ce\u0144\u00adstwo fatim\u00adskie w&nbsp;sobo\u00adt\u0119 o&nbsp;godz. 20.00. Pro\u00adsi\u00admy o&nbsp;przy\u00adnie\u00adsie\u00adnie&nbsp;\u015bwiec.<\/span><\/span><\/p>\n<\/li>\n<li>\n<p align=\"justify\"><span style=\"font-family: Times New Roman, serif;\"><span style=\"font-size: large;\">W przy\u00adsz\u0142\u0105 nie\u00addzie\u00adl\u0119 na Mszy \u015bw. o&nbsp;godz. 12.30 udzie\u00adli\u00admy sakra\u00admen\u00adtu chrztu \u015bw. Spo\u00adtka\u00adnie przed chrztem w&nbsp;sobo\u00adt\u0119 o&nbsp;16.30.<\/span><\/span><\/p>\n<\/li>\n<li>\n<p align=\"justify\"><span style=\"font-family: Times New Roman, serif;\"><span style=\"font-size: large;\">Kolek\u00adta \u2013 dru\u00adga w&nbsp;mie\u00adsi\u0105\u00adcu \u2013 b\u0119dzie prze\u00adzna\u00adczo\u00adna na pra\u00adce remon\u00adto\u00adwe w&nbsp;naszej parafii.<\/span><\/span><\/p>\n<\/li>\n<li>\n<p align=\"justify\"><span style=\"font-family: Times New Roman, serif;\"><span style=\"font-size: large;\">W nie\u00addzie\u00adl\u0119 przy\u00adpa\u00adda \u015awi\u0119\u00adto Pod\u00adwy\u017c\u00adsze\u00adnia Krzy\u00ad\u017ca&nbsp;\u015bw. Na sum\u0119 odpu\u00adsto\u00adw\u0105 w&nbsp;Krzy\u00ad\u017cu zapra\u00adsza\u00admy w&nbsp;nie\u00addzie\u00adl\u0119 o&nbsp;godz. 14.00.<\/span><\/span><\/p>\n<\/li>\n<li>\n<p align=\"justify\"><span style=\"font-family: Times New Roman, serif;\"><span style=\"font-size: large;\">Spo\u00adtka\u00adnie dla kan\u00addy\u00adda\u00adt\u00f3w do bierz\u00admo\u00adwa\u00adnia i&nbsp;przy\u00adnaj\u00admniej jed\u00adne\u00adgo z&nbsp;rodzi\u00adc\u00f3w w&nbsp;nie\u00addzie\u00adl\u0119, 14 wrze\u00ad\u015bnia o&nbsp;13.20 w&nbsp;ko\u015bcie\u00adle. Spo\u00adtka\u00adnie potrwa 20&nbsp;minut.<\/span><\/span><\/p>\n<\/li>\n<li>\n<p align=\"justify\"><span style=\"font-family: Times New Roman, serif;\"><span style=\"font-size: large;\">W pi\u0105\u00adtek, 19 wrze\u00ad\u015bnia po wie\u00adczor\u00adnej Mszy \u015bwi\u0119\u00adtej w&nbsp;sal\u00adce para\u00adfial\u00adnej odb\u0119\u00addzie si\u0119 spo\u00adtka\u00adnie popiel\u00adgrzym\u00adko\u00adwe dla uczest\u00adni\u00adk\u00f3w tego\u00adrocz\u00adnej piel\u00adgrzym\u00adki rowe\u00adro\u00adwej na Jasna G\u00f3r\u0119 i&nbsp;sym\u00adpa\u00adty\u00adk\u00f3w rowe\u00adro\u00adwe\u00adgo piel\u00adgrzy\u00admo\u00adwa\u00adnia. Ser\u00addecz\u00adnie zapraszamy.<\/span><\/span><\/p>\n<\/li>\n<li>\n<p align=\"justify\"><span style=\"font-family: Times New Roman, serif;\"><span style=\"font-size: large;\">Rycer\u00adstwo Nie\u00adpo\u00adka\u00adla\u00adnej orga\u00adni\u00adzu\u00adje dru\u00adg\u0105 piel\u00adgrzym\u00adk\u0119 do Gie\u00adtrz\u00adwa\u0142\u00addu, kt\u00f3\u00adra odb\u0119\u00addzie si\u0119 20 wrze\u00ad\u015bnia, a&nbsp;nie jak wcze\u00ad\u015bniej og\u0142a\u00adsza\u00adno 13 wrze\u00ad\u015bnia. S\u0105 jesz\u00adcze 4&nbsp;wol\u00adne miej\u00adsca. Zapra\u00adsza\u00admy. Zapi\u00adsy u&nbsp;p. Hali\u00adny Czapiewskiej.<\/span><\/span><\/p>\n<\/li>\n<li>\n<p align=\"justify\"><span style=\"font-family: Times New Roman, serif;\"><span style=\"font-size: large;\">Pona\u00adwia\u00admy apel bisku\u00adp\u00f3w. W&nbsp;nowym roku szkol\u00adnym dzie\u00adciom zosta\u00adnie zapro\u00adpo\u00adno\u00adwa\u00adny udzia\u0142 w&nbsp;zaj\u0119\u00adciach edu\u00adka\u00adcji zdro\u00adwot\u00adnej. W&nbsp;pro\u00adgra\u00admie zaj\u0119\u0107 z&nbsp;edu\u00adka\u00adcji zdro\u00adwot\u00adnej s\u0105 tre\u00ad\u015bci war\u00adto\u00ad\u015bcio\u00adwe, takie jak tro\u00adska o&nbsp;zdro\u00adwie fizycz\u00adne, higie\u00adn\u0119 psy\u00adchicz\u00adn\u0105 czy roz\u00adpo\u00adzna\u00adwa\u00adnie zagro\u00ad\u017ce\u0144. Jed\u00adnak s\u0105 te\u017c tre\u00ad\u015bci, kt\u00f3\u00adre nie s\u0105 zgod\u00adne z&nbsp;wia\u00adr\u0105 kato\u00adlic\u00adk\u0105 i&nbsp;nara\u00ad\u017ca\u00adj\u0105 dzie\u00adci i&nbsp;m\u0142o\u00addzie\u017c na ryzy\u00adko powa\u017c\u00adnych nie\u00adbez\u00adpie\u00adcze\u0144stw, mog\u0105\u00adcych wp\u0142y\u00adwa\u0107 na ca\u0142e ich \u017cycie, a&nbsp;tak\u00ad\u017ce \u017cycie rodzi\u00adny. Dla\u00adte\u00adgo zwra\u00adca\u00admy si\u0119 do Was, Dro\u00addzy Rodzi\u00adce wyzna\u00adj\u0105\u00adcy kato\u00adlic\u00adk\u0105 wia\u00adr\u0119, aby\u00ad\u015bcie g\u0142\u0119\u00adbo\u00adko roz\u00adwa\u00ad\u017cy\u00adli pro\u00adpo\u00adno\u00adwa\u00adne zaj\u0119\u00adcia z&nbsp;edu\u00adka\u00adcji zdro\u00adwot\u00adnej i&nbsp;nie wyra\u00ad\u017ca\u00adli zgo\u00addy na udzia\u0142 swo\u00adich dzie\u00adci w&nbsp;tych zaj\u0119\u00adciach. Wz\u00f3r pisma do rezy\u00adgna\u00adcji mo\u017c\u00adna zna\u00adle\u017a\u0107 na stro\u00adnie: takdlaedukacji.pl lub zabra\u0107 goto\u00adwe dru\u00adki od mini\u00adstran\u00adt\u00f3w przed ko\u015bcio\u0142em.<\/span><\/span><\/p>\n<\/li>\n<\/ol>\n<p align=\"justify\"><span style=\"font-family: Times New Roman, serif;\"><span style=\"font-size: large;\">Msze \u015bw. w&nbsp;tym tygodniu:<\/span><\/span><\/p>\n<p style=\"padding-left: 40px;\" align=\"justify\"><span style=\"font-family: Times New Roman, serif;\"><span style=\"font-size: large;\"><b>w pierw\u00adsz\u0105 rocz\u00adni\u00adc\u0119 \u015bmier\u00adci<\/b><\/span><\/span><span style=\"font-family: Times New Roman, serif;\"><span style=\"font-size: large;\"> za \u015b.p. Woj\u00adcie\u00adcha Gwiz\u00adda\u00ad\u0142\u0119 w&nbsp;ponie\u00addzia\u00ad\u0142ek o&nbsp;18.00, \u015b.p.&nbsp;Gono\u00adwe\u00adf\u0119 Grzon\u00adka we wto\u00adrek o&nbsp;18.00, \u015b.p. Zdzi\u00ads\u0142a\u00adwa Brze\u00adzi\u0144\u00adskie\u00adgo w&nbsp;czwar\u00adtek o&nbsp;18.00, \u015b.p. Domi\u00adni\u00adka Brze\u00adzi\u0144\u00adskie\u00adgo w&nbsp;pi\u0105\u00adtek o&nbsp;6.30, \u015b.p. Danu\u00adt\u0119 Gali\u00adkow\u00adsk\u0105 w&nbsp;pi\u0105\u00adtek o&nbsp;18.00, \u015b. p. Jana S\u0119kow\u00adskie\u00adgo w&nbsp;nie\u00addzie\u00adl\u0119 o&nbsp;12.30.<\/span><\/span><\/p>\n<p style=\"padding-left: 40px;\" align=\"justify\"><span style=\"font-family: Times New Roman, serif;\"><span style=\"font-size: large;\"><b>w&nbsp;30 dzie\u0144 po pogrze\u00adbie<\/b><\/span><\/span><span style=\"font-family: Times New Roman, serif;\"><span style=\"font-size: large;\"> za \u015b.p. Krzysz\u00adto\u00adfa Kosie\u00addow\u00adskie\u00adgo we wto\u00adrek o&nbsp;8.45, \u015b.p.&nbsp;Kata\u00adrzy\u00adn\u0119 Nie\u00admo\u00adjew\u00adsk\u0105 w&nbsp;czwar\u00adtek o&nbsp;18.00, <\/span><\/span><\/p>\n<p align=\"justify\"><span style=\"font-family: Times New Roman, serif;\"><span style=\"font-size: large;\">W minio\u00adnym cza\u00adsie ode\u00adszli do wieczno\u015bci:<\/span><\/span><\/p>\n<ul>\n<li>\n<p align=\"justify\"><span style=\"font-family: Times New Roman, serif;\"><span style=\"font-size: large;\">Wal\u00adde\u00admar Kotow\u00adski (l. 72) z&nbsp;Koszar<\/span><\/span><\/p>\n<\/li>\n<li>\n<p align=\"justify\"><span style=\"font-family: Times New Roman, serif;\"><span style=\"font-size: large;\">Danu\u00adta R\u0105p\u00adca (l. 85) z&nbsp;Kamionki<\/span><\/span><\/p>\n<\/li>\n<li>\n<p align=\"justify\"><span style=\"font-family: Times New Roman, serif;\"><span style=\"font-size: large;\">Syl\u00adwia Narloch (l. 75) z&nbsp;ul Brzozowej<\/span><\/span><\/p>\n<\/li>\n<li>\n<p align=\"justify\"><span style=\"font-family: Times New Roman, serif;\"><span style=\"font-size: large;\">Ire\u00adna Pastwa (l.74) z&nbsp;ul. Przytorowej<\/span><\/span><\/p>\n<\/li>\n<li>\n<p align=\"justify\"><span style=\"font-family: Times New Roman, serif;\"><span style=\"font-size: large;\">Benon Maj\u00adchrzak (l. 91) z&nbsp;ul. Otto\u00adna Sabi\u00adnia\u00adrza. Jego pogrzeb odb\u0119\u00addzie si\u0119 w&nbsp;ponie\u00addzia\u00ad\u0142ek o&nbsp;10.00.<\/span><\/span><\/p>\n<\/li>\n<\/ul>\n<p align=\"justify\"><span style=\"font-family: Times New Roman, serif;\"><span style=\"font-size: large;\"><i>Wiecz\u00adny odpo\u00adczy\u00adnek racz im da\u0107&nbsp;Panie\u2026<\/i><\/span><\/span><\/p>\n","protected":false},"excerpt":{"rendered":"<p>Spo\u00adtka\u00adnie \u017bywe\u00adgo R\u00f3\u017ca\u0144\u00adca odb\u0119\u00addzie si\u0119 dzi\u00adsiaj po Mszy \u015bw. o&nbsp;8.45. Dzi\u00adsiaj w&nbsp;Rzy\u00admie odby\u00adwa si\u0119 kano\u00adni\u00adza\u00adcja b\u0142. Car\u00adlo Acu\u00adti\u00adsa i&nbsp;b\u0142. Pier\u00adre Geo\u00adr\u00adge Fras\u00adsa\u00adti, dw\u00f3ch m\u0142o\u00addych W\u0142o\u00adch\u00f3w, patro\u00adn\u00f3w dzie\u00adci i&nbsp;m\u0142o\u00addzie\u00ad\u017cy. W&nbsp;ponie\u00addzia\u00ad\u0142ek o&nbsp;18.00 Msza \u015bwi\u0119\u00adta za rodzi\u00adc\u00f3w dotkni\u0119\u00adtych stra\u00adt\u0105 dziec\u00adka, a&nbsp;potem spo\u00adtka\u00adnie \u2026 <a href=\"https:\/\/www.parafia-czersk.pl\/?p=2086\">Czy\u00adtaj dalej <span class=\"meta-nav\">\u2192<\/span><\/a><\/p>\n","protected":false},"author":1,"featured_media":0,"comment_status":"closed","ping_status":"open","sticky":false,"template":"","format":"standard","meta":{"pagelayer_contact_templates":[],"_pagelayer_content":"","wp_typography_post_enhancements_disabled":false,"footnotes":""},"categories":[3],"tags":[],"class_list":["post-2086","post","type-post","status-publish","format-standard","hentry","category-ogloszenia"],"aioseo_notices":[],"_links":{"self":[{"href":"https:\/\/www.parafia-czersk.pl\/index.php?rest_route=\/wp\/v2\/posts\/2086","targetHints":{"allow":["GET"]}}],"collection":[{"href":"https:\/\/www.parafia-czersk.pl\/index.php?rest_route=\/wp\/v2\/posts"}],"about":[{"href":"https:\/\/www.parafia-czersk.pl\/index.php?rest_route=\/wp\/v2\/types\/post"}],"author":[{"embeddable":true,"href":"https:\/\/www.parafia-czersk.pl\/index.php?rest_route=\/wp\/v2\/users\/1"}],"replies":[{"embeddable":true,"href":"https:\/\/www.parafia-czersk.pl\/index.php?rest_route=%2Fwp%2Fv2%2Fcomments&post=2086"}],"version-history":[{"count":1,"href":"https:\/\/www.parafia-czersk.pl\/index.php?rest_route=\/wp\/v2\/posts\/2086\/revisions"}],"predecessor-version":[{"id":2087,"href":"https:\/\/www.parafia-czersk.pl\/index.php?rest_route=\/wp\/v2\/posts\/2086\/revisions\/2087"}],"wp:attachment":[{"href":"https:\/\/www.parafia-czersk.pl\/index.php?rest_route=%2Fwp%2Fv2%2Fmedia&parent=2086"}],"wp:term":[{"taxonomy":"category","embeddable":true,"href":"https:\/\/www.parafia-czersk.pl\/index.php?rest_route=%2Fwp%2Fv2%2Fcategories&post=2086"},{"taxonomy":"post_tag","embeddable":true,"href":"https:\/\/www.parafia-czersk.pl\/index.php?rest_route=%2Fwp%2Fv2%2Ftags&post=2086"}],"curies":[{"name":"wp","href":"https:\/\/api.w.org\/{rel}","templated":true}]}}