{"id":2089,"date":"2025-09-14T10:00:42","date_gmt":"2025-09-14T10:00:42","guid":{"rendered":"https:\/\/www.parafia-czersk.pl\/?p=2089"},"modified":"2025-09-16T12:32:23","modified_gmt":"2025-09-16T12:32:23","slug":"ogloszenia-xxiv-niedziela-zwykla-14-wrzesnia-2025-r","status":"publish","type":"post","link":"https:\/\/www.parafia-czersk.pl\/?p=2089","title":{"rendered":"Og\u0142oszenia XXIV NIEDZIELA ZWYK\u0141A  14 wrze\u015bnia 2025&nbsp;r."},"content":{"rendered":"<ol>\n<li>\n<p align=\"justify\"><span style=\"font-family: Times New Roman, serif;\"><span style=\"font-size: large;\">Dzi\u00adsiaj na Mszy \u015bw. o&nbsp;godz. 12.30 udzie\u00adli\u00admy sakra\u00admen\u00adtu chrztu \u015bw.<\/span><\/span><\/p>\n<\/li>\n<li>\n<p align=\"justify\"><span style=\"font-family: Times New Roman, serif;\"><span style=\"font-size: large;\">B\u00f3g zap\u0142a\u0107 za z\u0142o\u00ad\u017co\u00adne dzi\u00adsiaj ofia\u00adry na tac\u0119, jak r\u00f3w\u00adnie\u017c za ofia\u00adry indy\u00adwi\u00addu\u00adla\u00adne na pro\u00adwa\u00addzo\u00adne w&nbsp;naszej para\u00adfii pra\u00adce remontowo-inwestycyjne.<\/span><\/span><\/p>\n<\/li>\n<li>\n<p align=\"justify\"><span style=\"font-family: Times New Roman, serif;\"><span style=\"font-size: large;\">Spo\u00adtka\u00adnie dla kan\u00addy\u00adda\u00adt\u00f3w do bierz\u00admo\u00adwa\u00adnia i&nbsp;przy\u00adnaj\u00admniej jed\u00adne\u00adgo z&nbsp;rodzi\u00adc\u00f3w r\u00f3w\u00adnie\u017c dzi\u00adsiaj o&nbsp;13.20 w&nbsp;ko\u015bcie\u00adle. Spo\u00adtka\u00adnie potrwa 20&nbsp;minut.<\/span><\/span><\/p>\n<\/li>\n<li>\n<p align=\"justify\"><span style=\"font-family: Times New Roman, serif;\"><span style=\"font-size: large;\">Dzi\u00adsiaj \u015awi\u0119\u00adto Pod\u00adwy\u017c\u00adsze\u00adnia Krzy\u00ad\u017ca&nbsp;\u015bw. Suma odpu\u00adsto\u00adwa w&nbsp;\u015bwi\u0105\u00adty\u00adni w&nbsp;Krzy\u00ad\u017cu o&nbsp;godz. 14.00.<\/span><\/span><\/p>\n<\/li>\n<li>\n<p align=\"justify\"><span style=\"font-family: Times New Roman, serif;\"><span style=\"font-size: large;\">W ponie\u00addzia\u00ad\u0142ek \u015bwi\u0119\u00adto patro\u00adnal\u00adne Apo\u00adstol\u00adstwa Dobrej \u015amier\u00adci. Msza \u015bwi\u0119\u00adta w&nbsp;inten\u00adcji wszyst\u00adkich cz\u0142on\u00adk\u00f3w o&nbsp;godz. 8.45.<\/span><\/span><\/p>\n<\/li>\n<li>\n<p align=\"justify\"><span style=\"font-family: Times New Roman, serif;\"><span style=\"font-size: large;\">R\u00f3w\u00adnie\u017c w&nbsp;ponie\u00addzia\u00ad\u0142ek 15 wrze\u00ad\u015bnia po wie\u00adczor\u00adnej Mszy \u015bwi\u0119\u00adtej zbi\u00f3r\u00adka dla wszyst\u00adkich cere\u00admo\u00adnia\u00adrzy, lek\u00adto\u00adr\u00f3w, mini\u00adstran\u00adt\u00f3w oraz kan\u00addy\u00adda\u00adt\u00f3w na ministranta.<\/span><\/span><\/p>\n<\/li>\n<li>\n<p align=\"justify\"><span style=\"font-family: Times New Roman, serif;\"><span style=\"font-size: large;\">18 wrze\u00ad\u015bnia w&nbsp;czwar\u00adtek ks. Pra\u00ad\u0142at obcho\u00addzi 65. R. \u015awi\u0119\u00adce\u0144 kap\u0142a\u0144\u00adskich zapra\u00adsza\u00admy na Msze \u015bwi\u0119\u00adta o&nbsp;8.45<\/span><\/span><\/p>\n<\/li>\n<li>\n<p align=\"justify\"><span style=\"font-family: Times New Roman, serif;\"><span style=\"font-size: large;\">W ka\u017c\u00addy wto\u00adrek od godz. 19.00 do 20.30 ks. Mate\u00adusz zapra\u00adsza do wsp\u00f3l\u00adnej gry w&nbsp;pi\u0142\u00adk\u0119 no\u017c\u00adn\u0105 halo\u00adw\u0105 wszyst\u00adkich mini\u00adstran\u00adt\u00f3w. Zaj\u0119\u00adcia odby\u00adwa\u00adj\u0105 si\u0119 na hali spor\u00adto\u00adwej w&nbsp;Mala\u00adchi\u00adnie\u2009\u2014\u2009dzi\u0119\u00adku\u00adje\u00admy za \u017cycz\u00adli\u00adwo\u015b\u0107 Dyrek\u00adcji i&nbsp;Pra\u00adcow\u00adni\u00adkom ZS w&nbsp;Malachinie.<\/span><\/span><\/p>\n<\/li>\n<li>\n<p align=\"justify\"><span style=\"font-family: Times New Roman, serif;\"><span style=\"font-size: large;\">Ado\u00adra\u00adcja Naj\u00ad\u015bwi\u0119t\u00adsze\u00adgo Sakra\u00admen\u00adtu w&nbsp;\u015bro\u00add\u0119 od godz. 20.00 do 21.00 i&nbsp;w sobo\u00adt\u0119 od 7.00 do 8.45.<\/span><\/span><\/p>\n<\/li>\n<li>\n<p align=\"justify\"><span style=\"font-family: Times New Roman, serif;\"><span style=\"font-size: large;\">W ka\u017c\u00addy pi\u0105\u00adtek po wie\u00adczor\u00adnej Mszy \u015bwi\u0119\u00adtej spo\u00adtka\u00adnie Kr\u0119\u00adgu Biblij\u00adne\u00adgo i&nbsp;wsp\u00f3l\u00adne roz\u00adwa\u00ad\u017ca\u00adnie S\u0142o\u00adwa Bo\u017ce\u00adgo. Ser\u00addecz\u00adnie zapra\u00adsza\u00admy, mo\u017c\u00adna przy\u00adnie\u015b\u0107 w\u0142a\u00adsne Pismo \u015awi\u0119te.<\/span><\/span><\/p>\n<\/li>\n<li>\n<p align=\"justify\"><span style=\"font-family: Times New Roman, serif;\"><span style=\"font-size: large;\">W pi\u0105\u00adtek, 19 wrze\u00ad\u015bnia po wie\u00adczor\u00adnej Mszy \u015bwi\u0119\u00adtej w&nbsp;sal\u00adce para\u00adfial\u00adnej odb\u0119\u00addzie si\u0119 spo\u00adtka\u00adnie popiel\u00adgrzym\u00adko\u00adwe dla uczest\u00adni\u00adk\u00f3w tego\u00adrocz\u00adnej piel\u00adgrzym\u00adki rowe\u00adro\u00adwej na Jasna G\u00f3r\u0119 i&nbsp;sym\u00adpa\u00adty\u00adk\u00f3w rowe\u00adro\u00adwe\u00adgo piel\u00adgrzy\u00admo\u00adwa\u00adnia. Ser\u00addecz\u00adnie zapraszamy.<\/span><\/span><\/p>\n<\/li>\n<li>\n<p align=\"justify\"><span style=\"font-family: Times New Roman, serif;\"><span style=\"font-size: large;\">Piel\u00adgrzym\u00adka do Gie\u00adtrz\u00adwa\u0142\u00addu orga\u00adni\u00adzo\u00adwa\u00adna przez Rycer\u00adstwo Nie\u00adpo\u00adka\u00adla\u00adnej odb\u0119\u00addzie si\u0119 w&nbsp;sobo\u00adt\u0119 20 wrze\u015bnia.<\/span><\/span><\/p>\n<\/li>\n<li>\n<p align=\"justify\"><span style=\"font-family: Times New Roman, serif;\"><span style=\"font-size: large;\">W przy\u00adsz\u0142\u0105 nie\u00addzie\u00adl\u0119 na Mszy \u015bwi\u0119\u00adtej o&nbsp;godz. 11.00 zosta\u00adnie po\u015bwi\u0119\u00adco\u00adne miej\u00adsce modli\u00adtwy z&nbsp;obra\u00adzem i&nbsp;reli\u00adkwia\u00admi \u015bw. Car\u00adlo Acu\u00adti\u00adsa. uro\u00adczy\u00adsto\u00ad\u015bci prze\u00adwod\u00adni\u00adczy\u0107 b\u0119dzie ks. kan. Adam Ka\u0142\u00addu\u0144\u00adski, kanc\u00adlerz&nbsp;kurii.<\/span><\/span><\/p>\n<\/li>\n<li>\n<p align=\"justify\"><span style=\"font-family: Times New Roman, serif;\"><span style=\"font-size: large;\">Kolek\u00adta przy\u00adsz\u0142ej nie\u00addzie\u00adli b\u0119dzie prze\u00adzna\u00adczo\u00adna na Wy\u017c\u00adsze Semi\u00adna\u00adrium Duchow\u00adne w&nbsp;Pelplinie.<\/span><\/span><\/p>\n<\/li>\n<li>\n<p align=\"justify\"><span style=\"font-family: Times New Roman, serif;\"><span style=\"font-size: large;\">KSM i&nbsp;redak\u00adcja Listy od MM zapra\u00adsza\u00adj\u0105 na film \u201eCar\u00adlo Acu\u00adtis \u2013 plan na \u017cycie\u201d. Pokaz w&nbsp;Gmin\u00adnym Cen\u00adtrum Kul\u00adtu\u00adry w&nbsp;nie\u00addzie\u00adl\u0119 21 wrze\u00ad\u015bnia o&nbsp;<strong>15:00<\/strong> i&nbsp;<strong>19:00<\/strong>. Dar\u00admo\u00adwe bile\u00adty do odbio\u00adru w&nbsp;zakrystii.<\/span><\/span><\/p>\n<\/li>\n<li>\n<p align=\"justify\"><span style=\"font-family: Times New Roman, serif;\"><span style=\"font-size: large;\">Zapra\u00adsza\u00admy m\u0142o\u00addzie\u017c na piel\u00adgrzym\u00adk\u0119 rowe\u00adro\u00adw\u0105 do Wie\u00adla. \u201eM\u0142o\u00addzi do Mat\u00adki\u201d. Wyjazd w&nbsp;sobo\u00adt\u0119 27 wrze\u00ad\u015bnia o&nbsp;10.30, a&nbsp;powr\u00f3t ok 17.30. Zapi\u00adsy w&nbsp;zakry\u00adstii i&nbsp;u ks.&nbsp;Paw\u0142a.<\/span><\/span><\/p>\n<\/li>\n<li>\n<p align=\"justify\"><span style=\"font-family: Times New Roman, serif;\"><span style=\"font-size: large;\">28 wrze\u00ad\u015bnia o&nbsp;godz. 15.00 ks. Mate\u00adusz zapra\u00adsza wszyst\u00adkich, kt\u00f3\u00adrzy kie\u00addy\u00adkol\u00adwiek piel\u00adgrzy\u00admo\u00adwa\u00adli na Jasn\u0105 G\u00f3r\u0119 na spo\u00adtka\u00adnie popiel\u00adgrzym\u00adko\u00adwe Gru\u00adpy Choj\u00adnic\u00adkiej. Naj\u00adpierw spo\u00adtka\u00adnie w&nbsp;sal\u00adce para\u00adfial\u00adnej, a&nbsp;p\u00f3\u017a\u00adniej wsp\u00f3l\u00adne ognisko.<\/span><\/span><\/p>\n<\/li>\n<li>\n<p align=\"justify\"><span style=\"font-family: Times New Roman, serif;\"><span style=\"font-size: large;\">Spo\u00adtka\u00adnie dla m\u0142o\u00addzie\u00ad\u017cy z&nbsp;klas 8, kt\u00f3\u00adrzy chc\u0105 roz\u00adpo\u00adcz\u0105\u0107 przy\u00adgo\u00adto\u00adwa\u00adnie do bierz\u00admo\u00adwa\u00adnia i&nbsp;przy\u00adnaj\u00admniej jed\u00adne\u00adgo z&nbsp;rodzi\u00adc\u00f3w w&nbsp;nie\u00addzie\u00adl\u0119 28 wrze\u00ad\u015bnia o&nbsp;13.20 w&nbsp;ko\u015bciele.<\/span><\/span><\/p>\n<\/li>\n<li>\n<p align=\"justify\"><span style=\"font-family: Times New Roman, serif;\"><span style=\"font-size: large;\">W dniach 29 i&nbsp;30 wrze\u00ad\u015bnia nasza para\u00adfia orga\u00adni\u00adzu\u00adje dwu\u00addnio\u00adwy wyjazd na piel\u00adgrzym\u00adk\u0119 matu\u00adrzy\u00adst\u00f3w na Jasnej G\u00f3rze. Zapi\u00adsy przez stro\u00adn\u0119 KSM Czersk na facebooku.<\/span><\/span><\/p>\n<\/li>\n<li>\n<p align=\"justify\"><span style=\"font-family: Times New Roman, serif;\"><span style=\"font-size: large;\">Fun\u00adda\u00adcja \u201eMiej\u00adsce S\u0142o\u00adwa\u201d we wsp\u00f3\u0142\u00adpra\u00adcy z&nbsp;Odno\u00adw\u0105 w&nbsp;Duchu \u015awi\u0119\u00adtym z&nbsp;naszej para\u00adfii zapra\u00adsza na pokaz fil\u00admu \u201eOstat\u00adnia wie\u00adcze\u00adrza\u201d w&nbsp;ramach \u201eEwan\u00adge\u00adlii w&nbsp;wir\u00adtu\u00adal\u00adnej rze\u00adczy\u00adwi\u00adsto\u00ad\u015bci\u201d, kt\u00f3\u00adry odb\u0119\u00addzie si\u0119 28 wrze\u00ad\u015bnia 2025 roku w&nbsp;sal\u00adkach para\u00adfial\u00adnych na ul. Szkol\u00adnej&nbsp;2.<\/span><\/span><\/p>\n<\/li>\n<\/ol>\n<p style=\"padding-left: 40px;\" align=\"justify\"><span style=\"font-family: Times New Roman, serif;\"><span style=\"font-size: large;\">Spe\u00adcjal\u00adna tech\u00adno\u00adlo\u00adgia nagry\u00adwa\u00adnia umo\u017c\u00adli\u00adwia ogl\u0105\u00adda\u00adnie obra\u00adzu w&nbsp;360 stop\u00adniach. Daje to wra\u00ad\u017ce\u00adnie uczest\u00adnic\u00adtwa w&nbsp;wyda\u00adrze\u00adniach sprzed dw\u00f3ch tysi\u0119\u00adcy&nbsp;lat.<\/span><\/span><\/p>\n<p style=\"padding-left: 40px;\" align=\"justify\"><span style=\"font-family: Times New Roman, serif;\"><span style=\"font-size: large;\">Zak\u0142a\u00adda\u00adj\u0105c dedy\u00adko\u00adwa\u00adne oku\u00adla\u00adry VR, odbior\u00adca jest w&nbsp;sta\u00adnie poczu\u0107 si\u0119, jak\u00adby by\u0142 uczest\u00adni\u00adkiem wyda\u00adrze\u0144 biblijnych.<\/span><\/span><\/p>\n<p style=\"padding-left: 40px;\" align=\"justify\"><span style=\"font-family: Times New Roman, serif;\"><span style=\"font-size: large;\">Mini\u00admal\u00adny wiek uczest\u00adni\u00adk\u00f3w to 13&nbsp;lat.<\/span><\/span><\/p>\n<p style=\"padding-left: 40px;\" align=\"justify\"><span style=\"font-family: Times New Roman, serif;\"><span style=\"font-size: large;\">Zapi\u00adsa\u0107 si\u0119 na pokaz fil\u00admu mo\u017c\u00adna po ka\u017c\u00addej Mszy \u015bw. u&nbsp;wyzna\u00adczo\u00adnych os\u00f3b przy wyj\u00ad\u015bciu g\u0142\u00f3w\u00adnym z&nbsp;ko\u015bcio\u00ad\u0142a. Pro\u00adjek\u00adcja fil\u00admu trwa 15 min. po wcze\u00ad\u015bniej\u00adszym kr\u00f3t\u00adkim roz\u00adwa\u00ad\u017ca\u00adniu wyda\u00adrze\u0144 z&nbsp;ostat\u00adniej wie\u00adcze\u00adrzy. Nie ma op\u0142at za wst\u0119p. Nato\u00admiast uczest\u00adni\u00adcy maj\u0105 mo\u017c\u00adli\u00adwo\u015b\u0107 z\u0142o\u00ad\u017ce\u00adnia dowol\u00adnej ofia\u00adry na pro\u00adduk\u00adcj\u0119 kolej\u00adne\u00adgo fil\u00admu na pod\u00adsta\u00adwie Ewangelii.<\/span><\/span><\/p>\n<ol start=\"21\">\n<li>\n<p align=\"justify\"><span style=\"font-family: Times New Roman, serif;\"><span style=\"font-size: large;\">Pona\u00adwia\u00admy apel bisku\u00adp\u00f3w. W&nbsp;nowym roku szkol\u00adnym dzie\u00adciom zosta\u00adnie zapro\u00adpo\u00adno\u00adwa\u00adny udzia\u0142 w&nbsp;zaj\u0119\u00adciach edu\u00adka\u00adcji zdro\u00adwot\u00adnej. W&nbsp;pro\u00adgra\u00admie zaj\u0119\u0107 z&nbsp;edu\u00adka\u00adcji zdro\u00adwot\u00adnej s\u0105 tre\u00ad\u015bci war\u00adto\u00ad\u015bcio\u00adwe, takie jak tro\u00adska o&nbsp;zdro\u00adwie fizycz\u00adne, higie\u00adn\u0119 psy\u00adchicz\u00adn\u0105 czy roz\u00adpo\u00adzna\u00adwa\u00adnie zagro\u00ad\u017ce\u0144. Jed\u00adnak s\u0105 te\u017c tre\u00ad\u015bci, kt\u00f3\u00adre nie s\u0105 zgod\u00adne z&nbsp;wia\u00adr\u0105 kato\u00adlic\u00adk\u0105 i&nbsp;nara\u00ad\u017ca\u00adj\u0105 dzie\u00adci i&nbsp;m\u0142o\u00addzie\u017c na ryzy\u00adko powa\u017c\u00adnych nie\u00adbez\u00adpie\u00adcze\u0144stw, mog\u0105\u00adcych wp\u0142y\u00adwa\u0107 na ca\u0142e ich \u017cycie, a&nbsp;tak\u00ad\u017ce \u017cycie rodzi\u00adny. Dla\u00adte\u00adgo zwra\u00adca\u00admy si\u0119 do Was, Dro\u00addzy Rodzi\u00adce wyzna\u00adj\u0105\u00adcy kato\u00adlic\u00adk\u0105 wia\u00adr\u0119, aby\u00ad\u015bcie g\u0142\u0119\u00adbo\u00adko roz\u00adwa\u00ad\u017cy\u00adli pro\u00adpo\u00adno\u00adwa\u00adne zaj\u0119\u00adcia z&nbsp;edu\u00adka\u00adcji zdro\u00adwot\u00adnej i&nbsp;nie wyra\u00ad\u017ca\u00adli zgo\u00addy na udzia\u0142 swo\u00adich dzie\u00adci w&nbsp;tych zaj\u0119\u00adciach. Wz\u00f3r pisma do rezy\u00adgna\u00adcji mo\u017c\u00adna zna\u00adle\u017a\u0107 na stro\u00adnie: takdlaedukacji.pl lub zabra\u0107 goto\u00adwe dru\u00adki ze sto\u00adja\u00adk\u00f3w na gazetki.<\/span><\/span><\/p>\n<\/li>\n<li>\n<p align=\"justify\"><span style=\"font-family: Times New Roman, serif;\"><span style=\"font-size: large;\">W minio\u00adnym tygo\u00addniu wyko\u00adna\u00adno dora\u017a\u00adne pra\u00adce napraw\u00adcze na dachu domu para\u00adfial\u00adne\u00adgo. Dzi\u0119\u00adku\u00adje\u00admy Ryce\u00adrzom Kolum\u00adba za wyko\u00adna\u00adne pra\u00adce. Nie\u00adste\u00adty dach b\u0119dzie wyma\u00adga\u0142 grun\u00adtow\u00adne\u00adgo remon\u00adtu i&nbsp;wymiany.<\/span><\/span><\/p>\n<\/li>\n<li>\n<p align=\"justify\"><span style=\"font-family: Times New Roman, serif;\"><span style=\"font-size: large;\">Przy wyj\u00ad\u015bciu z&nbsp;ko\u015bcio\u00ad\u0142a i&nbsp;w zakry\u00adstii mo\u017c\u00adna kupi\u0107 gr\u0119 edu\u00adka\u00adcyj\u00adn\u0105 dla dzie\u00adci. Gra edu\u00adka\u00adcyj\u00adna \u201d Memo r\u00f3\u017ca\u00adniec\u201d sta\u00adno\u00adwi zna\u00adko\u00admi\u00adt\u0105 pomoc w&nbsp;nauce tajem\u00adnic R\u00f3\u017ca\u0144\u00adca \u015bwi\u0119\u00adte\u00adgo. Koszt&nbsp;40z\u0142.<\/span><\/span><\/p>\n<\/li>\n<li>\n<p align=\"justify\"><span style=\"font-family: Times New Roman, serif;\"><span style=\"font-size: large;\">Dzi\u00adsiaj do naby\u00adcia nowy numer <\/span><\/span><span style=\"font-family: Times New Roman, serif;\"><span style=\"font-size: large;\"><i>Piel\u00adgrzy\u00adma<\/i><\/span><\/span><\/p>\n<\/li>\n<li>\n<p align=\"justify\"><span style=\"font-family: Times New Roman, serif;\"><span style=\"font-size: large;\">Zosta\u00adli\u00ad\u015bmy popro\u00adsze\u00adni o&nbsp;prze\u00adka\u00adza\u00adnie wia\u00addo\u00admo\u00ad\u015bci z&nbsp;urz\u0119\u00addu miasta<\/span><\/span><\/p>\n<\/li>\n<\/ol>\n<p style=\"padding-left: 40px;\" align=\"justify\"><span style=\"font-family: Times New Roman, serif;\"><span style=\"font-size: large;\">Dro\u00addzy miesz\u00adka\u0144\u00adcy. W&nbsp;przy\u00adsz\u0142ym roku b\u0119dzie\u00admy \u015bwi\u0119\u00adto\u00adwa\u0107 wyj\u0105t\u00adko\u00adwy jubi\u00adle\u00adusz\u2009\u2014\u2009100-lecie nada\u00adnia praw miej\u00adskich Czer\u00adsku. To moment, aby wsp\u00f3l\u00adnie uczci\u0107 nasz\u0105 lokal\u00adn\u0105 histo\u00adri\u0119 i&nbsp;budo\u00adwa\u0107 dum\u0119 z&nbsp;naszej wsp\u00f3l\u00adno\u00adty. Potrze\u00adbu\u00adje\u00admy Wasze\u00adgo g\u0142o\u00adsu. Od ponie\u00addzia\u0142\u00adku do 1&nbsp;pa\u017a\u00addzier\u00adni\u00adka b\u0119dzie prze\u00adpro\u00adwa\u00addza\u00adna ankie\u00adta. Dost\u0119p\u00adna na stro\u00adnie inter\u00adne\u00adto\u00adwej para\u00adfii, gmi\u00adny oraz w&nbsp;wer\u00adsji papie\u00adro\u00adwej do naby\u00adcia w&nbsp;ko\u015bciele.&nbsp;<\/span><\/span><\/p>\n<p style=\"padding-left: 40px;\" align=\"justify\"><span style=\"font-family: Times New Roman, serif;\"><span style=\"font-size: large;\">Ankie\u00adta \u201cZ czym koja\u00adrzy Ci si\u0119 Czersk?\u201d pomo\u00ad\u017ce stwo\u00adrzy\u0107 logo, iden\u00adty\u00adfi\u00adka\u00adcj\u0119 gra\u00adficz\u00adn\u0105 i&nbsp;has\u0142o jubi\u00adle\u00aduszu 100-lecia&nbsp;<\/span><\/span><\/p>\n<p style=\"padding-left: 40px;\" align=\"justify\"><span style=\"font-family: Times New Roman, serif;\"><span style=\"font-size: large;\">Z kolei od wtor\u00adku przez tydzie\u0144, b\u0119dzie w&nbsp;wer\u00adsji onli\u00adne prze\u00adpro\u00adwa\u00addza\u00adna ankie\u00adta doty\u00adcz\u0105\u00adca wybo\u00adru arty\u00adst\u00f3w na nasze uro\u00adczy\u00adsto\u00ad\u015bci w&nbsp;2026 r.&nbsp;<\/span><\/span><\/p>\n<p style=\"padding-left: 40px;\" align=\"justify\"><span style=\"font-family: Times New Roman, serif;\"><span style=\"font-size: large;\">Zach\u0119\u00adcam do udzia\u00ad\u0142u w&nbsp;ankie\u00adtach, by\u015bmy mie\u00adli wp\u0142yw na to jak b\u0119dzie wygl\u0105\u00adda\u0142 przy\u00adsz\u0142y rok jubileuszowy.<\/span><\/span><\/p>\n<p style=\"padding-left: 40px;\" align=\"justify\"><span style=\"font-family: Times New Roman, serif;\"><span style=\"font-size: large;\">Msze \u015bw. w&nbsp;tym tygodniu:<\/span><\/span><\/p>\n<p style=\"padding-left: 40px;\" align=\"justify\"><span style=\"font-family: Times New Roman, serif;\"><span style=\"font-size: large;\"><b>w pierw\u00adsz\u0105 rocz\u00adni\u00adc\u0119 \u015bmier\u00adci<\/b><\/span><\/span><span style=\"font-family: Times New Roman, serif;\"><span style=\"font-size: large;\"> za \u015b.p. Paw\u00ad\u0142a Bre\u00adz\u0119 w&nbsp;\u015bro\u00add\u0119 o&nbsp;18.00, \u015b.p. Jerze\u00adgo Brze\u00adzi\u0144\u00adskie\u00adgo w&nbsp;czwar\u00adtek o&nbsp;18.00<\/span><\/span><\/p>\n<p style=\"padding-left: 40px;\" align=\"justify\"><a name=\"_GoBack\"><\/a> <span style=\"font-family: Times New Roman, serif;\"><span style=\"font-size: large;\"><b>w&nbsp;30 dzie\u0144 po pogrze\u00adbie<\/b><\/span><\/span><span style=\"font-family: Times New Roman, serif;\"><span style=\"font-size: large;\"> za \u015b.p. Mari\u0119 Niklasz w&nbsp;ponie\u00addzia\u00ad\u0142ek o&nbsp;18.00, \u015b.p.&nbsp;Zbi\u00adgnie\u00adwa \u015ami\u00adgiel\u00adskie\u00adgo we wto\u00adrek o&nbsp;18.00, \u015b.p. Fran\u00adcisz\u00adka Kr\u0119\u00adskie\u00adgo w&nbsp;pi\u0105\u00adtek o&nbsp;18.00.<\/span><\/span><\/p>\n<p style=\"padding-left: 40px;\" align=\"justify\"><span style=\"font-family: Times New Roman, serif;\"><span style=\"font-size: large;\">W minio\u00adnym cza\u00adsie ode\u00adszli do wieczno\u015bci:<\/span><\/span><\/p>\n<ul>\n<li>\n<p align=\"justify\"><span style=\"font-family: Times New Roman, serif;\"><span style=\"font-size: large;\">.<\/span><\/span><\/p>\n<\/li>\n<\/ul>\n<p style=\"padding-left: 40px;\" align=\"justify\"><span style=\"font-family: Times New Roman, serif;\"><span style=\"font-size: large;\"><i>Wiecz\u00adny odpo\u00adczy\u00adnek racz im da\u0107&nbsp;Panie\u2026<\/i><\/span><\/span><\/p>\n","protected":false},"excerpt":{"rendered":"<p>Dzi\u00adsiaj na Mszy \u015bw. o&nbsp;godz. 12.30 udzie\u00adli\u00admy sakra\u00admen\u00adtu chrztu \u015bw. B\u00f3g zap\u0142a\u0107 za z\u0142o\u00ad\u017co\u00adne dzi\u00adsiaj ofia\u00adry na tac\u0119, jak r\u00f3w\u00adnie\u017c za ofia\u00adry indy\u00adwi\u00addu\u00adla\u00adne na pro\u00adwa\u00addzo\u00adne w&nbsp;naszej para\u00adfii pra\u00adce remon\u00adto\u00adwo-inwe\u00adsty\u00adcyj\u00adne. Spo\u00adtka\u00adnie dla kan\u00addy\u00adda\u00adt\u00f3w do bierz\u00admo\u00adwa\u00adnia i&nbsp;przy\u00adnaj\u00admniej jed\u00adne\u00adgo z&nbsp;rodzi\u00adc\u00f3w r\u00f3w\u00adnie\u017c dzi\u00adsiaj o&nbsp;13.20 \u2026 <a href=\"https:\/\/www.parafia-czersk.pl\/?p=2089\">Czy\u00adtaj dalej <span class=\"meta-nav\">\u2192<\/span><\/a><\/p>\n","protected":false},"author":1,"featured_media":0,"comment_status":"closed","ping_status":"open","sticky":false,"template":"","format":"standard","meta":{"pagelayer_contact_templates":[],"_pagelayer_content":"","wp_typography_post_enhancements_disabled":false,"footnotes":""},"categories":[3],"tags":[],"class_list":["post-2089","post","type-post","status-publish","format-standard","hentry","category-ogloszenia"],"aioseo_notices":[],"_links":{"self":[{"href":"https:\/\/www.parafia-czersk.pl\/index.php?rest_route=\/wp\/v2\/posts\/2089","targetHints":{"allow":["GET"]}}],"collection":[{"href":"https:\/\/www.parafia-czersk.pl\/index.php?rest_route=\/wp\/v2\/posts"}],"about":[{"href":"https:\/\/www.parafia-czersk.pl\/index.php?rest_route=\/wp\/v2\/types\/post"}],"author":[{"embeddable":true,"href":"https:\/\/www.parafia-czersk.pl\/index.php?rest_route=\/wp\/v2\/users\/1"}],"replies":[{"embeddable":true,"href":"https:\/\/www.parafia-czersk.pl\/index.php?rest_route=%2Fwp%2Fv2%2Fcomments&post=2089"}],"version-history":[{"count":3,"href":"https:\/\/www.parafia-czersk.pl\/index.php?rest_route=\/wp\/v2\/posts\/2089\/revisions"}],"predecessor-version":[{"id":2092,"href":"https:\/\/www.parafia-czersk.pl\/index.php?rest_route=\/wp\/v2\/posts\/2089\/revisions\/2092"}],"wp:attachment":[{"href":"https:\/\/www.parafia-czersk.pl\/index.php?rest_route=%2Fwp%2Fv2%2Fmedia&parent=2089"}],"wp:term":[{"taxonomy":"category","embeddable":true,"href":"https:\/\/www.parafia-czersk.pl\/index.php?rest_route=%2Fwp%2Fv2%2Fcategories&post=2089"},{"taxonomy":"post_tag","embeddable":true,"href":"https:\/\/www.parafia-czersk.pl\/index.php?rest_route=%2Fwp%2Fv2%2Ftags&post=2089"}],"curies":[{"name":"wp","href":"https:\/\/api.w.org\/{rel}","templated":true}]}}