{"id":2097,"date":"2025-09-21T07:54:35","date_gmt":"2025-09-21T07:54:35","guid":{"rendered":"https:\/\/www.parafia-czersk.pl\/?p=2097"},"modified":"2025-09-21T07:54:58","modified_gmt":"2025-09-21T07:54:58","slug":"xxv-niedziela-zwykla-21-wrzesnia-2025-r","status":"publish","type":"post","link":"https:\/\/www.parafia-czersk.pl\/?p=2097","title":{"rendered":"XXV NIEDZIELA ZWYK\u0141A  21 wrze\u015bnia 2025&nbsp;r."},"content":{"rendered":"<ol>\n<li>\n<p align=\"justify\"><span style=\"font-family: Times New Roman, serif;\"><span style=\"font-size: large;\">B\u00f3g zap\u0142a\u0107 za z\u0142o\u00ad\u017co\u00adne w&nbsp;ubie\u00adg\u0142a nie\u00addzie\u00adl\u0119 ofia\u00adry na tac\u0119, jak r\u00f3w\u00adnie\u017c za ofia\u00adry indy\u00adwi\u00addu\u00adal\u00adne na pro\u00adwa\u00addzo\u00adne w&nbsp;naszej para\u00adfii pra\u00adce remon\u00adto\u00adwo-inwe\u00adsty\u00adcyj\u00adne. Zebra\u00adli\u00ad\u015bmy 13 430&nbsp;z\u0142.<\/span><\/span><\/p>\n<\/li>\n<li>\n<p align=\"justify\"><span style=\"font-family: Times New Roman, serif;\"><span style=\"font-size: large;\">W minio\u00adnym cza\u00adsie wyko\u00adna\u00adno p\u00f3\u0142\u00adk\u0119 neo\u00adba\u00adro\u00adko\u00adw\u0105 pod fere\u00adtron, zamon\u00adto\u00adwa\u00adno bra\u00adm\u0119 i&nbsp;furt\u00adk\u0119 na para\u00adfial\u00adnym cmen\u00adta\u00adrzu oraz zamon\u00adto\u00adwa\u00adno kil\u00adka nowych lamp w&nbsp;naszym ko\u015bcie\u00adle. Dzi\u0119\u00adku\u00adje\u00admy ofia\u00adro\u00addaw\u00adcom indy\u00adwi\u00addu\u00adal\u00adnym oraz fir\u00admom Romex pana Romp\u00adkow\u00adskie\u00adgo i&nbsp;Elk\u00adtom pana&nbsp;Morka.<\/span><\/span><\/p>\n<\/li>\n<li>\n<p align=\"justify\"><span style=\"font-family: Times New Roman, serif;\"><span style=\"font-size: large;\">Dzi\u00adsiaj na Mszy \u015bwi\u0119\u00adtej o&nbsp;godz. 11.00 zosta\u00adnie po\u015bwi\u0119\u00adco\u00adne miej\u00adsce modli\u00adtwy z&nbsp;obra\u00adzem i&nbsp;reli\u00adkwia\u00admi \u015bw. Car\u00adlo Acu\u00adti\u00adsa. uro\u00adczy\u00adsto\u00ad\u015bci prze\u00adwod\u00adni\u00adczy\u0107 b\u0119dzie ks. kan. Adam Ka\u0142\u00addu\u0144\u00adski, kanc\u00adlerz&nbsp;kurii.<\/span><\/span><\/p>\n<\/li>\n<li>\n<p align=\"justify\"><span style=\"font-family: Times New Roman, serif;\"><span style=\"font-size: large;\">B\u00f3g zap\u0142a\u0107 za z\u0142o\u00ad\u017co\u00adne dzi\u00adsiaj ofia\u00adry na Wy\u017c\u00adsze Semi\u00adna\u00adrium Duchow\u00adne w&nbsp;Pelplinie.<\/span><\/span><\/p>\n<\/li>\n<li>\n<p align=\"justify\"><span style=\"font-family: Times New Roman, serif;\"><span style=\"font-size: large;\">KSM i&nbsp;redak\u00adcja Listy od MM zapra\u00adsza\u00adj\u0105 na film \u201eCar\u00adlo Acu\u00adtis \u2013 plan na \u017cycie\u201d. Pokaz w&nbsp;Gmin\u00adnym Cen\u00adtrum Kul\u00adtu\u00adry, dzi\u00adsiaj, 21 wrze\u00ad\u015bnia o&nbsp;15.00 i&nbsp;19.00.<\/span><\/span><\/p>\n<\/li>\n<li>\n<p align=\"justify\"><span style=\"font-family: Times New Roman, serif;\"><span style=\"font-size: large;\">Dzi\u0119\u00adku\u00adje\u00admy wszyst\u00adkim, kt\u00f3\u00adrzy zaan\u00adga\u00ad\u017co\u00adwa\u00adli si\u0119 w&nbsp;przy\u00adgo\u00adto\u00adwa\u00adnie uro\u00adczy\u00adsto\u00ad\u015bci odpu\u00adsto\u00adwej w&nbsp;Krzy\u00ad\u017cu. Dzi\u0119\u00adku\u00adje\u00admy r\u00f3w\u00adnie\u017c za prze\u00adka\u00adza\u00adne przy oka\u00adzji odpu\u00adstu prze\u00adtwo\u00adry do ple\u00adba\u00adnij\u00adnej spi\u017carni.<\/span><\/span><\/p>\n<\/li>\n<li>\n<p align=\"justify\"><span style=\"font-family: Times New Roman, serif;\"><span style=\"font-size: large;\">We wto\u00adrek w&nbsp;litur\u00adgii wspo\u00admi\u00adna\u0107 b\u0119dzie\u00admy \u015bw. o. Pio, kt\u00f3\u00adre\u00adgo reli\u00adkwie prze\u00adcho\u00adwy\u00adwa\u00adne s\u0105 w&nbsp;naszym ko\u015bcie\u00adle. Misty\u00adka i&nbsp;s\u0142yn\u00adne\u00adgo spo\u00adwied\u00adni\u00adka. We wto\u00adrek po Mszy o&nbsp;18.00 nabo\u00ad\u017ce\u0144\u00adstwo za jego wstawiennictwem.<\/span><\/span><\/p>\n<\/li>\n<li>\n<p align=\"justify\"><span style=\"font-family: Times New Roman, serif;\"><span style=\"font-size: large;\">W ka\u017c\u00add\u0105 \u015bro\u00add\u0119 o&nbsp;17.00 spo\u00adtka\u00adnie Rycer\u00adstwa Nie\u00adpo\u00adka\u00adla\u00adnej dzie\u00adci i&nbsp;m\u0142o\u00addzie\u00ad\u017cy. Zapra\u00adsza\u00admy na kolej\u00adne spo\u00adtka\u00adnie przy plansz\u00f3wkach.<\/span><\/span><\/p>\n<\/li>\n<li>\n<p align=\"justify\"><span style=\"font-family: Times New Roman, serif;\"><span style=\"font-size: large;\">Ado\u00adra\u00adcja Naj\u00ad\u015bwi\u0119t\u00adsze\u00adgo Sakra\u00admen\u00adtu w&nbsp;\u015bro\u00add\u0119 od godz. 20.00 do 21.00 i&nbsp;w sobo\u00adt\u0119 od 7.00 do 8.45.<\/span><\/span><\/p>\n<\/li>\n<li>\n<p align=\"justify\"><span style=\"font-family: Times New Roman, serif;\"><span style=\"font-size: large;\">W ka\u017c\u00addy pi\u0105\u00adtek po wie\u00adczor\u00adnej Mszy \u015bwi\u0119\u00adtej spo\u00adtka\u00adnie w&nbsp;ora\u00adto\u00adrium Kr\u0119\u00adgu Biblij\u00adne\u00adgo i&nbsp;wsp\u00f3l\u00adne roz\u00adwa\u00ad\u017ca\u00adnie S\u0142o\u00adwa Bo\u017ce\u00adgo. Ser\u00addecz\u00adnie zapra\u00adsza\u00admy, mo\u017c\u00adna przy\u00adnie\u015b\u0107 w\u0142a\u00adsne Pismo \u015awi\u0119te&nbsp;<\/span><\/span><\/p>\n<\/li>\n<li>\n<p align=\"justify\"><span style=\"font-family: Times New Roman, serif;\"><span style=\"font-size: large;\">Zapra\u00adsza\u00admy m\u0142o\u00addzie\u017c na piel\u00adgrzym\u00adk\u0119 rowe\u00adro\u00adw\u0105 do Wie\u00adla. \u201eM\u0142o\u00addzi do Mat\u00adki\u201d. Wyjazd w&nbsp;sobo\u00adt\u0119 27 wrze\u00ad\u015bnia o&nbsp;10.30, a&nbsp;powr\u00f3t ok 17.30. Zapi\u00adsy w&nbsp;zakry\u00adstii i&nbsp;u ks.&nbsp;Paw\u0142a.<\/span><\/span><\/p>\n<\/li>\n<li>\n<p align=\"justify\"><span style=\"font-family: Times New Roman, serif;\"><span style=\"font-size: large;\">W sobo\u00adt\u0119 o&nbsp;18.00 w&nbsp;Dzie\u00admia\u00adnach roz\u00adpocz\u00adnie si\u0119 Eks\u00adtre\u00admal\u00adna Dro\u00adga R\u00f3\u017ca\u0144\u00adco\u00adwa. Do przej\u00ad\u015bcia w&nbsp;mil\u00adcze\u00adniu 10 km. Zapi\u00adsy i&nbsp;wi\u0119\u00adcej szcze\u00adg\u00f3\u00ad\u0142\u00f3w na stro\u00adnie edkdziemiany.pl.<\/span><\/span><\/p>\n<\/li>\n<li>\n<p align=\"justify\"><span style=\"font-family: Times New Roman, serif;\"><span style=\"font-size: large;\">28 wrze\u00ad\u015bnia o&nbsp;godz. 15.00 ks. Mate\u00adusz zapra\u00adsza wszyst\u00adkich, kt\u00f3\u00adrzy kie\u00addy\u00adkol\u00adwiek piel\u00adgrzy\u00admo\u00adwa\u00adli na Jasn\u0105 G\u00f3r\u0119 na spo\u00adtka\u00adnie popiel\u00adgrzym\u00adko\u00adwe Gru\u00adpy Choj\u00adnic\u00adkiej. Naj\u00adpierw spo\u00adtka\u00adnie w&nbsp;sal\u00adce para\u00adfial\u00adnej, a&nbsp;p\u00f3\u017a\u00adniej wsp\u00f3l\u00adne ognisko.<\/span><\/span><\/p>\n<\/li>\n<li>\n<p align=\"justify\"><span style=\"font-family: Times New Roman, serif;\"><span style=\"font-size: large;\">Spo\u00adtka\u00adnie dla m\u0142o\u00addzie\u00ad\u017cy z&nbsp;klas 8, kt\u00f3\u00adrzy chc\u0105 roz\u00adpo\u00adcz\u0105\u0107 przy\u00adgo\u00adto\u00adwa\u00adnie do bierz\u00admo\u00adwa\u00adnia i&nbsp;przy\u00adnaj\u00admniej jed\u00adne\u00adgo z&nbsp;rodzi\u00adc\u00f3w w&nbsp;nie\u00addzie\u00adl\u0119 28 wrze\u00ad\u015bnia o&nbsp;13.20 w&nbsp;ko\u015bciele.<\/span><\/span><\/p>\n<\/li>\n<li>\n<p align=\"justify\"><span style=\"font-family: Times New Roman, serif;\"><span style=\"font-size: large;\">R\u00f3w\u00adnie\u017c w&nbsp;przy\u00adsz\u0142\u0105 nie\u00addzie\u00adl\u0119 zapra\u00adsza\u00admy na XXV Festi\u00adwal Pie\u00ad\u015bni Ch\u00f3\u00adral\u00adnej. Pocz\u0105\u00adtek zma\u00adga\u0144 kon\u00adkur\u00adso\u00adwych w&nbsp;ko\u015bcie\u00adle o&nbsp;godz. 14.00.<\/span><\/span><\/p>\n<\/li>\n<li>\n<p align=\"justify\"><span style=\"font-family: Times New Roman, serif;\"><span style=\"font-size: large;\">W nie\u00addzie\u00adl\u0119, 28 wrze\u00ad\u015bnia, jak co roku przy\u00ad\u0142\u0105\u00adcza\u00admy si\u0119 do mi\u0119\u00addzy\u00adna\u00adro\u00addo\u00adwej akcji \u201cKoron\u00adka do Mi\u0142o\u00adsier\u00addzia Bo\u017ce\u00adgo na uli\u00adcach miast\u201d modl\u0105c si\u0119 w&nbsp;inten\u00adcji naszej Ojczy\u00adzny o&nbsp;godz. 15.00. W&nbsp;naszym mie\u00ad\u015bcie zapra\u00adsza\u00admy do przy\u00ad\u0142\u0105\u00adcze\u00adnia si\u0119 do wsp\u00f3l\u00adne\u00adgo odm\u00f3\u00adwie\u00adnia Koron\u00adki w&nbsp;nast\u0119\u00adpu\u00adj\u0105\u00adcych miejscach:<\/span><\/span><\/p>\n<\/li>\n<\/ol>\n<ul>\n<li style=\"list-style-type: none;\">\n<ul>\n<li>\n<p align=\"justify\"><span style=\"font-family: Times New Roman, serif;\"><span style=\"font-size: large;\">przy pomni\u00adku Jana Paw\u00ad\u0142a&nbsp;II<\/span><\/span><\/p>\n<\/li>\n<li>\n<p align=\"justify\"><span style=\"font-family: Times New Roman, serif;\"><span style=\"font-size: large;\">przy krzy\u00ad\u017cu na uli\u00adcy \u0141ukowskiej<\/span><\/span><\/p>\n<\/li>\n<li>\n<p align=\"justify\"><span style=\"font-family: Times New Roman, serif;\"><span style=\"font-size: large;\">przy krzy\u00ad\u017cu na skrzy\u00ad\u017co\u00adwa\u00adniu uli\u00adcy Tuchol\u00adskiej i&nbsp;21 lutego<\/span><\/span><\/p>\n<\/li>\n<li>\n<p align=\"justify\"><span style=\"font-family: Times New Roman, serif;\"><span style=\"font-size: large;\">przy ko\u015bcie\u00adle<\/span><\/span><\/p>\n<\/li>\n<li>\n<p align=\"justify\"><span style=\"font-family: Times New Roman, serif;\"><span style=\"font-size: large;\">na par\u00adking&nbsp;LIDLA,<\/span><\/span><\/p>\n<\/li>\n<li>\n<p align=\"justify\"><span style=\"font-family: Times New Roman, serif;\"><span style=\"font-size: large;\">na par\u00adkin\u00adgu przy ma\u0142ej Biedronce,<\/span><\/span><\/p>\n<\/li>\n<li>\n<p align=\"justify\"><span style=\"font-family: Times New Roman, serif;\"><span style=\"font-size: large;\">na pla\u00adcu przy fontannie,<\/span><\/span><\/p>\n<\/li>\n<li>\n<p align=\"justify\"><span style=\"font-family: Times New Roman, serif;\"><span style=\"font-size: large;\">na ul. Wie\u00adlew\u00adskiej przed figu\u00adr\u0105 Mat\u00adki Bo\u017cej Fatimskiej<\/span><\/span><\/p>\n<\/li>\n<li>\n<p align=\"justify\"><span style=\"font-family: Times New Roman, serif;\"><span style=\"font-size: large;\">na skwe\u00adrze przy ul.&nbsp;Bema.<\/span><\/span><\/p>\n<\/li>\n<\/ul>\n<\/li>\n<\/ul>\n<ol start=\"17\">\n<li>\n<p align=\"justify\"><span style=\"font-family: Times New Roman, serif;\"><span style=\"font-size: large;\">Kate\u00adche\u00adza dla m\u0142o\u00addzie\u00ad\u017cy, kt\u00f3\u00adra za wzgl\u0119\u00addu na dojaz\u00addy nie mo\u017ce uczest\u00adni\u00adczy\u0107 w&nbsp;lek\u00adcjach reli\u00adgii w&nbsp;szko\u00adle odby\u00adwa\u0107 si\u0119 b\u0119dzie co tydzie\u0144 we wto\u00adrek o&nbsp;17.00 w&nbsp;sal\u00adce parafialnej.<\/span><\/span><\/p>\n<\/li>\n<li>\n<p align=\"justify\"><span style=\"font-family: Times New Roman, serif;\"><span style=\"font-size: large;\">Rycer\u00adstwo Nie\u00adpo\u00adka\u00adla\u00adnej zapra\u00adsza na Og\u00f3l\u00adno\u00adpol\u00adskie Mar\u00adga\u00adret\u00adko\u00adwe Dni Modlitw za Kap\u0142a\u00adn\u00f3w 25, 26 i&nbsp;27 wrze\u00ad\u015bnia po Mszy \u015bw. o&nbsp;8.45.<\/span><\/span><\/p>\n<\/li>\n<li>\n<p align=\"justify\"><span style=\"font-family: Times New Roman, serif;\"><span style=\"font-size: large;\">W dniach 29 i&nbsp;30 wrze\u00ad\u015bnia nasza para\u00adfia orga\u00adni\u00adzu\u00adje dwu\u00addnio\u00adwy wyjazd na piel\u00adgrzym\u00adk\u0119 matu\u00adrzy\u00adst\u00f3w na Jasnej G\u00f3rze. Zapi\u00adsy przez stro\u00adn\u0119 KSM Czersk na facebooku.<\/span><\/span><\/p>\n<\/li>\n<li>\n<p align=\"justify\"><span style=\"font-family: Times New Roman, serif;\"><span style=\"font-size: large;\">Pokaz fil\u00admu \u201eOstat\u00adnia wie\u00adcze\u00adrza\u201d w&nbsp;ramach \u201eEwan\u00adge\u00adlii w&nbsp;wir\u00adtu\u00adal\u00adnej rze\u00adczy\u00adwi\u00adsto\u00ad\u015bci\u201d odb\u0119\u00addzie si\u0119 28 wrze\u00ad\u015bnia 2025 roku w&nbsp;sal\u00adkach para\u00adfial\u00adnych na ul. Szkol\u00adnej&nbsp;2.<\/span><\/span><\/p>\n<\/li>\n<li>\n<p align=\"justify\"><span style=\"font-family: Times New Roman, serif;\"><span style=\"font-size: large;\">25 wrze\u00ad\u015bnia mija mo\u017c\u00adli\u00adwo\u015b\u0107 wypi\u00adsa\u00adnia dzie\u00adci z&nbsp;zaj\u0119\u0107 edu\u00adka\u00adcji zdro\u00adwot\u00adnej. W&nbsp;pro\u00adgra\u00admie zaj\u0119\u0107 z&nbsp;edu\u00adka\u00adcji zdro\u00adwot\u00adnej s\u0105 tre\u00ad\u015bci war\u00adto\u00ad\u015bcio\u00adwe, takie jak tro\u00adska o&nbsp;zdro\u00adwie fizycz\u00adne. Jed\u00adnak s\u0105 te\u017c tre\u00ad\u015bci, kt\u00f3\u00adre nie s\u0105 zgod\u00adne z&nbsp;wia\u00adr\u0105 kato\u00adlic\u00adk\u0105 i&nbsp;nara\u00ad\u017ca\u00adj\u0105 dzie\u00adci i&nbsp;m\u0142o\u00addzie\u017c na ryzy\u00adko powa\u017c\u00adnych nie\u00adbez\u00adpie\u00adcze\u0144stw. Przy\u00adpo\u00admi\u00adna\u00admy apel bisku\u00adp\u00f3w, aby g\u0142\u0119\u00adbo\u00adko roz\u00adwa\u00ad\u017cy\u0107 pro\u00adpo\u00adno\u00adwa\u00adne zaj\u0119\u00adcia z&nbsp;edu\u00adka\u00adcji zdro\u00adwot\u00adnej i&nbsp;nie wyra\u00ad\u017ca\u0107 zgo\u00addy na udzia\u0142 dzie\u00adci w&nbsp;tych zaj\u0119\u00adciach. Wz\u00f3r pisma do rezy\u00adgna\u00adcji mo\u017c\u00adna zna\u00adle\u017a\u0107 na sto\u00adja\u00adkach gazetkami.<\/span><\/span><\/p>\n<\/li>\n<li>\n<p align=\"justify\"><span style=\"font-family: Times New Roman, serif;\"><span style=\"font-size: large;\">Zach\u0119\u00adca\u00admy do uczest\u00adnic\u00adtwa w&nbsp;die\u00adce\u00adzjal\u00adnej kate\u00adche\u00adzie dla doro\u00ads\u0142ych. Dru\u00adgi cykl kate\u00adchez b\u0119dzie mia\u0142 miej\u00adsce od pa\u017a\u00addzier\u00adni\u00adka 2025 r. do czerw\u00adca 2026 r. Spo\u00adtka\u00adnia raz w&nbsp;mie\u00adsi\u0105\u00adcu roz\u00adpo\u00adczy\u00adna\u0107 si\u0119 b\u0119d\u0105 o&nbsp;godzi\u00adnie 19.30 i&nbsp;ko\u0144\u00adczy\u0107 Ape\u00adlem Jasno\u00adg\u00f3r\u00adskim. Tema\u00adtem dru\u00adgie\u00adgo cyklu b\u0119dzie Eucha\u00adry\u00adstia. Kate\u00adche\u00adza adre\u00adso\u00adwa\u00adna jest do wszyst\u00adkich wier\u00adnych. Jest to oka\u00adzja do modli\u00adtwy, zatrzy\u00adma\u00adnia si\u0119 przy S\u0142o\u00adwie Bo\u017cym, dys\u00adku\u00adsji i&nbsp;zapo\u00adzna\u00adnia si\u0119 z&nbsp;bie\u00ad\u017c\u0105\u00adcy\u00admi wyda\u00adrze\u00adnia\u00admi wyzna\u00adcza\u00adj\u0105\u00adcy\u00admi rytm dusz\u00adpa\u00adster\u00adski \u017cycia die\u00adce\u00adzji. Naj\u00adbli\u00ad\u017cej kate\u00adche\u00adzy odby\u00adwa\u0107 si\u0119 b\u0119d\u0105 w&nbsp;Choj\u00adni\u00adcach, Tucho\u00adli i&nbsp;Bru\u00adsach. Szcze\u00adg\u00f3\u00ad\u0142y na plakacie.<\/span><\/span><\/p>\n<\/li>\n<li>\n<p align=\"justify\"><span style=\"font-family: Times New Roman, serif;\"><span style=\"font-size: large;\">4 pa\u017a\u00addzier\u00adni\u00adka 2025 r. w&nbsp;bazy\u00adli\u00adce kate\u00addral\u00adnej w&nbsp;Pel\u00adpli\u00adnie odb\u0119\u00addzie si\u0119 w&nbsp;ramach Roku Jubi\u00adle\u00aduszo\u00adwe\u00adgo Die\u00adce\u00adzjal\u00adny Kon\u00adgres \u017bywe\u00adgo R\u00f3\u017ca\u0144\u00adca. Do udzia\u00ad\u0142u zapro\u00adsze\u00adni s\u0105 mode\u00adra\u00adto\u00adrzy para\u00adfial\u00adni, zela\u00adto\u00adrzy i&nbsp;cz\u0142on\u00adko\u00adwie r\u00f3\u017c r\u00f3\u017ca\u0144\u00adco\u00adwych oraz wszy\u00adscy, kt\u00f3\u00adrzy pra\u00adgn\u0105 wsp\u00f3l\u00adnie dzi\u0119\u00adko\u00adwa\u0107 za Dzie\u00ad\u0142o \u017bR i&nbsp;modli\u0107 si\u0119 za wsta\u00adwien\u00adnic\u00adtwem Mat\u00adki Bo\u017cej w&nbsp;powie\u00adrzo\u00adnych inten\u00adcjach, zw\u0142asz\u00adcza w&nbsp;inten\u00adcji pokoju.<\/span><\/span><\/p>\n<\/li>\n<li>\n<p align=\"justify\"><span style=\"font-family: Times New Roman, serif;\"><span style=\"font-size: large;\">Przy wyj\u00ad\u015bciu z&nbsp;ko\u015bcio\u00ad\u0142a i&nbsp;w zakry\u00adstii mo\u017c\u00adna kupi\u0107 gr\u0119 edu\u00adka\u00adcyj\u00adn\u0105 dla dzie\u00adci. Gra edu\u00adka\u00adcyj\u00adna \u201cMemo r\u00f3\u017ca\u00adniec\u201d sta\u00adno\u00adwi zna\u00adko\u00admi\u00adt\u0105 pomoc w&nbsp;nauce tajem\u00adnic R\u00f3\u017ca\u0144\u00adca \u015bwi\u0119\u00adte\u00adgo. Koszt 40&nbsp;z\u0142.<\/span><\/span><\/p>\n<\/li>\n<li>\n<p align=\"justify\"><span style=\"font-family: Times New Roman, serif;\"><span style=\"font-size: large;\">Na sto\u00adli\u00adkach pod ch\u00f3\u00adrem i&nbsp;w dzwon\u00adni\u00adcy ankie\u00adta \u201cZ czym koja\u00adrzy Ci si\u0119 Czersk?\u201d, kt\u00f3\u00adra pomo\u00ad\u017ce stwo\u00adrzy\u0107 logo, iden\u00adty\u00adfi\u00adka\u00adcj\u0119 gra\u00adficz\u00adn\u0105 i&nbsp;has\u0142o jubi\u00adle\u00aduszu 100-lecia. A&nbsp;onli\u00adne dost\u0119p\u00adna jest ankie\u00adta doty\u00adcz\u0105\u00adca pro\u00adpo\u00adzy\u00adcji arty\u00adst\u00f3w, kt\u00f3\u00adrzy wyst\u0105\u00adpi\u0105 przy\u00adsz\u0142ym roku w&nbsp;Czer\u00adsku. Zach\u0119\u00adca\u00admy do udzia\u00ad\u0142u w&nbsp;ankie\u00adtach, by\u015bmy mie\u00adli wp\u0142yw na to jak b\u0119dzie wygl\u0105\u00adda\u0142 przy\u00adsz\u0142y rok jubileuszowy.<\/span><\/span><\/p>\n<\/li>\n<\/ol>\n<p align=\"justify\"><span style=\"font-family: Times New Roman, serif;\"><span style=\"font-size: large;\">Msze \u015bw. w&nbsp;tym tygodniu:<\/span><\/span><\/p>\n<p align=\"justify\"><span style=\"font-family: Times New Roman, serif;\"><span style=\"font-size: large;\"><b>w&nbsp;30 dzie\u0144 po pogrze\u00adbie<\/b><\/span><\/span><span style=\"font-family: Times New Roman, serif;\"><span style=\"font-size: large;\"> za \u015b.p. Hali\u00adn\u0119 S\u0119kow\u00adsk\u0105 w&nbsp;ponie\u00addzia\u00ad\u0142ek o&nbsp;18.00, \u015b.p. Doro\u00adt\u0119 Walen\u00adczak w&nbsp;\u015bro\u00add\u0119 o&nbsp;18.00, \u015b.p. Jana Lepra w&nbsp;czwar\u00adtek o&nbsp;18.00, \u015b.p. Edmun\u00adda Kaszu\u00adbow\u00adskie\u00adgo w&nbsp;pi\u0105\u00adtek o&nbsp;18.00<\/span><\/span><\/p>\n<p align=\"justify\"><a name=\"_GoBack\"><\/a> <span style=\"font-family: Times New Roman, serif;\"><span style=\"font-size: large;\">W&nbsp;minio\u00adnym cza\u00adsie ode\u00adsz\u0142y do wieczno\u015bci:<\/span><\/span><\/p>\n<ul>\n<li>\n<p align=\"justify\"><span style=\"font-family: Times New Roman, serif;\"><span style=\"font-size: large;\">Hali\u00adna Kr\u0119\u00adska (l. 63) z&nbsp;ul. Wic\u00adka Rogali<\/span><\/span><\/p>\n<\/li>\n<li>\n<p align=\"justify\"><span style=\"font-family: Times New Roman, serif;\"><span style=\"font-size: large;\">Euge\u00adnia Albrecht (l. 90) z&nbsp;ul. Gen. Maczka<\/span><\/span><\/p>\n<\/li>\n<\/ul>\n<p align=\"justify\"><span style=\"font-family: Times New Roman, serif;\"><span style=\"font-size: large;\"><i>Wiecz\u00adny odpo\u00adczy\u00adnek racz im da\u0107&nbsp;Panie\u2026<\/i><\/span><\/span><\/p>\n","protected":false},"excerpt":{"rendered":"<p>B\u00f3g zap\u0142a\u0107 za z\u0142o\u00ad\u017co\u00adne w&nbsp;ubie\u00adg\u0142a nie\u00addzie\u00adl\u0119 ofia\u00adry na tac\u0119, jak r\u00f3w\u00adnie\u017c za ofia\u00adry indy\u00adwi\u00addu\u00adal\u00adne na pro\u00adwa\u00addzo\u00adne w&nbsp;naszej para\u00adfii pra\u00adce remo\u00adn\u00adto\u00ad\u00adwo-inwe\u00ad\u00adsty\u00ad\u00adcy\u00adj\u00adne. Zebra\u00adli\u00ad\u015bmy 13 430&nbsp;z\u0142. W&nbsp;minio\u00adnym cza\u00adsie wyko\u00adna\u00adno p\u00f3\u0142\u00adk\u0119 neo\u00adba\u00adro\u00adko\u00adw\u0105 pod fere\u00adtron, zamon\u00adto\u00adwa\u00adno bra\u00adm\u0119 i&nbsp;furt\u00adk\u0119 na para\u00adfial\u00adnym cmen\u00adta\u00adrzu oraz zamon\u00adto\u00adwa\u00adno kil\u00adka \u2026 <a href=\"https:\/\/www.parafia-czersk.pl\/?p=2097\">Czy\u00adtaj dalej <span class=\"meta-nav\">\u2192<\/span><\/a><\/p>\n","protected":false},"author":1,"featured_media":0,"comment_status":"closed","ping_status":"open","sticky":false,"template":"","format":"standard","meta":{"pagelayer_contact_templates":[],"_pagelayer_content":"","wp_typography_post_enhancements_disabled":false,"footnotes":""},"categories":[3],"tags":[],"class_list":["post-2097","post","type-post","status-publish","format-standard","hentry","category-ogloszenia"],"aioseo_notices":[],"_links":{"self":[{"href":"https:\/\/www.parafia-czersk.pl\/index.php?rest_route=\/wp\/v2\/posts\/2097","targetHints":{"allow":["GET"]}}],"collection":[{"href":"https:\/\/www.parafia-czersk.pl\/index.php?rest_route=\/wp\/v2\/posts"}],"about":[{"href":"https:\/\/www.parafia-czersk.pl\/index.php?rest_route=\/wp\/v2\/types\/post"}],"author":[{"embeddable":true,"href":"https:\/\/www.parafia-czersk.pl\/index.php?rest_route=\/wp\/v2\/users\/1"}],"replies":[{"embeddable":true,"href":"https:\/\/www.parafia-czersk.pl\/index.php?rest_route=%2Fwp%2Fv2%2Fcomments&post=2097"}],"version-history":[{"count":2,"href":"https:\/\/www.parafia-czersk.pl\/index.php?rest_route=\/wp\/v2\/posts\/2097\/revisions"}],"predecessor-version":[{"id":2099,"href":"https:\/\/www.parafia-czersk.pl\/index.php?rest_route=\/wp\/v2\/posts\/2097\/revisions\/2099"}],"wp:attachment":[{"href":"https:\/\/www.parafia-czersk.pl\/index.php?rest_route=%2Fwp%2Fv2%2Fmedia&parent=2097"}],"wp:term":[{"taxonomy":"category","embeddable":true,"href":"https:\/\/www.parafia-czersk.pl\/index.php?rest_route=%2Fwp%2Fv2%2Fcategories&post=2097"},{"taxonomy":"post_tag","embeddable":true,"href":"https:\/\/www.parafia-czersk.pl\/index.php?rest_route=%2Fwp%2Fv2%2Ftags&post=2097"}],"curies":[{"name":"wp","href":"https:\/\/api.w.org\/{rel}","templated":true}]}}