{"id":2101,"date":"2025-09-28T14:04:10","date_gmt":"2025-09-28T14:04:10","guid":{"rendered":"https:\/\/www.parafia-czersk.pl\/?p=2101"},"modified":"2025-09-28T14:40:12","modified_gmt":"2025-09-28T14:40:12","slug":"intencje-26-tydzien-zwykly","status":"publish","type":"post","link":"https:\/\/www.parafia-czersk.pl\/?p=2101","title":{"rendered":"Intencje 26. tydzie\u0144 zwyk\u0142y"},"content":{"rendered":"<table>\n<tbody>\n<tr>\n<td colspan=\"3\"><\/td>\n<\/tr>\n<tr>\n<td><strong>Data<\/strong><\/td>\n<td><strong>Godz.<\/strong><\/td>\n<td><strong>Inten\u00adcja<\/strong><\/td>\n<\/tr>\n<tr>\n<td><strong>&nbsp;<\/strong><\/td>\n<td><strong>06:30<\/strong><\/td>\n<td>\u2020 Jan Grzelak<\/td>\n<\/tr>\n<tr>\n<td><strong>Ponie\u00addzia\u00ad\u0142ek<\/strong><\/td>\n<td><strong>08:45<\/strong><\/td>\n<td>\u2020 za dusze w&nbsp;czy\u015b\u0107\u00adcu cier\u00adpi\u0105\u00adce od Apo\u00adstol\u00adstwa Pomo\u00adcy Duszom Czy\u015b\u0107cowym<\/td>\n<\/tr>\n<tr>\n<td><strong>29 wrze\u00ad\u015bnia<\/strong><\/td>\n<td><strong>08:45<\/strong><\/td>\n<td>\u2020 Mak\u00adsy\u00admi\u00adlian Lip\u00adski (greg.)<\/td>\n<\/tr>\n<tr>\n<td><strong>&nbsp;<\/strong><\/td>\n<td><strong>18:00<\/strong><\/td>\n<td>\u2020 Zdzi\u00ads\u0142aw w&nbsp;96. r. ur. oraz Mag\u00adda\u00adle\u00adna Frydryszewscy<\/td>\n<\/tr>\n<tr>\n<td><strong>&nbsp;<\/strong><\/td>\n<td><strong>18:00<\/strong><\/td>\n<td>\u2020 Edward, Marian\u00adna, Ste\u00adfa\u00adnia, Mak\u00adsy\u00admi\u00adlian oraz&nbsp;Zofia<\/td>\n<\/tr>\n<tr>\n<td><strong>&nbsp;<\/strong><\/td>\n<td><strong>06:30<\/strong><\/td>\n<td>\u2020 Euge\u00adniusz Maniaw\u00adski w&nbsp;1. r.&nbsp;\u015bm.<\/td>\n<\/tr>\n<tr>\n<td><strong>Wto\u00adrek<\/strong><\/td>\n<td><strong>06:30<\/strong><\/td>\n<td>\u2020 Witold Gla\u00adzer, syn Dariusz oraz wnuk Dominik<\/td>\n<\/tr>\n<tr>\n<td><strong>30 wrze\u00ad\u015bnia<\/strong><\/td>\n<td><strong>08:45<\/strong><\/td>\n<td>\u2020 Kazi\u00admierz Bonin w&nbsp;13. r. \u015bm., \u017cona Hele\u00adna, syn Romuald<\/td>\n<\/tr>\n<tr>\n<td><strong>&nbsp;<\/strong><\/td>\n<td><strong>08:45<\/strong><\/td>\n<td>\u2020 Mak\u00adsy\u00admi\u00adlian Lip\u00adski (greg.)<\/td>\n<\/tr>\n<tr>\n<td><strong>&nbsp;<\/strong><\/td>\n<td><strong>18:00<\/strong><\/td>\n<td>\u2020 Jan Kie\u0142\u00adpi\u0144\u00adski z&nbsp;ok. r. \u015bm., Kry\u00adstian \u017babi\u0144\u00adski z&nbsp;ok. ur. oraz zm. z&nbsp;rodziny<\/td>\n<\/tr>\n<tr>\n<td><strong>&nbsp;<\/strong><\/td>\n<td><strong>18:00<\/strong><\/td>\n<td>\u2020 Gra\u00ad\u017cy\u00adna i&nbsp;Krzysz\u00adtof Piekarscy<\/td>\n<\/tr>\n<tr>\n<td><strong>&nbsp;<\/strong><\/td>\n<td><strong>06:30<\/strong><\/td>\n<td>\u2020 Krzysz\u00adtof, Wero\u00adni\u00adka, J\u00f3zef Krzo\u00adska oraz Sta\u00adni\u00ads\u0142aw i&nbsp;Wal\u00adde\u00admar Kasprzyk<\/td>\n<\/tr>\n<tr>\n<td><strong>\u015aro\u00adda<\/strong><\/td>\n<td><strong>06:30<\/strong><\/td>\n<td>\u2020 Hen\u00adryk Szczu\u00adkow\u00adski w&nbsp;10. r. \u015bm. oraz Fran\u00adci\u00adszek Cysew\u00adski w&nbsp;9. r.&nbsp;\u015bm.<\/td>\n<\/tr>\n<tr>\n<td><strong>1 pa\u017a\u00addzier\u00adni\u00adka<\/strong><\/td>\n<td><strong>08:45<\/strong><\/td>\n<td>\u2020 zm. z&nbsp;rodzin Wil\u00adkow\u00adskich, Thie\u00adde oraz Pruskich<\/td>\n<\/tr>\n<tr>\n<td><strong>&nbsp;<\/strong><\/td>\n<td><strong>08:45<\/strong><\/td>\n<td>\u2020 Julian\u00adna Laskow\u00adska (greg.)<\/td>\n<\/tr>\n<tr>\n<td><strong>&nbsp;<\/strong><\/td>\n<td><strong>18:00<\/strong><\/td>\n<td>O zdro\u00adwie dla Pro\u00adbosz\u00adcza (inten\u00adcja od Ryce\u00adrzy Kolumba)<\/td>\n<\/tr>\n<tr>\n<td><strong>&nbsp;<\/strong><\/td>\n<td><strong>18:00<\/strong><\/td>\n<td>Msza \u015bwi\u0119\u00adta wyna\u00adgra\u00addza\u00adj\u0105\u00adca za grze\u00adchy pro\u00adfa\u00adna\u00adcji Naj\u00ad\u015bwi\u0119t\u00adsze\u00adgo Sakramentu<\/td>\n<\/tr>\n<tr>\n<td><strong>&nbsp;<\/strong><\/td>\n<td><strong>06:30<\/strong><\/td>\n<td>\u2020 sio\u00adstra pal\u00adlo\u00adtyn\u00adka Zyta Lub\u00adczy\u0144\u00adska z&nbsp;ok. ur. oraz jej zm. rodzi\u00adce i&nbsp;rodze\u0144stwo<\/td>\n<\/tr>\n<tr>\n<td><strong>&nbsp;<\/strong><\/td>\n<td><strong>06:30<\/strong><\/td>\n<td>\u2020 Hele\u00adna i&nbsp;Bro\u00adni\u00ads\u0142aw Rekow\u00adscy oraz zm. rodzi\u00adce z&nbsp;ob. str.<\/td>\n<\/tr>\n<tr>\n<td><strong>Czwar\u00adtek<\/strong><\/td>\n<td><strong>08:45<\/strong><\/td>\n<td>W inten\u00adcji Apo\u00adstol\u00adstwa Dobrej \u015amier\u00adci za \u017cywych i&nbsp;zmar\u00ad\u0142ych cz\u0142onk\u00f3w<\/td>\n<\/tr>\n<tr>\n<td><strong>2 pa\u017a\u00addzier\u00adni\u00adka<\/strong><\/td>\n<td><strong>08:45<\/strong><\/td>\n<td>\u2020 Julian\u00adna Laskow\u00adska (greg.)<\/td>\n<\/tr>\n<tr>\n<td><strong>&nbsp;<\/strong><\/td>\n<td><strong>18:00<\/strong><\/td>\n<td>W inten\u00adcji Odno\u00adwy w&nbsp;Duchu \u015awi\u0119tym<\/td>\n<\/tr>\n<tr>\n<td><strong>&nbsp;<\/strong><\/td>\n<td><strong>18:00<\/strong><\/td>\n<td>\u2020 Wal\u00adde\u00admar Kitow\u00adski w&nbsp;30. dzie\u0144 po pogrzebie<\/td>\n<\/tr>\n<tr>\n<td><strong>&nbsp;<\/strong><\/td>\n<td><strong>06:30<\/strong><\/td>\n<td>\u2020 Tere\u00adsa Sobie\u00adchow\u00adska w&nbsp;dn. ur.<\/td>\n<\/tr>\n<tr>\n<td><strong>&nbsp;<\/strong><\/td>\n<td><strong>06:30<\/strong><\/td>\n<td>\u2020 za dusze w&nbsp;czy\u015b\u0107\u00adcu cierpi\u0105ce<\/td>\n<\/tr>\n<tr>\n<td><strong>&nbsp;<\/strong><\/td>\n<td><strong>08:45<\/strong><\/td>\n<td>W inten\u00adcji trze\u017awo\u015bci<\/td>\n<\/tr>\n<tr>\n<td><strong>Pi\u0105\u00adtek<\/strong><\/td>\n<td><strong>08:45<\/strong><\/td>\n<td>\u2020 Syl\u00adwia Narloch w&nbsp;30. dzie\u0144 po pogrzebie<\/td>\n<\/tr>\n<tr>\n<td><strong>3 pa\u017a\u00addzier\u00adni\u00adka<\/strong><\/td>\n<td><strong>08:45<\/strong><\/td>\n<td>\u2020 Julian\u00adna Laskow\u00adska (greg.)<\/td>\n<\/tr>\n<tr>\n<td><strong>&nbsp;<\/strong><\/td>\n<td><strong>16:20<\/strong><\/td>\n<td>\u2020 Tere\u00adsa, Urszu\u00adla, El\u017c\u00adbie\u00adta, Tade\u00adusz oraz Mie\u00adczy\u00ads\u0142aw Pob\u0142occy<\/td>\n<\/tr>\n<tr>\n<td><strong>&nbsp;<\/strong><\/td>\n<td><strong>18:00<\/strong><\/td>\n<td>\u2020 Sta\u00adni\u00ads\u0142aw Bar\u00adtosz w&nbsp;2. r. \u015bm., zm. rodzi\u00adce, te\u015bcio\u00adwie, bra\u00adcia oraz bratowa<\/td>\n<\/tr>\n<tr>\n<td><strong>&nbsp;<\/strong><\/td>\n<td><strong>18:00<\/strong><\/td>\n<td>\u2020 Danu\u00adta R\u0105p\u00adca w&nbsp;30. dzie\u0144 po pogrzebie<\/td>\n<\/tr>\n<tr>\n<td><strong>&nbsp;<\/strong><\/td>\n<td><strong>06:30<\/strong><\/td>\n<td>\u2020 Andrzej Guze\u00adlak w&nbsp;17. r. \u015bm. oraz zm. rodzi\u00adce z&nbsp;ob. str.<\/td>\n<\/tr>\n<tr>\n<td><strong>Sobo\u00adta<\/strong><\/td>\n<td><strong>08:45<\/strong><\/td>\n<td>W inten\u00adcji Rycer\u00adstwa Niepokalanej<\/td>\n<\/tr>\n<tr>\n<td><strong>4 pa\u017a\u00addzier\u00adni\u00adka<\/strong><\/td>\n<td><strong>08:45<\/strong><\/td>\n<td>\u2020 Julian\u00adna Laskow\u00adska (greg.)<\/td>\n<\/tr>\n<tr>\n<td><strong>&nbsp;<\/strong><\/td>\n<td><strong>18:00<\/strong><\/td>\n<td>\u2020 Kami\u00adla Kuli\u00adsie\u00adwicz w&nbsp;4. r.&nbsp;\u015bm.<\/td>\n<\/tr>\n<tr>\n<td><strong>&nbsp;<\/strong><\/td>\n<td><strong>18:00<\/strong><\/td>\n<td>\u2020 Ire\u00adna Pastwa w&nbsp;30. dzie\u0144 po pogrzebie<\/td>\n<\/tr>\n<tr>\n<td><strong>&nbsp;<\/strong><\/td>\n<td><strong>06:30<\/strong><\/td>\n<td>Z podz. za otrzy\u00adma\u00adne \u0142aski, z&nbsp;pro\u015b\u00adb\u0105 o&nbsp;Bo\u017ce b\u0142og., dary Ducha \u015awi\u0119\u00adte\u00adgo, opie\u00adk\u0119 MB dla Doro\u00adty i&nbsp;Roma\u00adna z&nbsp;ok. 30. r.&nbsp;\u015blubu<\/td>\n<\/tr>\n<tr>\n<td><strong>&nbsp;<\/strong><\/td>\n<td><strong>07:30<\/strong><\/td>\n<td>Z podz. za otrzy\u00adma\u00adne \u0142aski, z&nbsp;pro\u015b\u00adb\u0105 o&nbsp;Bo\u017ce b\u0142og., dary Ducha \u015awi\u0119\u00adte\u00adgo, opie\u00adk\u0119 MB dla cz\u0142on\u00adk\u00f3w R\u00f3\u017cy R\u00f3\u017ca\u0144\u00adco\u00adwej pw. \u015bw. s. Faustyny<\/td>\n<\/tr>\n<tr>\n<td><strong>Nie\u00addzie\u00adla<\/strong><\/td>\n<td><strong>08:45<\/strong><\/td>\n<td>W int\u00adne\u00adcji Parafian<\/td>\n<\/tr>\n<tr>\n<td><strong>5 pa\u017a\u00addzier\u00adni\u00adka<\/strong><\/td>\n<td><strong>10:00<\/strong><\/td>\n<td>\u2020 Euge\u00adniusz, Zbi\u00adgniew oraz Zenon Narloch<\/td>\n<\/tr>\n<tr>\n<td><strong>&nbsp;<\/strong><\/td>\n<td><strong>11:00<\/strong><\/td>\n<td>\u2020 Kazi\u00admierz i&nbsp;W\u0142a\u00addy\u00ads\u0142a\u00adwa Jasi\u0144sc, syno\u00adwie Jan, Zbi\u00adgniew, Wal\u00adde\u00admar oraz Bog\u00addan Firgolski<\/td>\n<\/tr>\n<tr>\n<td><strong>&nbsp;<\/strong><\/td>\n<td><strong>12:30<\/strong><\/td>\n<td>O zdro\u00adwie dla Pro\u00adbosz\u00adcza (inn\u00adten\u00adcja od Przyjaci\u00f3\u0142)<\/td>\n<\/tr>\n<tr>\n<td><strong>&nbsp;<\/strong><\/td>\n<td><strong>12:30<\/strong><\/td>\n<td>\u2020 Julian\u00adna Laskow\u00adska (greg.)<\/td>\n<\/tr>\n<tr>\n<td><strong>&nbsp;<\/strong><\/td>\n<td><strong>18:00<\/strong><\/td>\n<td>\u2020 Cecy\u00adlia z&nbsp;80. r.&nbsp;ur.<\/td>\n<\/tr>\n<\/tbody>\n<\/table>\n","protected":false},"excerpt":{"rendered":"<p>Data Godz. Inten\u00adcja &nbsp; 06:30 \u2020 Jan Grze\u00adlak Ponie\u00addzia\u00ad\u0142ek 08:45 \u2020 za dusze w&nbsp;czy\u015b\u0107\u00adcu cier\u00adpi\u0105\u00adce od Apo\u00adstol\u00adstwa Pomo\u00adcy Duszom Czy\u015b\u0107\u00adco\u00adwym 29 wrze\u00ad\u015bnia 08:45 \u2020 Mak\u00adsy\u00admi\u00adlian Lip\u00adski (greg.) &nbsp; 18:00 \u2020 Zdzi\u00ads\u0142aw w&nbsp;96. r. ur. oraz Mag\u00adda\u00adle\u00adna Fry\u00addry\u00adszew\u00adscy &nbsp; 18:00 \u2020 \u2026 <a href=\"https:\/\/www.parafia-czersk.pl\/?p=2101\">Czy\u00adtaj dalej <span class=\"meta-nav\">\u2192<\/span><\/a><\/p>\n","protected":false},"author":1,"featured_media":0,"comment_status":"closed","ping_status":"open","sticky":false,"template":"","format":"standard","meta":{"pagelayer_contact_templates":[],"_pagelayer_content":"","wp_typography_post_enhancements_disabled":false,"footnotes":""},"categories":[2],"tags":[],"class_list":["post-2101","post","type-post","status-publish","format-standard","hentry","category-intencje"],"aioseo_notices":[],"_links":{"self":[{"href":"https:\/\/www.parafia-czersk.pl\/index.php?rest_route=\/wp\/v2\/posts\/2101","targetHints":{"allow":["GET"]}}],"collection":[{"href":"https:\/\/www.parafia-czersk.pl\/index.php?rest_route=\/wp\/v2\/posts"}],"about":[{"href":"https:\/\/www.parafia-czersk.pl\/index.php?rest_route=\/wp\/v2\/types\/post"}],"author":[{"embeddable":true,"href":"https:\/\/www.parafia-czersk.pl\/index.php?rest_route=\/wp\/v2\/users\/1"}],"replies":[{"embeddable":true,"href":"https:\/\/www.parafia-czersk.pl\/index.php?rest_route=%2Fwp%2Fv2%2Fcomments&post=2101"}],"version-history":[{"count":1,"href":"https:\/\/www.parafia-czersk.pl\/index.php?rest_route=\/wp\/v2\/posts\/2101\/revisions"}],"predecessor-version":[{"id":2102,"href":"https:\/\/www.parafia-czersk.pl\/index.php?rest_route=\/wp\/v2\/posts\/2101\/revisions\/2102"}],"wp:attachment":[{"href":"https:\/\/www.parafia-czersk.pl\/index.php?rest_route=%2Fwp%2Fv2%2Fmedia&parent=2101"}],"wp:term":[{"taxonomy":"category","embeddable":true,"href":"https:\/\/www.parafia-czersk.pl\/index.php?rest_route=%2Fwp%2Fv2%2Fcategories&post=2101"},{"taxonomy":"post_tag","embeddable":true,"href":"https:\/\/www.parafia-czersk.pl\/index.php?rest_route=%2Fwp%2Fv2%2Ftags&post=2101"}],"curies":[{"name":"wp","href":"https:\/\/api.w.org\/{rel}","templated":true}]}}