{"id":2103,"date":"2025-09-28T14:42:24","date_gmt":"2025-09-28T14:42:24","guid":{"rendered":"https:\/\/www.parafia-czersk.pl\/?p=2103"},"modified":"2025-09-28T14:42:24","modified_gmt":"2025-09-28T14:42:24","slug":"ogloszenia-xxvi-niedziela-zwykla-28-wrzesnia-2025-r","status":"publish","type":"post","link":"https:\/\/www.parafia-czersk.pl\/?p=2103","title":{"rendered":"Og\u0142oszenia XXVI NIEDZIELA ZWYK\u0141A  28 wrze\u015bnia 2025&nbsp;r."},"content":{"rendered":"<ol>\n<li>\n<p align=\"justify\"><span style=\"font-family: Times New Roman, serif;\"><span style=\"font-size: large;\">Pokaz fil\u00admu \u201eOstat\u00adnia wie\u00adcze\u00adrza\u201d w&nbsp;ramach \u201eEwan\u00adge\u00adlii w&nbsp;wir\u00adtu\u00adal\u00adnej rze\u00adczy\u00adwi\u00adsto\u00ad\u015bci\u201d odb\u0119\u00addzie si\u0119 dzi\u00adsiaj w&nbsp;sal\u00adkach para\u00adfial\u00adnych na ul. Szkol\u00adnej&nbsp;2.<\/span><\/span><\/p>\n<\/li>\n<li>\n<p align=\"justify\"><span style=\"font-family: Times New Roman, serif;\"><span style=\"font-size: large;\">Spo\u00adtka\u00adnie dla m\u0142o\u00addzie\u00ad\u017cy z&nbsp;klas 8, kt\u00f3\u00adrzy chc\u0105 roz\u00adpo\u00adcz\u0105\u0107 przy\u00adgo\u00adto\u00adwa\u00adnie do bierz\u00admo\u00adwa\u00adnia i&nbsp;przy\u00adnaj\u00admniej jed\u00adne\u00adgo z&nbsp;rodzi\u00adc\u00f3w, dzi\u00adsiaj, w&nbsp;nie\u00addzie\u00adl\u0119 28 wrze\u00ad\u015bnia o&nbsp;13.20 w&nbsp;ko\u015bciele.<\/span><\/span><\/p>\n<\/li>\n<li>\n<p align=\"justify\"><span style=\"font-family: Times New Roman, serif;\"><span style=\"font-size: large;\">Dzi\u00adsiaj, w&nbsp;nie\u00addzie\u00adl\u0119 zapra\u00adsza\u00admy na XXV Festi\u00adwal Pie\u00ad\u015bni Ch\u00f3\u00adral\u00adnej. Pocz\u0105\u00adtek zma\u00adga\u0144 kon\u00adkur\u00adso\u00adwych w&nbsp;ko\u015bcie\u00adle o&nbsp;godz. 14.00.<\/span><\/span><\/p>\n<\/li>\n<li>\n<p align=\"justify\"><span style=\"font-family: Times New Roman, serif;\"><span style=\"font-size: large;\">O godz. 15.00 ks. Mate\u00adusz zapra\u00adsza wszyst\u00adkich, kt\u00f3\u00adrzy kie\u00addy\u00adkol\u00adwiek piel\u00adgrzy\u00admo\u00adwa\u00adli na Jasn\u0105 G\u00f3r\u0119 na spo\u00adtka\u00adnie popiel\u00adgrzym\u00adko\u00adwe Gru\u00adpy Choj\u00adnic\u00adkiej. Naj\u00adpierw spo\u00adtka\u00adnie w&nbsp;sal\u00adce para\u00adfial\u00adnej, a&nbsp;p\u00f3\u017a\u00adniej wsp\u00f3l\u00adne ognisko.<\/span><\/span><\/p>\n<\/li>\n<li>\n<p align=\"justify\"><span style=\"font-family: Times New Roman, serif;\"><span style=\"font-size: large;\">Tak\u00ad\u017ce, dzi\u00adsiaj, jak co roku przy\u00ad\u0142\u0105\u00adcza\u00admy si\u0119 do mi\u0119\u00addzy\u00adna\u00adro\u00addo\u00adwej akcji \u201cKoron\u00adka do Mi\u0142o\u00adsier\u00addzia Bo\u017ce\u00adgo na uli\u00adcach miast\u201d modl\u0105c si\u0119 w&nbsp;inten\u00adcji naszej Ojczy\u00adzny o&nbsp;godz. 15.00. W&nbsp;naszym mie\u00ad\u015bcie zapra\u00adsza\u00admy do przy\u00ad\u0142\u0105\u00adcze\u00adnia si\u0119 do wsp\u00f3l\u00adne\u00adgo odm\u00f3\u00adwie\u00adnia Koron\u00adki w&nbsp;nast\u0119\u00adpu\u00adj\u0105\u00adcych miejscach:<\/span><\/span><\/p>\n<\/li>\n<\/ol>\n<ul>\n<li>\n<p align=\"justify\"><span style=\"font-family: Times New Roman, serif;\"><span style=\"font-size: large;\">przy pomni\u00adku Jana Paw\u00ad\u0142a&nbsp;II<\/span><\/span><\/p>\n<\/li>\n<li>\n<p align=\"justify\"><span style=\"font-family: Times New Roman, serif;\"><span style=\"font-size: large;\">przy krzy\u00ad\u017cu na uli\u00adcy \u0141ukowskiej<\/span><\/span><\/p>\n<\/li>\n<li>\n<p align=\"justify\"><span style=\"font-family: Times New Roman, serif;\"><span style=\"font-size: large;\">przy krzy\u00ad\u017cu na skrzy\u00ad\u017co\u00adwa\u00adniu uli\u00adcy Tuchol\u00adskiej i&nbsp;21 lutego<\/span><\/span><\/p>\n<\/li>\n<li>\n<p align=\"justify\"><span style=\"font-family: Times New Roman, serif;\"><span style=\"font-size: large;\">przy ko\u015bcie\u00adle<\/span><\/span><\/p>\n<\/li>\n<li>\n<p align=\"justify\"><span style=\"font-family: Times New Roman, serif;\"><span style=\"font-size: large;\">na par\u00adking&nbsp;LIDLA,<\/span><\/span><\/p>\n<\/li>\n<li>\n<p align=\"justify\"><span style=\"font-family: Times New Roman, serif;\"><span style=\"font-size: large;\">na par\u00adkin\u00adgu przy ma\u0142ej Biedronce,<\/span><\/span><\/p>\n<\/li>\n<li>\n<p align=\"justify\"><span style=\"font-family: Times New Roman, serif;\"><span style=\"font-size: large;\">na pla\u00adcu przy fontannie,<\/span><\/span><\/p>\n<\/li>\n<li>\n<p align=\"justify\"><span style=\"font-family: Times New Roman, serif;\"><span style=\"font-size: large;\">na ul. Wie\u00adlew\u00adskiej przed figu\u00adr\u0105 Mat\u00adki Bo\u017cej Fatimskiej<\/span><\/span><\/p>\n<\/li>\n<li>\n<p align=\"justify\"><span style=\"font-family: Times New Roman, serif;\"><span style=\"font-size: large;\">na skwe\u00adrze przy ul.&nbsp;Bema.<\/span><\/span><\/p>\n<\/li>\n<\/ul>\n<ol start=\"6\">\n<li>\n<p align=\"justify\"><span style=\"font-family: Times New Roman, serif;\"><span style=\"font-size: large;\">Jutro nasza m\u0142o\u00addzie\u017c wyje\u017c\u00add\u017ca na dwu\u00addnio\u00adw\u0105 piel\u00adgrzym\u00adk\u0119 na Jasn\u0105 G\u00f3r\u0119. S\u0105 jesz\u00adcze wol\u00adne miej\u00adsca. Zapra\u00adsza\u00admy na wyjazd tak\u00ad\u017ce oso\u00adby doro\u00ads\u0142e, tak aby zape\u0142\u00adni\u0107 wszyst\u00adkie miej\u00adsca. Koszt 280 z\u0142. Szcze\u00adg\u00f3\u00ad\u0142y u&nbsp;ks. Paw\u0142a.<\/span><\/span><\/p>\n<\/li>\n<li>\n<p align=\"justify\"><span style=\"font-family: Times New Roman, serif;\"><span style=\"font-size: large;\">W \u015bro\u00add\u0119 roz\u00adpo\u00adczy\u00adna\u00admy mie\u00adsi\u0105c pa\u017a\u00addzier\u00adnik, a&nbsp;wi\u0119c mie\u00adsi\u0105c r\u00f3\u017ca\u0144\u00adca \u015bw. Zach\u0119\u00adca\u00admy wszyst\u00adkich do odma\u00adwia\u00adnia r\u00f3\u017ca\u0144\u00adca. Nabo\u00ad\u017ce\u0144\u00adstwa r\u00f3\u017ca\u0144\u00adco\u00adwe w&nbsp;naszym ko\u015bcie\u00adle codzien\u00adnie o&nbsp;godz. 8.20 i&nbsp;17.30. Poran\u00adny r\u00f3\u017ca\u00adniec pro\u00adwa\u00addz\u0105 poszcze\u00adg\u00f3l\u00adne R\u00f3\u017ce R\u00f3\u017ca\u0144\u00adco\u00adwe, a&nbsp;na r\u00f3\u017ca\u00adniec o&nbsp;godz. 16.20 (od ponie\u00addzia\u0142\u00adku do pi\u0105t\u00adku) zapra\u00adsza\u00admy dzie\u00adci. W&nbsp;nie\u00addzie\u00adle nabo\u00ad\u017ce\u0144\u00adstwa r\u00f3\u017ca\u0144\u00adco\u00adwe o&nbsp;godz. 17.30.<\/span><\/span><\/p>\n<\/li>\n<li>\n<p align=\"justify\"><span style=\"font-family: Times New Roman, serif;\"><span style=\"font-size: large;\">Ado\u00adra\u00adcja Naj\u00ad\u015bwi\u0119t\u00adsze\u00adgo Sakra\u00admen\u00adtu w&nbsp;\u015bro\u00add\u0119 od godz. 20.00 do 21.00.<\/span><\/span><\/p>\n<\/li>\n<li>\n<p align=\"justify\"><span style=\"font-family: Times New Roman, serif;\"><span style=\"font-size: large;\">Przed nami dni eucharystyczne:<\/span><\/span><\/p>\n<\/li>\n<\/ol>\n<ul>\n<li>\n<p align=\"justify\"><span style=\"font-family: Times New Roman, serif;\"><span style=\"font-size: large;\">w czwar\u00adtek, pi\u0105\u00adtek i&nbsp;w sobo\u00adt\u0119 ado\u00adra\u00adcja Naj\u00ad\u015bwi\u0119t\u00adsze\u00adgo Sakra\u00admen\u00adtu od 7.00 do 8.45<\/span><\/span><\/p>\n<\/li>\n<li>\n<p align=\"justify\"><span style=\"font-family: Times New Roman, serif;\"><span style=\"font-size: large;\">w pierw\u00adszy czwar\u00adtek po wie\u00adczor\u00adnej Mszy ado\u00adra\u00adcja z&nbsp;modli\u00adtw\u0105, kt\u00f3\u00adr\u0105 popro\u00adwa\u00addzi wsp\u00f3l\u00adno\u00adta Odno\u00adwy w&nbsp;Duchu \u015awi\u0119tym<\/span><\/span><\/p>\n<\/li>\n<li>\n<p align=\"justify\"><span style=\"font-family: Times New Roman, serif;\"><span style=\"font-size: large;\">w pierw\u00adszy pi\u0105\u00adtek oka\u00adzja do spo\u00adwie\u00addzi od 15.00 do 16.15 oraz przed ka\u017c\u00add\u0105 Msz\u0105 \u015bwi\u0119\u00adt\u0105. Ado\u00adra\u00adcja od 15.00 do 18.00 z&nbsp;prze\u00adrw\u0105 na Msze o&nbsp;16.20. W&nbsp;Krzy\u00ad\u017cu Msza \u015bwi\u0119\u00adta o&nbsp;17.00.<\/span><\/span><\/p>\n<\/li>\n<li>\n<p align=\"justify\"><span style=\"font-family: Times New Roman, serif;\"><span style=\"font-size: large;\">w pierw\u00adsz\u0105 sobo\u00adt\u0119 nabo\u00ad\u017ce\u0144\u00adstwo wyna\u00adgra\u00addza\u00adj\u0105\u00adce Nie\u00adpo\u00adka\u00adla\u00adne\u00admu Ser\u00adcu Naj\u00ad\u015bwi\u0119t\u00adszej Maryi Pan\u00adnie o&nbsp;7.45.<\/span><\/span><\/p>\n<\/li>\n<\/ul>\n<ol start=\"10\">\n<li>\n<p align=\"justify\"><span style=\"font-family: Times New Roman, serif;\"><span style=\"font-size: large;\">Odwie\u00addzi\u00adny os\u00f3b cho\u00adrych i&nbsp;star\u00adszych z&nbsp;pos\u0142u\u00adg\u0105 sakramentaln\u0105:<\/span><\/span><\/p>\n<\/li>\n<\/ol>\n<ul>\n<li>\n<p align=\"justify\"><span style=\"font-family: Times New Roman, serif;\"><span style=\"font-size: large;\">ks. Mate\u00adusz i&nbsp;ks. Pawe\u0142 w&nbsp;sobo\u00adt\u0119 4&nbsp;pa\u017adziernika<\/span><\/span><\/p>\n<\/li>\n<li>\n<p align=\"justify\"><span style=\"font-family: Times New Roman, serif;\"><span style=\"font-size: large;\">ks. Pio\u00adtra w&nbsp;sobo\u00adt\u0119 11 pa\u017adziernika<\/span><\/span><\/p>\n<\/li>\n<\/ul>\n<ol start=\"11\">\n<li>\n<p align=\"justify\"><span style=\"font-family: Times New Roman, serif;\"><span style=\"font-size: large;\">Za tydzie\u0144 w&nbsp;nie\u00addzie\u00adl\u0119 po Mszy \u015bwi\u0119\u00adtej o&nbsp;godz. 8.45 spo\u00adtka\u00adnie wsp\u00f3l\u00adno\u00adty \u017bywe\u00adgo R\u00f3\u017ca\u0144ca.<\/span><\/span><\/p>\n<\/li>\n<li>\n<p align=\"justify\"><span style=\"font-family: Times New Roman, serif;\"><span style=\"font-size: large;\">W nie\u00addzie\u00adl\u0119, 5&nbsp;pa\u017a\u00addzier\u00adni\u00adka po Mszy \u015bw. o&nbsp;godz. 11.00 odb\u0119\u00addzie si\u0119 spo\u00adtka\u00adnie dla dzie\u00adci, kt\u00f3\u00adre w&nbsp;tym roku szkol\u00adnym maj\u0105 przy\u00adst\u0105\u00adpi\u0107 do I&nbsp;Komu\u00adnii \u015bw. i&nbsp;ich rodzi\u00adc\u00f3w. Na mszy zosta\u00adn\u0105 te\u017c po\u015bwi\u0119\u00adco\u00adne r\u00f3\u017ca\u0144ce.<\/span><\/span><\/p>\n<\/li>\n<li>\n<p align=\"justify\"><span style=\"font-family: Times New Roman, serif;\"><span style=\"font-size: large;\">Dzi\u0119\u00adku\u00adje\u00admy wszyst\u00adkim, kt\u00f3\u00adrzy pomo\u00adgli przy orga\u00adni\u00adza\u00adcji piel\u00adgrzym\u00adki rowe\u00adro\u00adwej do Wie\u00adla. \u201eM\u0142o\u00addzi do&nbsp;Matki\u201d.<\/span><\/span><\/p>\n<\/li>\n<li>\n<p align=\"justify\"><span style=\"font-family: Times New Roman, serif;\"><span style=\"font-size: large;\">W imie\u00adniu ca\u0142ej wsp\u00f3l\u00adno\u00adty para\u00adfial\u00adnej dzi\u0119\u00adku\u00adje\u00admy ofia\u00adro\u00addaw\u00adcom, kt\u00f3\u00adrzy ufun\u00addo\u00adwa\u00adli p\u00f3\u0142\u00adk\u0119 pod fere\u00adtron, a&nbsp;tak\u00ad\u017ce rodzi\u00adnie, kt\u00f3\u00adra ufun\u00addo\u00adwa\u00ad\u0142a o\u015bwie\u00adtle\u00adnie obra\u00adzu \u015bw. Car\u00adlo Acu\u00adti\u00adsa.. Dzi\u0119\u00adku\u00adje\u00admy tak\u00ad\u017ce R\u00f3\u017com R\u00f3\u017ca\u0144\u00adco\u00adwym \u015bw. Car\u00adlo Acu\u00adti\u00adsa i&nbsp;\u015bw. Jana Paw\u00ad\u0142a II za z\u0142o\u00ad\u017co\u00adne ofiary.<\/span><\/span><\/p>\n<\/li>\n<li>\n<p align=\"justify\"><span style=\"font-family: Times New Roman, serif;\"><span style=\"font-size: large;\">Dzi\u0119\u00adku\u00adje\u00admy m\u0142o\u00addzie\u00ad\u017cy i&nbsp;R\u00f3\u017com R\u00f3\u017ca\u0144\u00adco\u00adwym Rodzi\u00adc\u00f3w modl\u0105\u00adcych si\u0119 za dzie\u00adci za przy\u00adgo\u00adto\u00adwa\u00adnie uro\u00adczy\u00adsto\u00ad\u015bci po\u015bwi\u0119\u00adce\u00adnia miej\u00adsca modli\u00adtwy za wsta\u00adwien\u00adnic\u00adtwem \u015bw. Car\u00adlo Acutisa.<\/span><\/span><\/p>\n<\/li>\n<li>\n<p align=\"justify\"><span style=\"font-family: Times New Roman, serif;\"><span style=\"font-size: large;\">4 pa\u017a\u00addzier\u00adni\u00adka 2025 r. w&nbsp;bazy\u00adli\u00adce kate\u00addral\u00adnej w&nbsp;Pel\u00adpli\u00adnie odb\u0119\u00addzie si\u0119 w&nbsp;ramach Roku Jubi\u00adle\u00aduszo\u00adwe\u00adgo Die\u00adce\u00adzjal\u00adny Kon\u00adgres \u017bywe\u00adgo R\u00f3\u017ca\u0144\u00adca. Zach\u0119\u00adca\u00admy do udzia\u0142u.<\/span><\/span><\/p>\n<\/li>\n<li>\n<p align=\"justify\"><span style=\"font-family: Times New Roman, serif;\"><span style=\"font-size: large;\">W sobo\u00adt\u0119 25 pa\u017a\u00addzier\u00adni\u00adka Kol\u00adko Misyj\u00adne orga\u00adni\u00adzu\u00adje wyjazd do Gnie\u00adzna. Zapra\u00adsza\u00admy do udzia\u00ad\u0142u szcze\u00adg\u00f3l\u00adnie dzie\u00adci i&nbsp;m\u0142o\u00addzie\u017c. W&nbsp;pro\u00adgra\u00admie m.in. modli\u00adtwa przy reli\u00adkwiach \u015bw. Woj\u00adcie\u00adcha, zwie\u00addza\u00adnie Wzg\u00f3\u00adrza Lecha w&nbsp;tym kate\u00addry gnie\u017a\u00adnie\u0144\u00adskiej, manu\u00adfak\u00adtu\u00adry bom\u00adbek i&nbsp;udzia\u0142 w&nbsp;warsz\u00adta\u00adtach zdo\u00adbie\u00adnia bom\u00adbek. Koszt 220 z\u0142. Zg\u0142o\u00adsze\u00adnia do p. Ewy Mil\u00adke. Wi\u0119\u00adcej infor\u00adma\u00adcji na stro\u00adnie para\u00adfii na Face\u00adbo\u00adoku i&nbsp;w gazet\u00adce parafialnej.<\/span><\/span><\/p>\n<\/li>\n<li>\n<p align=\"justify\"><span style=\"font-family: Times New Roman, serif;\"><span style=\"font-size: large;\">Na sto\u00adli\u00adkach pod ch\u00f3\u00adrem i&nbsp;w dzwon\u00adni\u00adcy ankie\u00adta \u201cZ czym koja\u00adrzy Ci si\u0119 Czersk?\u201d. Zach\u0119\u00adca\u00admy do udzia\u00ad\u0142u w&nbsp;ankietach.<\/span><\/span><\/p>\n<\/li>\n<li>\n<p align=\"justify\"><span style=\"font-family: Times New Roman, serif;\"><span style=\"font-size: large;\">Przy wyj\u00ad\u015bciu z&nbsp;ko\u015bcio\u00ad\u0142a i&nbsp;w zakry\u00adstii do naby\u00adcia nowy numer \u201ePiel\u00adgrzy\u00adma\u201d i&nbsp;gra \u201eMemo R\u00f3\u017caniec\u201d.<\/span><\/span><\/p>\n<\/li>\n<li>\n<p align=\"justify\"><span style=\"font-family: Times New Roman, serif;\"><span style=\"font-size: large;\">W zakry\u00adstii mo\u017c\u00adna zam\u00f3\u00adwi\u0107 koszul\u00adk\u0119 ze \u015bw. Car\u00adlo Acu\u00adti\u00adsem w&nbsp;kolo\u00adrze czer\u00adwo\u00adnym lub ecru w&nbsp;dowol\u00adnym roz\u00admia\u00adrze. T\u2011shirty b\u0119d\u0105 do odbio\u00adru w&nbsp;przy\u00adsz\u0142\u0105 niedziel\u0119.<\/span><\/span><\/p>\n<\/li>\n<\/ol>\n<p align=\"justify\"><span style=\"font-family: Times New Roman, serif;\"><span style=\"font-size: large;\">Msze \u015bw. w&nbsp;tym tygodniu:<\/span><\/span><\/p>\n<ul>\n<li>\n<p align=\"justify\"><a name=\"_GoBack\"><\/a> <span style=\"font-family: Times New Roman, serif;\"><span style=\"font-size: large;\">za dusze w&nbsp;czy\u015b\u0107\u00adcu cier\u00adpi\u0105\u00adce od Apo\u00adstol\u00adstwa Pomo\u00adcy Duszom Czy\u015b\u0107\u00adco\u00adwym w&nbsp;ponie\u00addzia\u00ad\u0142ek o&nbsp;godz. 8.45<\/span><\/span><\/p>\n<\/li>\n<li>\n<p align=\"justify\"><span style=\"font-family: Times New Roman, serif;\"><span style=\"font-size: large;\">w inten\u00adcji ksi\u0119\u00addza pro\u00adbosz\u00adcza w&nbsp;\u015bro\u00add\u0119 o&nbsp;18.00 i&nbsp;nie\u00addzie\u00adl\u0119 o&nbsp;12.30<\/span><\/span><\/p>\n<\/li>\n<li>\n<p align=\"justify\"><span style=\"font-family: Times New Roman, serif;\"><span style=\"font-size: large;\">w inten\u00adcji wyna\u00adgra\u00addza\u00adj\u0105\u00adcej za grze\u00adchy pro\u00adfa\u00adna\u00adcji Naj\u00ad\u015bwi\u0119t\u00adsze\u00adgo Sakra\u00admen\u00adtu w&nbsp;\u015bro\u00add\u0119 o&nbsp;18.00<\/span><\/span><\/p>\n<\/li>\n<li>\n<p align=\"justify\"><span style=\"font-family: Times New Roman, serif;\"><span style=\"font-size: large;\">w inten\u00adcji Apo\u00adstol\u00adstwa Dobrej \u015amier\u00adci w&nbsp;czwar\u00adtek o&nbsp;godz. 8.45<\/span><\/span><\/p>\n<\/li>\n<li>\n<p align=\"justify\"><span style=\"font-family: Times New Roman, serif;\"><span style=\"font-size: large;\">w inten\u00adcji Odno\u00adwy w&nbsp;Duchu \u015awi\u0119\u00adtym w&nbsp;czwar\u00adtek o&nbsp;godz. 18.00<\/span><\/span><\/p>\n<\/li>\n<li>\n<p align=\"justify\"><span style=\"font-family: Times New Roman, serif;\"><span style=\"font-size: large;\">w inten\u00adcji trze\u017a\u00adwo\u00ad\u015bci w&nbsp;pi\u0105\u00adtek o&nbsp;godz. 8.45<\/span><\/span><\/p>\n<\/li>\n<li>\n<p align=\"justify\"><span style=\"font-family: Times New Roman, serif;\"><span style=\"font-size: large;\">w inten\u00adcji Rycer\u00adstwa Nie\u00adpo\u00adka\u00adla\u00adnej w&nbsp;sobo\u00adt\u0119 o&nbsp;godz. 8.45<\/span><\/span><\/p>\n<\/li>\n<li>\n<p align=\"justify\"><span style=\"font-family: Times New Roman, serif;\"><span style=\"font-size: large;\">w inten\u00adcji wsp\u00f3l\u00adno\u00adty \u017bywe\u00adgo R\u00f3\u017ca\u0144\u00adca w&nbsp;nie\u00addzie\u00adl\u0119 o&nbsp;8.45<\/span><\/span><\/p>\n<\/li>\n<li>\n<p align=\"justify\"><span style=\"font-family: Times New Roman, serif;\"><span style=\"font-size: large;\">w inten\u00adcji R\u00f3\u017cy pw. \u015bw. s. Fau\u00adsty\u00adny w&nbsp;nie\u00addzie\u00adl\u0119 o&nbsp;7.30<\/span><\/span><\/p>\n<\/li>\n<\/ul>\n<p align=\"justify\"><span style=\"font-family: Times New Roman, serif;\"><span style=\"font-size: large;\"><b>w&nbsp;1. rocz\u00adni\u00adc\u0119 \u015bmier\u00adci<\/b><\/span><\/span><span style=\"font-family: Times New Roman, serif;\"><span style=\"font-size: large;\"> za \u015b.p. Euge\u00adniu\u00adsza Maniew\u00adskie\u00adgo we wto\u00adrek o&nbsp;6.30<\/span><\/span><\/p>\n<p align=\"justify\"><span style=\"font-family: Times New Roman, serif;\"><span style=\"font-size: large;\"><b>w 30 dzie\u0144 po pogrze\u00adbie,<\/b><\/span><\/span><span style=\"font-family: Times New Roman, serif;\"><span style=\"font-size: large;\"> za \u015b.p. Wal\u00adde\u00adma\u00adra Kitow\u00adskie\u00adgo, w&nbsp;czwar\u00adtek o&nbsp;18.00, \u015b.p. Syl\u00adwi\u0119 Narloch, w&nbsp;pi\u0105\u00adtek o&nbsp;8.45, \u015b.p. Danu\u00adt\u0119 R\u0105p\u00adca w&nbsp;pi\u0105\u00adtek o&nbsp;18.00, \u015b.p. Ire\u00adn\u0119 Pastwa w&nbsp;sobo\u00adt\u0119 o&nbsp;18.00<\/span><\/span><\/p>\n","protected":false},"excerpt":{"rendered":"<p>Pokaz fil\u00admu \u201eOstat\u00adnia wie\u00adcze\u00adrza\u201d w&nbsp;ramach \u201eEwan\u00adge\u00adlii w&nbsp;wir\u00adtu\u00adal\u00adnej rze\u00adczy\u00adwi\u00adsto\u00ad\u015bci\u201d odb\u0119\u00addzie si\u0119 dzi\u00adsiaj w&nbsp;sal\u00adkach para\u00adfial\u00adnych na ul. Szkol\u00adnej&nbsp;2. Spo\u00adtka\u00adnie dla m\u0142o\u00addzie\u00ad\u017cy z&nbsp;klas 8, kt\u00f3\u00adrzy chc\u0105 roz\u00adpo\u00adcz\u0105\u0107 przy\u00adgo\u00adto\u00adwa\u00adnie do bierz\u00admo\u00adwa\u00adnia i&nbsp;przy\u00adnaj\u00admniej jed\u00adne\u00adgo z&nbsp;rodzi\u00adc\u00f3w, dzi\u00adsiaj, w&nbsp;nie\u00addzie\u00adl\u0119 28 wrze\u00ad\u015bnia o&nbsp;13.20 w&nbsp;ko\u015bcie\u00adle. Dzi\u00adsiaj, w&nbsp;nie\u00addzie\u00adl\u0119 zapra\u00adsza\u00admy na \u2026 <a href=\"https:\/\/www.parafia-czersk.pl\/?p=2103\">Czy\u00adtaj dalej <span class=\"meta-nav\">\u2192<\/span><\/a><\/p>\n","protected":false},"author":1,"featured_media":0,"comment_status":"closed","ping_status":"open","sticky":false,"template":"","format":"standard","meta":{"pagelayer_contact_templates":[],"_pagelayer_content":"","wp_typography_post_enhancements_disabled":false,"footnotes":""},"categories":[3],"tags":[],"class_list":["post-2103","post","type-post","status-publish","format-standard","hentry","category-ogloszenia"],"aioseo_notices":[],"_links":{"self":[{"href":"https:\/\/www.parafia-czersk.pl\/index.php?rest_route=\/wp\/v2\/posts\/2103","targetHints":{"allow":["GET"]}}],"collection":[{"href":"https:\/\/www.parafia-czersk.pl\/index.php?rest_route=\/wp\/v2\/posts"}],"about":[{"href":"https:\/\/www.parafia-czersk.pl\/index.php?rest_route=\/wp\/v2\/types\/post"}],"author":[{"embeddable":true,"href":"https:\/\/www.parafia-czersk.pl\/index.php?rest_route=\/wp\/v2\/users\/1"}],"replies":[{"embeddable":true,"href":"https:\/\/www.parafia-czersk.pl\/index.php?rest_route=%2Fwp%2Fv2%2Fcomments&post=2103"}],"version-history":[{"count":1,"href":"https:\/\/www.parafia-czersk.pl\/index.php?rest_route=\/wp\/v2\/posts\/2103\/revisions"}],"predecessor-version":[{"id":2104,"href":"https:\/\/www.parafia-czersk.pl\/index.php?rest_route=\/wp\/v2\/posts\/2103\/revisions\/2104"}],"wp:attachment":[{"href":"https:\/\/www.parafia-czersk.pl\/index.php?rest_route=%2Fwp%2Fv2%2Fmedia&parent=2103"}],"wp:term":[{"taxonomy":"category","embeddable":true,"href":"https:\/\/www.parafia-czersk.pl\/index.php?rest_route=%2Fwp%2Fv2%2Fcategories&post=2103"},{"taxonomy":"post_tag","embeddable":true,"href":"https:\/\/www.parafia-czersk.pl\/index.php?rest_route=%2Fwp%2Fv2%2Ftags&post=2103"}],"curies":[{"name":"wp","href":"https:\/\/api.w.org\/{rel}","templated":true}]}}