{"id":2146,"date":"2025-11-27T19:53:55","date_gmt":"2025-11-27T19:53:55","guid":{"rendered":"https:\/\/www.parafia-czersk.pl\/?p=2146"},"modified":"2025-11-27T19:53:55","modified_gmt":"2025-11-27T19:53:55","slug":"intencje-34-tydzien-zwykly-2","status":"publish","type":"post","link":"https:\/\/www.parafia-czersk.pl\/?p=2146","title":{"rendered":"Intencje 34. tydzie\u0144 zwyk\u0142y"},"content":{"rendered":"<table width=\"742\">\n<tbody>\n<tr>\n<td colspan=\"3\" width=\"742\"><\/td>\n<\/tr>\n<tr>\n<td width=\"117\">Data<\/td>\n<td>Godz.<\/td>\n<td width=\"575\">Inten\u00adcja<\/td>\n<\/tr>\n<tr>\n<td width=\"117\"><\/td>\n<td>06:30<\/td>\n<td width=\"575\">\u2020 Kazi\u00admierz Grad oraz zm. rodzi\u00adce i&nbsp;rodze\u0144\u00adstwo z&nbsp;ob. str.<\/td>\n<\/tr>\n<tr>\n<td width=\"117\"><\/td>\n<td>06:30<\/td>\n<td width=\"575\">\u2020 Mie\u00adczy\u00ads\u0142aw Kla\u00adman w&nbsp;4. r. \u015bm. oraz \u017cona Gertruda<\/td>\n<\/tr>\n<tr>\n<td width=\"117\">Ponie\u00addzia\u00ad\u0142ek<\/td>\n<td>08:45<\/td>\n<td width=\"575\">\u2020 za dusze w&nbsp;czy\u015b\u0107\u00adcu cier\u00adpi\u0105\u00adce od Apo\u00adstol\u00adstwa Pomo\u00adcy Duszom Czy\u015b\u0107cowym<\/td>\n<\/tr>\n<tr>\n<td width=\"117\">24 listo\u00adpa\u00adda<\/td>\n<td>08:45<\/td>\n<td width=\"575\">\u2020 Adam Lata\u00ad\u0142a (greg.)<\/td>\n<\/tr>\n<tr>\n<td width=\"117\"><\/td>\n<td>18:00<\/td>\n<td width=\"575\">\u2020 Jerzy Kla\u00adman w&nbsp;15. r. \u015bm. oraz zm. rodzi\u00adce z&nbsp;ob. str.<\/td>\n<\/tr>\n<tr>\n<td width=\"117\"><\/td>\n<td>18:00<\/td>\n<td width=\"575\">\u2020 Sta\u00adni\u00ads\u0142aw Frost w&nbsp;30. dzie\u0144 po pogrzebie<\/td>\n<\/tr>\n<tr>\n<td width=\"117\"><\/td>\n<td>06:30<\/td>\n<td width=\"575\">\u2020 Tere\u00adsa, Fran\u00adci\u00adszek, Bog\u00addan i&nbsp;Bogu\u00admi\u00ad\u0142a Lan\u00addow\u00adscy oraz zm. te\u015bcio\u00adwie Brzezi\u0144scy<\/td>\n<\/tr>\n<tr>\n<td width=\"117\">Wto\u00adrek<\/td>\n<td>06:30<\/td>\n<td width=\"575\">\u2020 Piotr Radom\u00adski w&nbsp;14. r. \u015bm. ora Ste\u00adfa\u00adnia i&nbsp;Jan Kesner<\/td>\n<\/tr>\n<tr>\n<td width=\"117\">25 listo\u00adpa\u00adda<\/td>\n<td>08:45<\/td>\n<td width=\"575\">\u2020 Jani\u00adna Mucha w&nbsp;10. r. \u015bm. oraz zm. rodzi\u00adce Joan\u00adna i&nbsp;Anto\u00adni Kukli\u0144scy<\/td>\n<\/tr>\n<tr>\n<td width=\"117\"><\/td>\n<td>08:45<\/td>\n<td width=\"575\">\u2020 Adam Lata\u00ad\u0142a (greg.)<\/td>\n<\/tr>\n<tr>\n<td width=\"117\"><\/td>\n<td>18:00<\/td>\n<td width=\"575\">\u2020 Andrzej Bar\u00adtosz, zm. rodzi\u00adce z&nbsp;ob. str. oraz bra\u00adcia Roman, Sta\u00adni\u00ads\u0142aw i&nbsp;Krzysztof<\/td>\n<\/tr>\n<tr>\n<td width=\"117\"><\/td>\n<td>18:00<\/td>\n<td width=\"575\">\u2020 Kazi\u00admierz Kren\u00adski w&nbsp;30. dzie\u0144 po pogrzebie<\/td>\n<\/tr>\n<tr>\n<td width=\"117\"><\/td>\n<td>06:30<\/td>\n<td width=\"575\">\u2020 Alfons i&nbsp;Ire\u00adna G\u00f3rnowicz<\/td>\n<\/tr>\n<tr>\n<td width=\"117\">\u015aro\u00adda<\/td>\n<td>06:30<\/td>\n<td width=\"575\">\u2020 J\u00f3zef Maty\u00adle\u00adwicz w&nbsp;5. r. \u015bm., \u017cona Tere\u00adsa oraz zm. rodzi\u00adce z&nbsp;ob. str.<\/td>\n<\/tr>\n<tr>\n<td width=\"117\">26 listo\u00adpa\u00adda<\/td>\n<td>08:45<\/td>\n<td width=\"575\">\u2020 Joachi\u00adma i&nbsp;Aloj\u00adzy Resz\u00adczy\u0144\u00adscy, c\u00f3r\u00adka Euge\u00adnia, syno\u00adwie Miro\u00ads\u0142aw i&nbsp;Feliks, syno\u00adwa Fry\u00adda oraz wnuk Stanis\u0142aw<\/td>\n<\/tr>\n<tr>\n<td width=\"117\"><\/td>\n<td>08:45<\/td>\n<td width=\"575\">\u2020 Adam Lata\u00ad\u0142a (greg.)<\/td>\n<\/tr>\n<tr>\n<td width=\"117\"><\/td>\n<td>18:00<\/td>\n<td width=\"575\">\u2020 Ste\u00adfa\u00adnia K\u0142ak z&nbsp;ok. 2. r.&nbsp;\u015bm.<\/td>\n<\/tr>\n<tr>\n<td width=\"117\"><\/td>\n<td>18:00<\/td>\n<td width=\"575\">\u2020 Tere\u00adsa Bok w&nbsp;30. dzie\u0144 po pogrzebie<\/td>\n<\/tr>\n<tr>\n<td width=\"117\"><\/td>\n<td>06:30<\/td>\n<td width=\"575\">\u2020 zm. rodzi\u00adce z&nbsp;ob. str., \u017cona Maria, brat Andrzej, jego \u017cona Ire\u00adna, szwa\u00adgier\u00adki Bogu\u00admi\u00ad\u0142a i&nbsp;Kry\u00adsty\u00adna oraz szwa\u00adgro\u00adwie Mie\u00adczy\u00ads\u0142aw i&nbsp;Grzegorz<\/td>\n<\/tr>\n<tr>\n<td width=\"117\"><\/td>\n<td>06:30<\/td>\n<td width=\"575\">\u2020 Krzysz\u00adtof Kar\u00adkosz\u00adka z&nbsp;ok. ur.<\/td>\n<\/tr>\n<tr>\n<td width=\"117\">Czwar\u00adtek<\/td>\n<td>08:45<\/td>\n<td width=\"575\">\u2020 Jani\u00adna i&nbsp;Hen\u00adryk&nbsp;Elak<\/td>\n<\/tr>\n<tr>\n<td width=\"117\">27 listo\u00adpa\u00adda<\/td>\n<td>08:45<\/td>\n<td width=\"575\">\u2020 Adam Lata\u00ad\u0142a (greg.)<\/td>\n<\/tr>\n<tr>\n<td width=\"117\"><\/td>\n<td>18:00<\/td>\n<td width=\"575\">Z podz. za otrzy\u00adma\u00adne \u0142aski, z&nbsp;pro\u015b\u00adb\u0105 o&nbsp;Bo\u017ce b\u0142og., opie\u00adk\u0119 MB oraz dary Ducha \u015awi\u0119\u00adte\u00adgo dla Fran\u00adcisz\u00adka z&nbsp;ok. 11. r.&nbsp;ur.<\/td>\n<\/tr>\n<tr>\n<td width=\"117\"><\/td>\n<td>18:00<\/td>\n<td width=\"575\">\u2020 zm. z&nbsp;rodzin Soj\u00adk\u00f3w, Rostan\u00adkow\u00adskich, Jan i&nbsp;Fran\u00adcisz\u00adka Rafi\u0144\u00adscy oraz dusze w&nbsp;czy\u015b\u0107\u00adcu cierpi\u0105ce<\/td>\n<\/tr>\n<tr>\n<td width=\"117\"><\/td>\n<td>06:30<\/td>\n<td width=\"575\">\u2020 Hali\u00adna, Fran\u00adci\u00adszek i&nbsp;Anto\u00adni Mie\u017calik<\/td>\n<\/tr>\n<tr>\n<td width=\"117\"><\/td>\n<td>06:30<\/td>\n<td width=\"575\">\u2020 Jan Janow\u00adski w&nbsp;4. r. \u015bm. oraz zm. rodzi\u00adce i&nbsp;te\u015bciowie<\/td>\n<\/tr>\n<tr>\n<td width=\"117\">Pi\u0105\u00adtek<\/td>\n<td>08:45<\/td>\n<td width=\"575\">\u2020 Sta\u00adni\u00ads\u0142a\u00adwa, Jan i&nbsp;Kazi\u00admierz Basza\u00adnow\u00adscy, W\u0142a\u00addy\u00ads\u0142a\u00adwa i&nbsp;Alfred Redwanz oraz Kry\u00adsty\u00adna Kacprzak<\/td>\n<\/tr>\n<tr>\n<td width=\"117\">28 listo\u00adpa\u00adda<\/td>\n<td>08:45<\/td>\n<td width=\"575\">\u2020 Adam Lata\u00ad\u0142a (greg.)<\/td>\n<\/tr>\n<tr>\n<td width=\"117\"><\/td>\n<td>18:00<\/td>\n<td width=\"575\">\u2020 Jerzy Nasie\u00adniew\u00adski w&nbsp;10. r. \u015bm., Urszu\u00adla, Sta\u00adni\u00ads\u0142a\u00adwa w&nbsp;20. r. \u015bm. i&nbsp;Sta\u00adni\u00ads\u0142aw Dys\u00adie\u00adro\u00adwicz oraz zm. dziad\u00adko\u00adwie z&nbsp;ob. str.<\/td>\n<\/tr>\n<tr>\n<td width=\"117\"><\/td>\n<td>18:00<\/td>\n<td width=\"575\">\u2020 Zbi\u00adgniew Jaku\u00adbow\u00adski w&nbsp;1. r.&nbsp;\u015bm.<\/td>\n<\/tr>\n<tr>\n<td width=\"117\"><\/td>\n<td>18:00<\/td>\n<td width=\"575\">\u2020 Pawe\u0142 Gwiz\u00adda\u00ad\u0142a w&nbsp;30. dzie\u0144 po pogrzebie<\/td>\n<\/tr>\n<tr>\n<td width=\"117\"><\/td>\n<td>06:30<\/td>\n<td width=\"575\">Z podz. za otrzy\u00adma\u00adne \u0142aski, z&nbsp;pro\u015b\u00adb\u0105 o&nbsp;Bo\u017ce b\u0142og., opie\u00adk\u0119 MB oraz dary Ducha \u015awi\u0119\u00adte\u00adgo dla Mariu\u00adsza Resz\u00adczy\u0144\u00adskie\u00adgo z&nbsp;ok. 50. r.&nbsp;ur.<\/td>\n<\/tr>\n<tr>\n<td width=\"117\"><\/td>\n<td>06:30<\/td>\n<td width=\"575\">\u2020 Bogu\u00admi\u00ad\u0142a i&nbsp;J\u00f3zef Ja\u017c\u00add\u017cew\u00adscy, syn Jozef oraz zm. rodzi\u00adce z&nbsp;ob. str.<\/td>\n<\/tr>\n<tr>\n<td width=\"117\">Sobo\u00adta<\/td>\n<td>08:45<\/td>\n<td width=\"575\">\u2020 Alfred w&nbsp;r. \u015bm. oraz \u017cona Teresa<\/td>\n<\/tr>\n<tr>\n<td width=\"117\">29 listo\u00adpa\u00adda<\/td>\n<td>08:45<\/td>\n<td width=\"575\">\u2020 Ire\u00adna Pie\u00adpio\u00adra w&nbsp;4. r. \u015bm., m\u0105\u017c W\u0142a\u00addy\u00ads\u0142aw oraz Wal\u00adde\u00admar&nbsp;Szulc<\/td>\n<\/tr>\n<tr>\n<td><\/td>\n<td>08:45<\/td>\n<td width=\"575\">\u2020 Adam Lata\u00ad\u0142a (greg.)<\/td>\n<\/tr>\n<tr>\n<td width=\"117\"><\/td>\n<td>16:30<\/td>\n<td width=\"575\">Z podz. za otrzy\u00adma\u00adne \u0142aski, z&nbsp;pro\u015b\u00adb\u0105 o&nbsp;Bo\u017ce b\u0142og., opie\u00adk\u0119 MB oraz dary Ducha \u015awi\u0119\u00adte\u00adgo dla Ber\u00adna\u00adde\u00adty i&nbsp;Danie\u00adla Spel\u00adbert z&nbsp;ok. 25. r.&nbsp;\u015blubu<\/td>\n<\/tr>\n<tr>\n<td width=\"117\"><\/td>\n<td>18:00<\/td>\n<td width=\"575\">\u2020 Tere\u00adsa Remisz w&nbsp;2. r.&nbsp;\u015bm.<\/td>\n<\/tr>\n<tr>\n<td width=\"117\"><\/td>\n<td>06:30<\/td>\n<td width=\"575\">\u2020 Ani\u00adce\u00adta Kitow\u00adska w&nbsp;4. r. \u015bm. oraz El\u017c\u00adbie\u00adta i&nbsp;Bogu\u00admi\u0142 Prondzinscy<\/td>\n<\/tr>\n<tr>\n<td width=\"117\"><\/td>\n<td>07:30<\/td>\n<td width=\"575\">\u2020 Anie\u00adla Szlach\u00adci\u00adkow\u00adska w&nbsp;dn. ur., m\u0105\u017c Leon, syn Gerard oraz wnuk Tadeusz<\/td>\n<\/tr>\n<tr>\n<td width=\"117\">Nie\u00addzie\u00adla<\/td>\n<td>08:45<\/td>\n<td width=\"575\">W inten\u00adcji Parafian<\/td>\n<\/tr>\n<tr>\n<td width=\"117\">30 listo\u00adpa\u00adda<\/td>\n<td>10:00<\/td>\n<td width=\"575\">\u2020 Zyta Dulek w&nbsp;7. r.&nbsp;\u015bm.<\/td>\n<\/tr>\n<tr>\n<td width=\"117\"><\/td>\n<td>11:00<\/td>\n<td width=\"575\">\u2020 Jadwi\u00adga Szyn\u00adwel\u00adska w&nbsp;6. r. \u015bm., m\u0105\u017c Mak\u00adsy\u00admi\u00adlian oraz zm. rodzi\u00adce i&nbsp;rodze\u0144\u00adstwo z&nbsp;ob. str.<\/td>\n<\/tr>\n<tr>\n<td width=\"117\"><\/td>\n<td>12:30<\/td>\n<td width=\"575\">\u2020 Roman Jasz\u00adczy\u00adszyn oraz zm. rodzi\u00adce Ade\u00adla i&nbsp;Tadeusz<\/td>\n<\/tr>\n<tr>\n<td width=\"117\"><\/td>\n<td>12:30<\/td>\n<td width=\"575\">\u2020 Adam Lata\u00ad\u0142a (greg.)<\/td>\n<\/tr>\n<tr>\n<td width=\"117\"><\/td>\n<td>18:00<\/td>\n<td width=\"575\">\u2020 Jerzy i&nbsp;Agniesz\u00adka Cza\u00adpiew\u00adscy, Zyg\u00admunt i&nbsp;Ste\u00adfa\u00adnia Wycin\u00adka oraz Danu\u00adta i&nbsp;Fran\u00adci\u00adszek S\u0119kowscy<\/td>\n<\/tr>\n<\/tbody>\n<\/table>\n","protected":false},"excerpt":{"rendered":"<p>Data Godz. Inten\u00adcja 06:30 \u2020 Kazi\u00admierz Grad oraz zm. rodzi\u00adce i&nbsp;rodze\u0144\u00adstwo z&nbsp;ob. str. 06:30 \u2020 Mie\u00adczy\u00ads\u0142aw Kla\u00adman w&nbsp;4. r. \u015bm. oraz \u017cona Ger\u00adtru\u00adda Ponie\u00addzia\u00ad\u0142ek 08:45 \u2020 za dusze w&nbsp;czy\u015b\u0107\u00adcu cier\u00adpi\u0105\u00adce od Apo\u00adstol\u00adstwa Pomo\u00adcy Duszom Czy\u015b\u0107\u00adco\u00adwym 24 listo\u00adpa\u00adda 08:45 \u2020 Adam \u2026 <a href=\"https:\/\/www.parafia-czersk.pl\/?p=2146\">Czy\u00adtaj dalej <span class=\"meta-nav\">\u2192<\/span><\/a><\/p>\n","protected":false},"author":1,"featured_media":0,"comment_status":"closed","ping_status":"open","sticky":false,"template":"","format":"standard","meta":{"pagelayer_contact_templates":[],"_pagelayer_content":"","wp_typography_post_enhancements_disabled":false,"footnotes":""},"categories":[2],"tags":[],"class_list":["post-2146","post","type-post","status-publish","format-standard","hentry","category-intencje"],"aioseo_notices":[],"_links":{"self":[{"href":"https:\/\/www.parafia-czersk.pl\/index.php?rest_route=\/wp\/v2\/posts\/2146","targetHints":{"allow":["GET"]}}],"collection":[{"href":"https:\/\/www.parafia-czersk.pl\/index.php?rest_route=\/wp\/v2\/posts"}],"about":[{"href":"https:\/\/www.parafia-czersk.pl\/index.php?rest_route=\/wp\/v2\/types\/post"}],"author":[{"embeddable":true,"href":"https:\/\/www.parafia-czersk.pl\/index.php?rest_route=\/wp\/v2\/users\/1"}],"replies":[{"embeddable":true,"href":"https:\/\/www.parafia-czersk.pl\/index.php?rest_route=%2Fwp%2Fv2%2Fcomments&post=2146"}],"version-history":[{"count":1,"href":"https:\/\/www.parafia-czersk.pl\/index.php?rest_route=\/wp\/v2\/posts\/2146\/revisions"}],"predecessor-version":[{"id":2147,"href":"https:\/\/www.parafia-czersk.pl\/index.php?rest_route=\/wp\/v2\/posts\/2146\/revisions\/2147"}],"wp:attachment":[{"href":"https:\/\/www.parafia-czersk.pl\/index.php?rest_route=%2Fwp%2Fv2%2Fmedia&parent=2146"}],"wp:term":[{"taxonomy":"category","embeddable":true,"href":"https:\/\/www.parafia-czersk.pl\/index.php?rest_route=%2Fwp%2Fv2%2Fcategories&post=2146"},{"taxonomy":"post_tag","embeddable":true,"href":"https:\/\/www.parafia-czersk.pl\/index.php?rest_route=%2Fwp%2Fv2%2Ftags&post=2146"}],"curies":[{"name":"wp","href":"https:\/\/api.w.org\/{rel}","templated":true}]}}