{"id":2148,"date":"2025-12-01T17:46:16","date_gmt":"2025-12-01T17:46:16","guid":{"rendered":"https:\/\/www.parafia-czersk.pl\/?p=2148"},"modified":"2025-12-02T13:00:17","modified_gmt":"2025-12-02T13:00:17","slug":"i-niedziela-adwentu-30-listopada-2025-r","status":"publish","type":"post","link":"https:\/\/www.parafia-czersk.pl\/?p=2148","title":{"rendered":"I NIEDZIELA ADWENTU  30 listopada 2025&nbsp;r."},"content":{"rendered":"<ol>\n<li>\n<p align=\"justify\"><span style=\"font-family: Bookman Old Style, serif;\"><span style=\"font-size: medium;\">Dzi\u00adsiej\u00adsza \u2013 I&nbsp;nie\u00addzie\u00adla Adwen\u00adtu\u2009\u2014\u2009wpro\u00adwa\u00addza nas w&nbsp;okres przy\u00adgo\u00adto\u00adwa\u0144 do \u015awi\u0105t Bo\u017ce\u00adgo Naro\u00addze\u00adnia oraz powt\u00f3r\u00adne\u00adgo przyj\u00ad\u015bcia Chrystusa.<\/span><\/span><\/p>\n<\/li>\n<li>\n<p align=\"justify\"><span style=\"font-family: Bookman Old Style, serif;\"><span style=\"font-size: medium;\">RORATY \u2013 roz\u00adpo\u00adczy\u00adna\u00admy od jutra: dla doro\u00ads\u0142ych o&nbsp;6.15, a&nbsp;dla dzie\u00adci i&nbsp;m\u0142o\u00addzie\u00ad\u017cy o&nbsp;godz. 7.00. Zach\u0119\u00adca\u00admy do zabie\u00adra\u00adnia ze sob\u0105 lam\u00adpio\u00adn\u00f3w na Msz\u0119 \u015bw. o&nbsp;godz. 7:00.<\/span><\/span><\/p>\n<\/li>\n<li>\n<p align=\"justify\"><span style=\"font-family: Bookman Old Style, serif;\"><span style=\"font-size: medium;\">Reko\u00adlek\u00adcje adwen\u00adto\u00adwe w&nbsp;tym roku od dru\u00adgiej nie\u00addzie\u00adli adwen\u00adtu, czy\u00adli od 7&nbsp;grudnia.<\/span><\/span><\/p>\n<\/li>\n<li>\n<p align=\"justify\"><span style=\"color: #000000;\"><span style=\"font-family: Bookman Old Style, serif;\"><span style=\"font-size: medium;\">W \u015bro\u00add\u0119 od godz. 20.00 do 21.00 i&nbsp;w sobo\u00adt\u0119 od godz. 7.00 do 8.45 zach\u0119\u00adca\u00admy do ado\u00adra\u00adcji Naj\u00ad\u015bwi\u0119t\u00adsze\u00adgo Sakramentu.<\/span><\/span><\/span><\/p>\n<\/li>\n<li>\n<p align=\"justify\"><span style=\"font-family: Bookman Old Style, serif;\"><span style=\"font-size: medium;\">Przed nami dni eucharystyczne:<\/span><\/span><\/p>\n<\/li>\n<\/ol>\n<ul>\n<li style=\"list-style-type: none;\">\n<ul>\n<li>\n<p align=\"justify\"><span style=\"font-family: Bookman Old Style, serif;\"><span style=\"font-size: medium;\">w czwar\u00adtek, pi\u0105\u00adtek i&nbsp;w sobo\u00adt\u0119 ado\u00adra\u00adcja Naj\u00ad\u015bwi\u0119t\u00adsze\u00adgo Sakra\u00admen\u00adtu od 8.00 do 8.45<\/span><\/span><\/p>\n<\/li>\n<li>\n<p align=\"justify\"><span style=\"font-family: Bookman Old Style, serif;\"><span style=\"font-size: medium;\">w pierw\u00adszy czwar\u00adtek po wie\u00adczor\u00adnej Mszy ado\u00adra\u00adcja z&nbsp;modli\u00adtw\u0105, kt\u00f3\u00adr\u0105 popro\u00adwa\u00addzi wsp\u00f3l\u00adno\u00adta Odno\u00adwy w&nbsp;Duchu \u015awi\u0119tym<\/span><\/span><\/p>\n<\/li>\n<li>\n<p align=\"justify\"><span style=\"font-family: Bookman Old Style, serif;\"><span style=\"font-size: medium;\">w pierw\u00adszy pi\u0105\u00adtek oka\u00adzja do spo\u00adwie\u00addzi od 15.00 do 16.15 oraz przed ka\u017c\u00add\u0105 Msz\u0105 \u015bwi\u0119\u00adt\u0105. Ado\u00adra\u00adcja od 15.00 do 18.00 z&nbsp;prze\u00adrw\u0105 na Msze o&nbsp;16.20. W&nbsp;Krzy\u00ad\u017cu Msza \u015bwi\u0119\u00adta o&nbsp;17.00.<\/span><\/span><\/p>\n<\/li>\n<li>\n<p align=\"justify\"><span style=\"font-family: Bookman Old Style, serif;\"><span style=\"font-size: medium;\">w sobo\u00adt\u0119 zapra\u00adsza\u00admy na nabo\u00ad\u017ce\u0144\u00adstwo pierw\u00adszych sob\u00f3t mie\u00adsi\u0105\u00adca od godz. 7.45 do 8.45.<\/span><\/span><\/p>\n<\/li>\n<\/ul>\n<\/li>\n<\/ul>\n<ol start=\"6\">\n<li>\n<p align=\"justify\"><span style=\"font-family: Bookman Old Style, serif;\"><span style=\"font-size: medium;\">W grud\u00adniu ksi\u0119\u00ad\u017ca odwie\u00addz\u0105 cho\u00adrych z&nbsp;pos\u0142u\u00adg\u0105 sakra\u00admen\u00adtal\u00adn\u0105: ks. Pawe\u0142 6&nbsp;grud\u00adnia, ksi\u0105dz Piotr 13 grud\u00adnia, a&nbsp;ksi\u0105dz Mate\u00adusz 20 grud\u00adnia. Oso\u00adby cho\u00adre i&nbsp;star\u00adsze, kt\u00f3\u00adre nie mog\u0105 przy\u00adcho\u00addzi\u0107 same do ko\u015bcio\u00ad\u0142a, mo\u017c\u00adna jesz\u00adcze zg\u0142a\u00adsza\u0107 w&nbsp;biu\u00adrze para\u00adfial\u00adnym i&nbsp;u ksi\u0119\u017cy.<\/span><\/span><\/p>\n<\/li>\n<li>\n<p align=\"justify\"><span style=\"font-family: Bookman Old Style, serif;\"><span style=\"font-size: medium;\">Rycer\u00adstwo Nie\u00adpo\u00adka\u00adla\u00adnej zapra\u00adsza na Godzin\u00adki o&nbsp;NPNMP w&nbsp;ramach Nowen\u00adny, kt\u00f3\u00adra poprze\u00addza Uro\u00adczy\u00adsto\u015b\u0107 Nie\u00adpo\u00adka\u00adla\u00adne\u00adgo Pocz\u0119\u00adcia NMP. Na nabo\u00ad\u017ce\u0144\u00adstwo zapra\u00adsza\u00admy codzien\u00adnie w&nbsp;tym tygo\u00addniu o&nbsp;godz. 8.15.<\/span><\/span><\/p>\n<\/li>\n<li>\n<p align=\"justify\"><span style=\"font-family: Bookman Old Style, serif;\"><span style=\"font-size: medium;\">Za tydzie\u0144 w&nbsp;nie\u00addzie\u00adl\u0119 po Mszy \u015bw. o&nbsp;godz. 8.45 spo\u00adtka\u00adnie op\u0142at\u00adko\u00adwe \u017bywe\u00adgo R\u00f3\u017ca\u0144ca.&nbsp;<\/span><\/span><\/p>\n<\/li>\n<li>\n<p align=\"justify\"><span style=\"font-family: Bookman Old Style, serif;\"><span style=\"font-size: medium;\">W dniach 5&nbsp;i 6&nbsp;grud\u00adnia Para\u00adfial\u00adny Zesp\u00f3\u0142 Cari\u00adtas pro\u00adwa\u00addzi zbi\u00f3r\u00adk\u0119 pro\u00adduk\u00adt\u00f3w \u017cyw\u00adno\u00ad\u015bcio\u00adwych w&nbsp;Bie\u00addron\u00adkach przy ul. Cmen\u00adtar\u00adnej i&nbsp;Jana Paw\u00ad\u0142a II. Pro\u00adduk\u00adty te b\u0119d\u0105 prze\u00adzna\u00adczo\u00adne na \u015bwi\u0105\u00adtecz\u00adne pacz\u00adki dla os\u00f3b samot\u00adnych i&nbsp;cho\u00adrych, b\u0119d\u0105\u00adcych w&nbsp;trud\u00adnej sytu\u00adacji mate\u00adrial\u00adnej. Od 5&nbsp;do 10 grud\u00adnia ora\u00adto\u00adrium (ma\u0142a sal\u00adka) b\u0119dzie nieczynne.<\/span><\/span><\/p>\n<\/li>\n<li>\n<p align=\"justify\"><span style=\"font-family: Bookman Old Style, serif;\"><span style=\"font-size: medium;\">Od dzi\u00adsiaj rusza akcja \u201cPaczusz\u00adka dla malusz\u00adka\u201d. To \u015bwi\u0105\u00adtecz\u00adna akcja, pod\u00adczas kt\u00f3\u00adrej zbie\u00adra\u00admy arty\u00adku\u00ad\u0142y che\u00admii kosme\u00adtycz\u00adnej i&nbsp;przy\u00adgo\u00adto\u00adwu\u00adje\u00admy bo\u017co\u00adna\u00adro\u00addze\u00adnio\u00adwe pre\u00adzen\u00adty dla dzie\u00adci, znaj\u00addu\u00adj\u0105\u00adcych si\u0119 pod opie\u00adk\u0105 Fun\u00adda\u00adcji Ma\u0142ych St\u00f3\u00adpek. Wystar\u00adczy zabra\u0107 ze sob\u0105 bomb\u00adk\u0119 zawie\u00adszo\u00adn\u0105 na cho\u00adin\u00adce, gdzie znaj\u00addzie\u00admy infor\u00adma\u00adcje o&nbsp;tym, co jest potrzeb\u00adne, a&nbsp;nast\u0119p\u00adnie przy\u00adnie\u015b\u0107 arty\u00adku\u00ad\u0142y i&nbsp;zosta\u00adwi\u0107 je przy stajence.<\/span><\/span><\/p>\n<\/li>\n<li>\n<p align=\"justify\"><span style=\"font-family: Bookman Old Style, serif;\"><span style=\"font-size: medium;\">Przed ko\u015bcio\u00ad\u0142em i&nbsp;w zakry\u00adstii mo\u017c\u00adna naby\u0107 \u015bwie\u00adce wigi\u00adlij\u00adnej pomo\u00adcy dzie\u00adciom w&nbsp;cenie 11 i&nbsp;25 z\u0142, bomb\u00adki r\u0119cz\u00adnie deko\u00adro\u00adwa\u00adne z&nbsp;wize\u00adrun\u00adkiem nasze\u00adgo ko\u015bcio\u00ad\u0142a w&nbsp;cenie 30 i&nbsp;40 z\u0142 oraz kalen\u00adda\u00adrze para\u00adfial\u00adne w&nbsp;cenie 15&nbsp;z\u0142.&nbsp;<\/span><\/span><\/p>\n<\/li>\n<li>\n<p align=\"justify\"><span style=\"font-family: Bookman Old Style, serif;\"><span style=\"font-size: medium;\">Za tydzie\u0144 m\u0142o\u00addzie\u017c KSM b\u0119dzie roz\u00adpro\u00adwa\u00addza\u00ad\u0142a pi\u0119k\u00adne kart\u00adki \u015bwi\u0105\u00adtecz\u00adne. Doch\u00f3d jest prze\u00adzna\u00adczo\u00adny na dzia\u00ad\u0142al\u00adno\u015b\u0107&nbsp;KSM.<\/span><\/span><\/p>\n<\/li>\n<li>\n<p align=\"justify\"><span style=\"font-family: Bookman Old Style, serif;\"><span style=\"font-size: medium;\">Dzi\u0119\u00adku\u00adje\u00admy ksi\u0119\u00addzu Mate\u00aduszo\u00adwi i&nbsp;wszyst\u00adkim, kt\u00f3\u00adrzy w\u0142\u0105\u00adczy\u00adli si\u0119 w&nbsp;przy\u00adgo\u00adto\u00adwa\u00adnie Deka\u00adnal\u00adne\u00adgo Dnia M\u0142o\u00addzie\u00ad\u017cy. Szcze\u00adg\u00f3l\u00adne podzi\u0119\u00adko\u00adwa\u00adnia dla cukier\u00adni pa\u0144\u00adstwa Kukli\u0144\u00adskich za s\u0142od\u00adki pocz\u0119stunek.<\/span><\/span><\/p>\n<\/li>\n<li>\n<p align=\"justify\"><span style=\"font-family: Bookman Old Style, serif;\"><span style=\"font-size: medium;\">Powsta\u00adje nowa M\u0119ska R\u00f3\u017ca R\u00f3\u017ca\u0144\u00adco\u00adwa \u015bw. o. Pio. Szcze\u00adg\u00f3\u00ad\u0142u u&nbsp;p. Ma\u0142\u00adgo\u00adrza\u00adty S\u0119kowskiej.<\/span><\/span><\/p>\n<\/li>\n<li>\n<p align=\"justify\"><span style=\"font-family: Bookman Old Style, serif;\"><span style=\"font-size: medium;\">W \u015bro\u00add\u0119 Liceum Og\u00f3l\u00adno\u00adkszta\u0142\u00adc\u0105\u00adce orga\u00adni\u00adzu\u00adje akcj\u0119 krwio\u00addaw\u00adstwa. Krwio\u00adbus b\u0119dzie usta\u00adwio\u00adny przy sali gim\u00adna\u00adstycz\u00adnej, a&nbsp;reje\u00adstra\u00adcja odb\u0119\u00addzie si\u0119 w&nbsp;godzi\u00adnach 9.00\u221214.00. Pocze\u00adkal\u00adnia oraz pocz\u0119\u00adstu\u00adnek b\u0119dzie w&nbsp;sali gim\u00adna\u00adstycz\u00adnej. Na krwio\u00addaw\u00adc\u00f3w cze\u00adka\u00adj\u0105 vouche\u00adry na cho\u00adin\u00adki przy\u00adgo\u00adto\u00adwa\u00adne przez Nad\u00adle\u00ad\u015bnic\u00adtwo Czersk.<\/span><\/span><\/p>\n<\/li>\n<\/ol>\n<p class=\"western\" align=\"justify\"><span style=\"font-family: Bookman Old Style, serif;\"><span style=\"font-size: medium;\">Msze \u015bw. w&nbsp;tym tygodniu:<\/span><\/span><\/p>\n<ul>\n<li style=\"list-style-type: none;\">\n<ul>\n<li>\n<p align=\"justify\"><span style=\"color: #000000;\"><span style=\"font-family: Bookman Old Style, serif;\"><span style=\"font-size: medium;\">w inten\u00adcji Apo\u00adstol\u00adstwa Dobrej \u015amier\u00adci w&nbsp;czwar\u00adtek o&nbsp;godz. 8.45<\/span><\/span><\/span><\/p>\n<\/li>\n<li>\n<p align=\"justify\"><span style=\"color: #000000;\"><span style=\"font-family: Bookman Old Style, serif;\"><span style=\"font-size: medium;\">w inten\u00adcji Odno\u00adwy w&nbsp;Duchu \u015awi\u0119\u00adtym w&nbsp;czwar\u00adtek o&nbsp;godz. 18.00<\/span><\/span><\/span><\/p>\n<\/li>\n<li>\n<p align=\"justify\"><span style=\"color: #000000;\"><span style=\"font-family: Bookman Old Style, serif;\"><span style=\"font-size: medium;\">w inten\u00adcji trze\u017a\u00adwo\u00ad\u015bci w&nbsp;pi\u0105\u00adtek o&nbsp;godz. 8.45<\/span><\/span><\/span><\/p>\n<\/li>\n<li>\n<p align=\"justify\"><span style=\"color: #000000;\"><span style=\"font-family: Bookman Old Style, serif;\"><span style=\"font-size: medium;\">w inten\u00adcji Rycer\u00adstwa Nie\u00adpo\u00adka\u00adla\u00adnej w&nbsp;sobo\u00adt\u0119 o&nbsp;8.45<\/span><\/span><\/span><\/p>\n<\/li>\n<li>\n<p align=\"justify\"><span style=\"color: #000000;\"><span style=\"font-family: Bookman Old Style, serif;\"><span style=\"font-size: medium;\">w inten\u00adcji wsp\u00f3l\u00adno\u00adty \u017bywe\u00adgo R\u00f3\u017ca\u0144\u00adca w&nbsp;nie\u00addzie\u00adle o&nbsp;8.45<\/span><\/span><\/span><\/p>\n<\/li>\n<li>\n<p align=\"justify\"><span style=\"color: #000000;\"><span style=\"font-family: Bookman Old Style, serif;\"><span style=\"font-size: medium;\"><b>w 30. dzie\u0144 po pogrze\u00adbie <\/b><\/span><\/span><\/span><span style=\"color: #000000;\"><span style=\"font-family: Bookman Old Style, serif;\"><span style=\"font-size: medium;\">za&nbsp;\u015b.p.<\/span><\/span><\/span><span style=\"color: #000000;\"><span style=\"font-family: Bookman Old Style, serif;\"><span style=\"font-size: medium;\"><b>&nbsp;<\/b><\/span><\/span><\/span><span style=\"color: #000000;\"><span style=\"font-family: Bookman Old Style, serif;\"><span style=\"font-size: medium;\"> Edmun\u00adda Rychlic\u00adkie\u00adgo w&nbsp;ponie\u00addzia\u00ad\u0142ek o&nbsp;18.00, \u015b.p. Ryszar\u00adda Pi\u00f3r\u00adkow\u00adskie\u00adgo we wto\u00adrek o&nbsp;18.00, \u015b.p. Marii Miet\u00adkiej w&nbsp;czwar\u00adtek o&nbsp;18.00<\/span><\/span><\/span><\/p>\n<\/li>\n<li>\n<p align=\"justify\"><span style=\"color: #000000;\"><span style=\"font-family: Bookman Old Style, serif;\"><span style=\"font-size: medium;\"><b>w 1. rocz\u00adni\u00adc\u0119 \u015bmier\u00adci <\/b><\/span><\/span><\/span><span style=\"color: #000000;\"><span style=\"font-family: Bookman Old Style, serif;\"><span style=\"font-size: medium;\">za \u015b.p. Bo\u017ce\u00adny Zi\u00f3\u0142\u00adkow\u00adskiej we wto\u00adrek o&nbsp;6.15, \u015b.p. Maria\u00adna K\u0142o\u00addzi\u0144\u00adskie\u00adgo w&nbsp;\u015bro\u00add\u0119 o&nbsp;18.00<\/span><\/span><\/span><\/p>\n<\/li>\n<\/ul>\n<\/li>\n<\/ul>\n<p class=\"western\" align=\"justify\"><span style=\"color: #000000;\"><span style=\"font-family: Bookman Old Style, serif;\"><span style=\"font-size: medium;\"><b>W minio\u00adnym cza\u00adsie ode\u00adszli do wieczno\u015bci<\/b><\/span><\/span><\/span><\/p>\n<ul>\n<li style=\"list-style-type: none;\">\n<ul>\n<li>\n<p align=\"justify\"><a name=\"_GoBack\"><\/a> <span style=\"color: #000000;\"><span style=\"font-family: Bookman Old Style, serif;\"><span style=\"font-size: medium;\">Tere\u00adsa Lesz\u00adczy\u0144\u00adska (l. 78) z&nbsp;ul. Spokojnej<\/span><\/span><\/span><\/p>\n<\/li>\n<li>\n<p align=\"justify\"><span style=\"color: #000000;\"><span style=\"font-family: Bookman Old Style, serif;\"><span style=\"font-size: medium;\">Ade\u00adla Sku\u00adczy\u0144\u00adska (l. 84) z&nbsp;ul. Szkolnej<\/span><\/span><\/span><\/p>\n<\/li>\n<li>\n<p align=\"justify\"><span style=\"color: #000000;\"><span style=\"font-family: Bookman Old Style, serif;\"><span style=\"font-size: medium;\">Ewa Gro\u00admow\u00adska (l. 68) z&nbsp;ul. Podg\u00f3rnej<\/span><\/span><\/span><\/p>\n<\/li>\n<\/ul>\n<\/li>\n<\/ul>\n<p class=\"western\" align=\"justify\"><span style=\"color: #000000;\"><span style=\"font-family: Bookman Old Style, serif;\"><span style=\"font-size: medium;\"><i>Wiecz\u00adny odpo\u00adczy\u00adnek racz im da\u0107&nbsp;Panie\u2026<\/i><\/span><\/span><\/span><\/p>\n","protected":false},"excerpt":{"rendered":"<p>Dzi\u00adsiej\u00adsza \u2013 I&nbsp;nie\u00addzie\u00adla Adwen\u00adtu\u2009\u2014\u2009wpro\u00adwa\u00addza nas w&nbsp;okres przy\u00adgo\u00adto\u00adwa\u0144 do \u015awi\u0105t Bo\u017ce\u00adgo Naro\u00addze\u00adnia oraz powt\u00f3r\u00adne\u00adgo przyj\u00ad\u015bcia Chry\u00adstu\u00adsa. RORATY \u2013 roz\u00adpo\u00adczy\u00adna\u00admy od jutra: dla doro\u00ads\u0142ych o&nbsp;6.15, a&nbsp;dla dzie\u00adci i&nbsp;m\u0142o\u00addzie\u00ad\u017cy o&nbsp;godz. 7.00. Zach\u0119\u00adca\u00admy do zabie\u00adra\u00adnia ze sob\u0105 lam\u00adpio\u00adn\u00f3w na Msz\u0119 \u015bw. o&nbsp;godz. 7:00. Reko\u00adlek\u00adcje \u2026 <a href=\"https:\/\/www.parafia-czersk.pl\/?p=2148\">Czy\u00adtaj dalej <span class=\"meta-nav\">\u2192<\/span><\/a><\/p>\n","protected":false},"author":1,"featured_media":0,"comment_status":"closed","ping_status":"open","sticky":false,"template":"","format":"standard","meta":{"pagelayer_contact_templates":[],"_pagelayer_content":"","wp_typography_post_enhancements_disabled":false,"footnotes":""},"categories":[3],"tags":[],"class_list":["post-2148","post","type-post","status-publish","format-standard","hentry","category-ogloszenia"],"aioseo_notices":[],"_links":{"self":[{"href":"https:\/\/www.parafia-czersk.pl\/index.php?rest_route=\/wp\/v2\/posts\/2148","targetHints":{"allow":["GET"]}}],"collection":[{"href":"https:\/\/www.parafia-czersk.pl\/index.php?rest_route=\/wp\/v2\/posts"}],"about":[{"href":"https:\/\/www.parafia-czersk.pl\/index.php?rest_route=\/wp\/v2\/types\/post"}],"author":[{"embeddable":true,"href":"https:\/\/www.parafia-czersk.pl\/index.php?rest_route=\/wp\/v2\/users\/1"}],"replies":[{"embeddable":true,"href":"https:\/\/www.parafia-czersk.pl\/index.php?rest_route=%2Fwp%2Fv2%2Fcomments&post=2148"}],"version-history":[{"count":3,"href":"https:\/\/www.parafia-czersk.pl\/index.php?rest_route=\/wp\/v2\/posts\/2148\/revisions"}],"predecessor-version":[{"id":2151,"href":"https:\/\/www.parafia-czersk.pl\/index.php?rest_route=\/wp\/v2\/posts\/2148\/revisions\/2151"}],"wp:attachment":[{"href":"https:\/\/www.parafia-czersk.pl\/index.php?rest_route=%2Fwp%2Fv2%2Fmedia&parent=2148"}],"wp:term":[{"taxonomy":"category","embeddable":true,"href":"https:\/\/www.parafia-czersk.pl\/index.php?rest_route=%2Fwp%2Fv2%2Fcategories&post=2148"},{"taxonomy":"post_tag","embeddable":true,"href":"https:\/\/www.parafia-czersk.pl\/index.php?rest_route=%2Fwp%2Fv2%2Ftags&post=2148"}],"curies":[{"name":"wp","href":"https:\/\/api.w.org\/{rel}","templated":true}]}}