{"id":2152,"date":"2025-12-04T21:09:10","date_gmt":"2025-12-04T21:09:10","guid":{"rendered":"https:\/\/www.parafia-czersk.pl\/?p=2152"},"modified":"2025-12-04T21:09:10","modified_gmt":"2025-12-04T21:09:10","slug":"intencje-i-tydzien-adwentu-3","status":"publish","type":"post","link":"https:\/\/www.parafia-czersk.pl\/?p=2152","title":{"rendered":"Intencje I&nbsp;TYDZIE\u0143 ADWENTU"},"content":{"rendered":"<table>\n<tbody>\n<tr>\n<td colspan=\"3\"><\/td>\n<\/tr>\n<tr>\n<td><strong>Data<\/strong><\/td>\n<td><strong>Godz.<\/strong><\/td>\n<td><strong>Inten\u00adcja<\/strong><\/td>\n<\/tr>\n<tr>\n<td><strong>&nbsp;<\/strong><\/td>\n<td><strong>06:15<\/strong><\/td>\n<td>\u2020 Ire\u00adna Jab\u0142o\u0144\u00adska w&nbsp;dn. ur. oraz Kry\u00adsty\u00adna i&nbsp;Euge\u00adniusz&nbsp;Bona<\/td>\n<\/tr>\n<tr>\n<td><strong>&nbsp;<\/strong><\/td>\n<td><strong>07:00<\/strong><\/td>\n<td>\u2020 za dusze w&nbsp;czy\u015b\u0107\u00adcu cierpi\u0105ce<\/td>\n<\/tr>\n<tr>\n<td><strong>Ponie\u00addzia\u00ad\u0142ek<\/strong><\/td>\n<td><strong>08:45<\/strong><\/td>\n<td>\u2020 Ire\u00adna, Feliks, Andrzej Hudziak oraz zm. dziad\u00adko\u00adwie z&nbsp;ob. str.<\/td>\n<\/tr>\n<tr>\n<td><strong>1 grud\u00adnia<\/strong><\/td>\n<td><strong>08:45<\/strong><\/td>\n<td>\u2020 Adam Lata\u00ad\u0142a (greg.)<\/td>\n<\/tr>\n<tr>\n<td><strong>&nbsp;<\/strong><\/td>\n<td><strong>18:00<\/strong><\/td>\n<td>\u2020 Jan Sza\u00admoc\u00adki, \u017cona Ste\u00adfa\u00adnia, syno\u00adwie Andrzej, Jan i&nbsp;Jerzy<\/td>\n<\/tr>\n<tr>\n<td><strong>&nbsp;<\/strong><\/td>\n<td><strong>18:00<\/strong><\/td>\n<td>\u2020 Hele\u00adna Babi\u0144\u00adska w&nbsp;30. dzie\u0144 po pogrzebie<\/td>\n<\/tr>\n<tr>\n<td><strong>Wto\u00adrek<\/strong><\/td>\n<td><strong>06:15<\/strong><\/td>\n<td>\u2020 Anna i&nbsp;Anto\u00adni \u0141an\u00adgow\u00adscy oraz Hali\u00adna i&nbsp;Kazi\u00admierz Polakowscy<\/td>\n<\/tr>\n<tr>\n<td><strong>2 grud\u00adnia<\/strong><\/td>\n<td><strong>07:00<\/strong><\/td>\n<td>\u2020 J\u00f3zef Wycin\u00adka w&nbsp;r. \u015bm., \u017cona Kry\u00adsty\u00adna oraz zm. dziad\u00adko\u00adwie z&nbsp;ob. str.<\/td>\n<\/tr>\n<tr>\n<td><strong>&nbsp;<\/strong><\/td>\n<td><strong>08:45<\/strong><\/td>\n<td>\u2020 Bar\u00adba\u00adra Szma\u00adgli\u0144\u00adska z&nbsp;ok. ur. i&nbsp;im. oraz m\u0105\u017c&nbsp;Roman<\/td>\n<\/tr>\n<tr>\n<td><strong>&nbsp;<\/strong><\/td>\n<td><strong>08:45<\/strong><\/td>\n<td>\u2020 Zdzi\u00ads\u0142a\u00adwa Ko\u0142at\u00adka (greg.)<\/td>\n<\/tr>\n<tr>\n<td><strong>&nbsp;<\/strong><\/td>\n<td><strong>18:00<\/strong><\/td>\n<td>\u2020 Domi\u00adnik Ja\u017c\u00add\u017cew\u00adski oraz dusze w&nbsp;czy\u015b\u0107\u00adcu cierpi\u0105ce<\/td>\n<\/tr>\n<tr>\n<td><strong>&nbsp;<\/strong><\/td>\n<td><strong>18:00<\/strong><\/td>\n<td>\u2020 Ste\u00adfan Sij\u00adka w&nbsp;30. dzie\u0144 po pogrzebie<\/td>\n<\/tr>\n<tr>\n<td><strong>\u015aro\u00adda<\/strong><\/td>\n<td><strong>06:15<\/strong><\/td>\n<td>\u2020 Alfons Bober z&nbsp;ok. ur., \u017cona Anna oraz zm. synowie<\/td>\n<\/tr>\n<tr>\n<td><strong>3 grud\u00adnia<\/strong><\/td>\n<td><strong>07:00<\/strong><\/td>\n<td>\u2020 Witold Rumi\u0144ski<\/td>\n<\/tr>\n<tr>\n<td><strong>&nbsp;<\/strong><\/td>\n<td><strong>08:45<\/strong><\/td>\n<td>\u2020 Roman Knuth w&nbsp;3. r. \u015bm. oraz zm. rodzi\u00adc\u00f3w z&nbsp;ob. str.<\/td>\n<\/tr>\n<tr>\n<td><strong>&nbsp;<\/strong><\/td>\n<td><strong>08:45<\/strong><\/td>\n<td>\u2020 Zdzi\u00ads\u0142a\u00adwa Ko\u0142at\u00adka (greg.)<\/td>\n<\/tr>\n<tr>\n<td><strong>&nbsp;<\/strong><\/td>\n<td><strong>18:00<\/strong><\/td>\n<td>Msza \u015bwi\u0119\u00adta wyna\u00adgra\u00addza\u00adj\u0105\u00adca za grze\u00adchy pro\u00adfa\u00adna\u00adcji Naj\u00ad\u015bwi\u0119t\u00adsze\u00adgo Sakramentu<\/td>\n<\/tr>\n<tr>\n<td><strong>&nbsp;<\/strong><\/td>\n<td><strong>18:00<\/strong><\/td>\n<td>\u2020 Alfre\u00adda B\u0142a\u00adnek w&nbsp;30. dzie\u0144 po pogrzebie<\/td>\n<\/tr>\n<tr>\n<td><strong>Czwar\u00adtek<\/strong><\/td>\n<td><strong>06:15<\/strong><\/td>\n<td>\u2020 Lidia Lan\u00addow\u00adska oraz m\u0105\u017c Tadeusz<\/td>\n<\/tr>\n<tr>\n<td><strong>4 grud\u00adnia<\/strong><\/td>\n<td><strong>06:15<\/strong><\/td>\n<td>\u2020 \u0141ucja \u0141an\u00adgow\u00adska w&nbsp;5. r.&nbsp;\u015bm.<\/td>\n<\/tr>\n<tr>\n<td><strong>&nbsp;<\/strong><\/td>\n<td><strong>07:00<\/strong><\/td>\n<td>W itnen\u00adcji kap\u0142a\u00adn\u00f3w o&nbsp;ich u\u015bwi\u0119\u00adce\u00adnie z&nbsp;ok. 1. czwart\u00adku miesi\u0105ca<\/td>\n<\/tr>\n<tr>\n<td><strong>&nbsp;<\/strong><\/td>\n<td><strong>08:45<\/strong><\/td>\n<td>W inten\u00adcji Apo\u00adstol\u00adstwa Dobrej \u015amierci<\/td>\n<\/tr>\n<tr>\n<td><strong>&nbsp;<\/strong><\/td>\n<td><strong>08:45<\/strong><\/td>\n<td>\u2020 Zdzi\u00ads\u0142a\u00adwa Ko\u0142at\u00adka (greg.)<\/td>\n<\/tr>\n<tr>\n<td><strong>&nbsp;<\/strong><\/td>\n<td><strong>18:00<\/strong><\/td>\n<td>W inten\u00adcji Odno\u00adwy w&nbsp;Duchu \u015awi\u0119tym<\/td>\n<\/tr>\n<tr>\n<td><strong>&nbsp;<\/strong><\/td>\n<td><strong>18:00<\/strong><\/td>\n<td>\u2020 Zdzi\u00ads\u0142a\u00adwa Lesz\u00adczy\u0144\u00adska w&nbsp;1. r. \u015bm. oraz m\u0105\u017c&nbsp;Pawe\u0142<\/td>\n<\/tr>\n<tr>\n<td><strong>Pi\u0105\u00adtek<\/strong><\/td>\n<td><strong>06:15<\/strong><\/td>\n<td>\u2020 za dusze w&nbsp;czy\u015b\u0107\u00adcu cierpi\u0105ce<\/td>\n<\/tr>\n<tr>\n<td><strong>5 grud\u00adnia<\/strong><\/td>\n<td><strong>07:00<\/strong><\/td>\n<td>\u2020 Alfons i&nbsp;Woj\u00adciech Ossow\u00adscy, Ryszard \u0141an\u00adgow\u00adski, Agniesz\u00adka i&nbsp;Miko\u00ad\u0142aj Ki\u017cewsc oraz Bog\u00addan Fir\u00adgol\u00adski i&nbsp;Zbi\u00adgniew Niklasz<\/td>\n<\/tr>\n<tr>\n<td><strong>&nbsp;<\/strong><\/td>\n<td><strong>08:45<\/strong><\/td>\n<td>W inten\u00adcji trze\u017awo\u015bci<\/td>\n<\/tr>\n<tr>\n<td><strong>&nbsp;<\/strong><\/td>\n<td><strong>08:45<\/strong><\/td>\n<td>\u2020 Zdzi\u00ads\u0142a\u00adwa Ko\u0142at\u00adka (greg.)<\/td>\n<\/tr>\n<tr>\n<td><strong>&nbsp;<\/strong><\/td>\n<td><strong>16:20<\/strong><\/td>\n<td>\u2020 Roman Gali\u00adkow\u00adski w&nbsp;4. r. \u015bm., zm. rodzi\u00adce oraz bracia<\/td>\n<\/tr>\n<tr>\n<td><strong>&nbsp;<\/strong><\/td>\n<td><strong>18:00<\/strong><\/td>\n<td>\u2020 ks. Ana\u00adsta\u00adze\u00adgo Lica oraz zm. rodzi\u00adc\u00f3w i&nbsp;rodze\u0144stwo<\/td>\n<\/tr>\n<tr>\n<td><strong>Sobo\u00adta<\/strong><\/td>\n<td><strong>06:15<\/strong><\/td>\n<td>\u2020 Tade\u00adusz Pro\u00adcek oraz Anna, Augu\u00adstyn i&nbsp;Zyg\u00admunt Klaman<\/td>\n<\/tr>\n<tr>\n<td><strong>6 grud\u00adnia<\/strong><\/td>\n<td><strong>07:00<\/strong><\/td>\n<td>\u2020 Ste\u00adfa\u00adnia S\u0119kowska,m\u0105\u017c Anto\u00adni, syn Jan oraz zm. z&nbsp;rodzin S\u0119kow\u00adskich i&nbsp;\u0141o\u0144skich<\/td>\n<\/tr>\n<tr>\n<td><strong>&nbsp;<\/strong><\/td>\n<td><strong>08:45<\/strong><\/td>\n<td>W inten\u00adcji Rycer\u00adstwa Niepokalanej<\/td>\n<\/tr>\n<tr>\n<td><strong>&nbsp;<\/strong><\/td>\n<td><strong>08:45<\/strong><\/td>\n<td>\u2020 Zdzi\u00ads\u0142a\u00adwa Ko\u0142at\u00adka (greg.)<\/td>\n<\/tr>\n<tr>\n<td><strong>&nbsp;<\/strong><\/td>\n<td><strong>18:00<\/strong><\/td>\n<td>\u2020 Fry\u00adda, Feliks Resz\u00adczy\u0144\u00adscy oraz zm. rodzi\u00adce z&nbsp;ob. str.<\/td>\n<\/tr>\n<tr>\n<td><strong>Nie\u00addzie\u00adla<\/strong><\/td>\n<td><strong>06:30<\/strong><\/td>\n<td>\u2020 Mak\u00adsy\u00admi\u00adlian Wett w&nbsp;32. r.&nbsp;\u015bm.<\/td>\n<\/tr>\n<tr>\n<td><strong>7 grud\u00adnia<\/strong><\/td>\n<td><strong>07:30<\/strong><\/td>\n<td>\u2020 Jan Gla\u00adner z&nbsp;ok. ur., \u017cona Kla\u00adra, c\u00f3r\u00adki Ste\u00adfa\u00adnia i&nbsp;Jani\u00adna oraz zi\u0119\u0107 Kazimierz<\/td>\n<\/tr>\n<tr>\n<td><strong>&nbsp;<\/strong><\/td>\n<td><strong>08:45<\/strong><\/td>\n<td>W inten\u00adcji \u017bywe\u00adgo R\u00f3\u017ca\u0144ca<\/td>\n<\/tr>\n<tr>\n<td><strong>&nbsp;<\/strong><\/td>\n<td><strong>10:00<\/strong><\/td>\n<td>\u2020 Urszu\u00adla Stop\u00adpa w&nbsp;30. r. \u015bm., m\u0105\u017c Jan oraz zm. rodzi\u00adce z&nbsp;ob. str.<\/td>\n<\/tr>\n<tr>\n<td><strong>&nbsp;<\/strong><\/td>\n<td><strong>11:00<\/strong><\/td>\n<td>\u2020 Kon\u00adrad Czapiewski<\/td>\n<\/tr>\n<tr>\n<td><strong>&nbsp;<\/strong><\/td>\n<td><strong>11:00<\/strong><\/td>\n<td>Z podz. za otrzy\u00adma\u00adne \u0142aski, z&nbsp;pro\u015b\u00adb\u0105 o&nbsp;Bo\u017ce b\u0142og., opie\u00adk\u0119 MB, dary Ducha \u015awi\u0119\u00adte\u00adgo dla Ame\u00adlii Narloch z&nbsp;ok. 18. r.&nbsp;ur.<\/td>\n<\/tr>\n<tr>\n<td><strong>&nbsp;<\/strong><\/td>\n<td><strong>12:30<\/strong><\/td>\n<td>\u2020 Agniesz\u00adka Kie\u00addrow\u00adska w&nbsp;30. r. \u015bm., oraz zm. rodzi\u00adce i&nbsp;rodze\u0144stwo<\/td>\n<\/tr>\n<tr>\n<td><strong>&nbsp;<\/strong><\/td>\n<td><strong>18:00<\/strong><\/td>\n<td>\u2020 Roman, Grze\u00adgorz i&nbsp;Fran\u00adci\u00adszek Ort\u00adman oraz Arka\u00addiusz Burandt<\/td>\n<\/tr>\n<\/tbody>\n<\/table>\n","protected":false},"excerpt":{"rendered":"<p>Data Godz. Inten\u00adcja &nbsp; 06:15 \u2020 Ire\u00adna Jab\u0142o\u0144\u00adska w&nbsp;dn. ur. oraz Kry\u00adsty\u00adna i&nbsp;Euge\u00adniusz&nbsp;Bona &nbsp; 07:00 \u2020 za dusze w&nbsp;czy\u015b\u0107\u00adcu cier\u00adpi\u0105\u00adce Ponie\u00addzia\u00ad\u0142ek 08:45 \u2020 Ire\u00adna, Feliks, Andrzej Hudziak oraz zm. dziad\u00adko\u00adwie z&nbsp;ob. str. 1&nbsp;grud\u00adnia 08:45 \u2020 Adam Lata\u00ad\u0142a (greg.) &nbsp; \u2026 <a href=\"https:\/\/www.parafia-czersk.pl\/?p=2152\">Czy\u00adtaj dalej <span class=\"meta-nav\">\u2192<\/span><\/a><\/p>\n","protected":false},"author":1,"featured_media":0,"comment_status":"closed","ping_status":"open","sticky":false,"template":"","format":"standard","meta":{"pagelayer_contact_templates":[],"_pagelayer_content":"","wp_typography_post_enhancements_disabled":false,"footnotes":""},"categories":[2],"tags":[],"class_list":["post-2152","post","type-post","status-publish","format-standard","hentry","category-intencje"],"aioseo_notices":[],"_links":{"self":[{"href":"https:\/\/www.parafia-czersk.pl\/index.php?rest_route=\/wp\/v2\/posts\/2152","targetHints":{"allow":["GET"]}}],"collection":[{"href":"https:\/\/www.parafia-czersk.pl\/index.php?rest_route=\/wp\/v2\/posts"}],"about":[{"href":"https:\/\/www.parafia-czersk.pl\/index.php?rest_route=\/wp\/v2\/types\/post"}],"author":[{"embeddable":true,"href":"https:\/\/www.parafia-czersk.pl\/index.php?rest_route=\/wp\/v2\/users\/1"}],"replies":[{"embeddable":true,"href":"https:\/\/www.parafia-czersk.pl\/index.php?rest_route=%2Fwp%2Fv2%2Fcomments&post=2152"}],"version-history":[{"count":1,"href":"https:\/\/www.parafia-czersk.pl\/index.php?rest_route=\/wp\/v2\/posts\/2152\/revisions"}],"predecessor-version":[{"id":2153,"href":"https:\/\/www.parafia-czersk.pl\/index.php?rest_route=\/wp\/v2\/posts\/2152\/revisions\/2153"}],"wp:attachment":[{"href":"https:\/\/www.parafia-czersk.pl\/index.php?rest_route=%2Fwp%2Fv2%2Fmedia&parent=2152"}],"wp:term":[{"taxonomy":"category","embeddable":true,"href":"https:\/\/www.parafia-czersk.pl\/index.php?rest_route=%2Fwp%2Fv2%2Fcategories&post=2152"},{"taxonomy":"post_tag","embeddable":true,"href":"https:\/\/www.parafia-czersk.pl\/index.php?rest_route=%2Fwp%2Fv2%2Ftags&post=2152"}],"curies":[{"name":"wp","href":"https:\/\/api.w.org\/{rel}","templated":true}]}}