{"id":2155,"date":"2025-12-07T09:46:33","date_gmt":"2025-12-07T09:46:33","guid":{"rendered":"https:\/\/www.parafia-czersk.pl\/?p=2155"},"modified":"2025-12-07T09:46:43","modified_gmt":"2025-12-07T09:46:43","slug":"intencje-ii-tydzien-adwentu-2","status":"publish","type":"post","link":"https:\/\/www.parafia-czersk.pl\/?p=2155","title":{"rendered":"Intencje II TYDZIE\u0143 ADWENTU"},"content":{"rendered":"<table>\n<tbody>\n<tr>\n<td colspan=\"3\"><\/td>\n<\/tr>\n<tr>\n<td><strong>Data<\/strong><\/td>\n<td><strong>Godz.<\/strong><\/td>\n<td><strong>Inten\u00adcja<\/strong><\/td>\n<\/tr>\n<tr>\n<td><strong>&nbsp;<\/strong><\/td>\n<td><strong>06:15<\/strong><\/td>\n<td>Z podz. za otrzy\u00adma\u00adne \u0142aski, z&nbsp;pro\u015b\u00adb\u0105 o&nbsp;Bo\u017ce b\u0142og. i&nbsp;opie\u00adk\u0119 MB dla Ewy z&nbsp;ok. ur.<\/td>\n<\/tr>\n<tr>\n<td><strong>Ponie\u00addzia\u00ad\u0142ek<\/strong><\/td>\n<td><strong>07:00<\/strong><\/td>\n<td>\u2020 Maria Lam\u00adczyk w&nbsp;r. \u015bm., m\u0105\u017c J\u00f3zef oraz zm. rodzi\u00adce z&nbsp;ob. str.<\/td>\n<\/tr>\n<tr>\n<td><strong>8 grud\u00adnia<\/strong><\/td>\n<td><strong>08:45<\/strong><\/td>\n<td>W inten\u00adcji Pro\u00adbosz\u00adcza\u2009\u2014\u2009inten\u00adcja od Rycer\u00adstwa Niepokalanej<\/td>\n<\/tr>\n<tr>\n<td><strong>&nbsp;<\/strong><\/td>\n<td><strong>08:45<\/strong><\/td>\n<td>W inten\u00adcji Rycer\u00adstwa Niepokalanej<\/td>\n<\/tr>\n<tr>\n<td><strong>&nbsp;<\/strong><\/td>\n<td><strong>08:45<\/strong><\/td>\n<td>\u2020 Zdzi\u00ads\u0142a\u00adwa Ko\u0142at\u00adka\u2009\u2014\u2009greg.<\/td>\n<\/tr>\n<tr>\n<td><strong>&nbsp;<\/strong><\/td>\n<td><strong>16:20<\/strong><\/td>\n<td>W inten\u00adcji Rycer\u00adstwa Niepokalanej<\/td>\n<\/tr>\n<tr>\n<td><strong>&nbsp;<\/strong><\/td>\n<td><strong>18:00<\/strong><\/td>\n<td>Z podz. za dar \u017cycia, otrzy\u00adma\u00adne \u0142aski, z&nbsp;pro\u015b\u00adb\u0105 o&nbsp;Bo\u017ce b\u0142og i&nbsp;opie\u00adk\u0119&nbsp;MB<\/td>\n<\/tr>\n<tr>\n<td><strong>&nbsp;<\/strong><\/td>\n<td><strong>18:00<\/strong><\/td>\n<td>\u2020 Zofia Omie\u00adczy\u0144\u00adska, jej brat Edmund oraz zm. z&nbsp;rodziny<\/td>\n<\/tr>\n<tr>\n<td><strong>&nbsp;<\/strong><\/td>\n<td><strong>18:00<\/strong><\/td>\n<td>\u2020 Ger\u00adtru\u00adda z&nbsp;ok. ur. oraz Cze\u00ads\u0142aw Krzoska<\/td>\n<\/tr>\n<tr>\n<td><strong>&nbsp;<\/strong><\/td>\n<td><strong>06:15<\/strong><\/td>\n<td>Z podz. za otrzy\u00adma\u00adne \u0142aski, z&nbsp;pro\u015b\u00adb\u0105 o&nbsp;Bo\u017ce b\u0142og. i&nbsp;opie\u00adk\u0119 MB dla Kata\u00adrzy\u00adny i&nbsp;Jaro\u00ads\u0142a\u00adwa w&nbsp;kolej\u00adn\u0105 r.&nbsp;\u015blubu<\/td>\n<\/tr>\n<tr>\n<td><strong>Wto\u00adrek<\/strong><\/td>\n<td><strong>06:15<\/strong><\/td>\n<td>W inten\u00adcji Pro\u00adbosz\u00adcza\u2009\u2014\u2009od Odno\u00adwy w&nbsp;Duchu \u015awi\u0119tym<\/td>\n<\/tr>\n<tr>\n<td><strong>9 grud\u00adnia<\/strong><\/td>\n<td><strong>07:00<\/strong><\/td>\n<td>Z podz. za otrzy\u00adma\u00adne \u0142aski, z&nbsp;pro\u015b\u00adb\u0105 o&nbsp;Bo\u017ce b\u0142og. i&nbsp;opie\u00adk\u0119 MB dla Danu\u00adty i&nbsp;Sta\u00adni\u00ads\u0142a\u00adwa Cza\u00adpiew\u00adskich z&nbsp;ok. 50. r.&nbsp;\u015blubu<\/td>\n<\/tr>\n<tr>\n<td><strong>&nbsp;<\/strong><\/td>\n<td><strong>08:45<\/strong><\/td>\n<td>\u2020 Leoka\u00addia i&nbsp;Anto\u00adni Roz\u00adma\u00adry\u00adno\u00adwicz oraz zm. rodzi\u00adce z&nbsp;ob. str.<\/td>\n<\/tr>\n<tr>\n<td><strong>&nbsp;<\/strong><\/td>\n<td><strong>08:45<\/strong><\/td>\n<td>\u2020 Zdzi\u00ads\u0142a\u00adwa Ko\u0142at\u00adka\u2009\u2014\u2009greg.<\/td>\n<\/tr>\n<tr>\n<td><strong>&nbsp;<\/strong><\/td>\n<td><strong>18:00<\/strong><\/td>\n<td>Z podz. za otrzy\u00adma\u00adne \u0142aski, z&nbsp;pro\u015b\u00adb\u0105 o&nbsp;Bo\u017ce b\u0142og. i&nbsp;opie\u00adk\u0119 MB oraz zdro\u00adwie i&nbsp;dobre wyni\u00adki bada\u0144 dla Marzeny<\/td>\n<\/tr>\n<tr>\n<td><strong>&nbsp;<\/strong><\/td>\n<td><strong>18:00<\/strong><\/td>\n<td>\u2020 Robert Pfajp\u00adfer w&nbsp;14. r.&nbsp;\u015bm.<\/td>\n<\/tr>\n<tr>\n<td><strong>&nbsp;<\/strong><\/td>\n<td><strong>18:00<\/strong><\/td>\n<td>\u2020 zm. rodzi\u00adce Tere\u00adsa i&nbsp;Ber\u00adnard&nbsp;Szulc<\/td>\n<\/tr>\n<tr>\n<td><strong>&nbsp;<\/strong><\/td>\n<td><strong>06:15<\/strong><\/td>\n<td>\u2020 W\u0142a\u00addy\u00ads\u0142a\u00adwa i&nbsp;Jerzy<\/td>\n<\/tr>\n<tr>\n<td><strong>&nbsp;<\/strong><\/td>\n<td><strong>06:15<\/strong><\/td>\n<td>\u2020 Cecy\u00adlia Rasze\u00adja w&nbsp;31. r.&nbsp;\u015bm.<\/td>\n<\/tr>\n<tr>\n<td><strong>\u015aro\u00adda<\/strong><\/td>\n<td><strong>07:00<\/strong><\/td>\n<td>W inten\u00adcji Pro\u00adbosz\u00adcza\u2009\u2014\u2009inten\u00adcja od&nbsp;KSM<\/td>\n<\/tr>\n<tr>\n<td><strong>10 grud\u00adnia<\/strong><\/td>\n<td><strong>07:00<\/strong><\/td>\n<td>O zdro\u00adwie, Bo\u017ce b\u0142og., opie\u00adk\u0119 MB dla rodziny<\/td>\n<\/tr>\n<tr>\n<td><strong>&nbsp;<\/strong><\/td>\n<td><strong>08:45<\/strong><\/td>\n<td>W inten\u00adcji chorych<\/td>\n<\/tr>\n<tr>\n<td><strong>&nbsp;<\/strong><\/td>\n<td><strong>08:45<\/strong><\/td>\n<td>\u2020 Jadwi\u00adga, Igna\u00adcy oraz Jan Kaszubowscy<\/td>\n<\/tr>\n<tr>\n<td><strong>&nbsp;<\/strong><\/td>\n<td><strong>08:45<\/strong><\/td>\n<td>\u2020 Zdzi\u00ads\u0142a\u00adwa Ko\u0142at\u00adka\u2009\u2014\u2009greg.<\/td>\n<\/tr>\n<tr>\n<td><strong>&nbsp;<\/strong><\/td>\n<td><strong>18:00<\/strong><\/td>\n<td>\u2020 Sta\u00adni\u00ads\u0142aw Czar\u00adnow\u00adski w&nbsp;24. r.&nbsp;\u015bm.<\/td>\n<\/tr>\n<tr>\n<td><strong>&nbsp;<\/strong><\/td>\n<td><strong>18:00<\/strong><\/td>\n<td>Z podz. za otrzy\u00adma\u00adne \u0142aski, z&nbsp;pro\u015b\u00adb\u0105 o&nbsp;Bo\u017ce b\u0142og., opie\u00adk\u0119 MB oraz zdro\u00adwie na dal\u00adsze lata dla nad\u00adzwy\u00adczaj\u00adnych sza\u00adfa\u00adrzy Komu\u00adnii \u015awi\u0119\u00adtej z&nbsp;oka\u00adzji 25. r. pos\u0142u\u00adgi Jerze\u00adgo i&nbsp;Roma\u00adna oraz 30. r. pos\u0142u\u00adgi Kazi\u00admie\u00adrza dla naszej wsp\u00f3l\u00adno\u00adty parafialnej<\/td>\n<\/tr>\n<tr>\n<td><strong>&nbsp;<\/strong><\/td>\n<td><strong>06:15<\/strong><\/td>\n<td>\u2020 Jadwi\u00adga Narloch w&nbsp;4. r. \u015bm., m\u0105\u017c W\u0142a\u00addy\u00ads\u0142aw oraz c\u00f3r\u00adka Krystyna<\/td>\n<\/tr>\n<tr>\n<td><strong>&nbsp;<\/strong><\/td>\n<td><strong>07:00<\/strong><\/td>\n<td>\u2020 Euge\u00adnia Kra\u00adjec\u00adka w&nbsp;2. r. \u015bm., Aloj\u00adzy oraz Krzysz\u00adtof Krajeccy<\/td>\n<\/tr>\n<tr>\n<td><strong>Czwar\u00adtek<\/strong><\/td>\n<td><strong>07:00<\/strong><\/td>\n<td>W inten\u00adcji Pro\u00adbosz\u00adcza\u2009\u2014\u2009inten\u00adcja od dzie\u00adci z&nbsp;Ko\u0142a Misyj\u00adne\u00adgo, scho\u00adli oraz Rycer\u00adstwa Niepokalanej<\/td>\n<\/tr>\n<tr>\n<td><strong>11 grud\u00adnia<\/strong><\/td>\n<td><strong>08:45<\/strong><\/td>\n<td>\u2020 Cecy\u00adlia i&nbsp;Pawe\u0142 Elak, Kry\u00adsty\u00adna, Zofia i&nbsp;Jan Spel\u00adbert oraz Fry\u00adda i&nbsp;Feliks Reszczy\u0144scy<\/td>\n<\/tr>\n<tr>\n<td><strong>&nbsp;<\/strong><\/td>\n<td><strong>08:45<\/strong><\/td>\n<td>\u2020 Zdzi\u00ads\u0142a\u00adwa Ko\u0142at\u00adka\u2009\u2014\u2009greg.<\/td>\n<\/tr>\n<tr>\n<td><strong>&nbsp;<\/strong><\/td>\n<td><strong>18:00<\/strong><\/td>\n<td>Z podz. za otrzy\u00adma\u00adne \u0142aski, z&nbsp;pro\u015b\u00adb\u0105 o&nbsp;Bo\u017ce b\u0142og. i&nbsp;opie\u00adk\u0119 MB dla San\u00addry z&nbsp;ok. ur.<\/td>\n<\/tr>\n<tr>\n<td><strong>&nbsp;<\/strong><\/td>\n<td><strong>18:00<\/strong><\/td>\n<td>\u2020 Anie\u00adla i&nbsp;J\u00f3zef \u015aled\u017a oraz zm. rodze\u0144stwo<\/td>\n<\/tr>\n<tr>\n<td><strong>&nbsp;<\/strong><\/td>\n<td><strong>06:15<\/strong><\/td>\n<td>\u2020 Ste\u00adfa\u00adnia Po\u0142om w&nbsp;dn. ur. oraz m\u0105\u017c Tadeusz<\/td>\n<\/tr>\n<tr>\n<td><strong>&nbsp;<\/strong><\/td>\n<td><strong>07:00<\/strong><\/td>\n<td>\u2020 Kazmierz Bura\u00adkow\u00adski w&nbsp;5. r. \u015bm., \u017cona Anna oraz zi\u0119\u0107&nbsp;Roman<\/td>\n<\/tr>\n<tr>\n<td><strong>Pi\u0105\u00adtek<\/strong><\/td>\n<td><strong>07:00<\/strong><\/td>\n<td>\u2020 El\u017c\u00adbie\u00adta Pob\u0142oc\u00adka-Palu\u00adszak oraz Sta\u00adni\u00ads\u0142aw Pob\u0142ocki<\/td>\n<\/tr>\n<tr>\n<td><strong>12 grud\u00adnia<\/strong><\/td>\n<td><strong>08:45<\/strong><\/td>\n<td>\u2020 Zyg\u00admunt Ossow\u00adski w&nbsp;15. r.&nbsp;\u015bm.<\/td>\n<\/tr>\n<tr>\n<td><strong>&nbsp;<\/strong><\/td>\n<td><strong>08:45<\/strong><\/td>\n<td>\u2020 Zdzi\u00ads\u0142a\u00adwa Ko\u0142at\u00adka\u2009\u2014\u2009greg.<\/td>\n<\/tr>\n<tr>\n<td><strong>&nbsp;<\/strong><\/td>\n<td><strong>18:00<\/strong><\/td>\n<td>W inten\u00adcji Pro\u00adbosz\u00adcza\u2009\u2014\u2009inten\u00adcja od Para\u00adfian, Rady Para\u00adfial\u00adnej oraz Ryce\u00adrzy Kolumba<\/td>\n<\/tr>\n<tr>\n<td><strong>&nbsp;<\/strong><\/td>\n<td><strong>18:00<\/strong><\/td>\n<td>W inten\u00adcji Pro\u00adbosz\u00adcza\u2009\u2014\u2009inten\u00adcja od Katechet\u00f3w<\/td>\n<\/tr>\n<tr>\n<td><strong>&nbsp;<\/strong><\/td>\n<td><strong>18:00<\/strong><\/td>\n<td>\u2020 Jan Wolf w&nbsp;30. dzie\u0144 po pogrzebie<\/td>\n<\/tr>\n<tr>\n<td><strong>&nbsp;<\/strong><\/td>\n<td><strong>18:00<\/strong><\/td>\n<td>\u2020 Kon\u00adrad Repin\u00adski w&nbsp;30. dzie\u0144 po pogrzebie<\/td>\n<\/tr>\n<tr>\n<td><strong>&nbsp;<\/strong><\/td>\n<td><strong>06:15<\/strong><\/td>\n<td>\u2020 Jan Wi\u015bniew\u00adski w&nbsp;35. r. \u015bm. oraz zm. te\u015bcio\u00adwie Ire\u00adna i&nbsp;Ber\u00adnard Kiedrowscy<\/td>\n<\/tr>\n<tr>\n<td><strong>Sobo\u00adta<\/strong><\/td>\n<td><strong>06:15<\/strong><\/td>\n<td>\u2020 Bog\u00addan Pru\u00adski w&nbsp;11. r. \u015bm. oraz zm. rodzi\u00adce Leoka\u00addia i&nbsp;Bernard<\/td>\n<\/tr>\n<tr>\n<td><strong>13 grud\u00adnia<\/strong><\/td>\n<td><strong>07:00<\/strong><\/td>\n<td>\u2020 Kazi\u00admierz Bonin z&nbsp;ok. ur. oraz \u017cona Hele\u00adna i&nbsp;syn Romuald<\/td>\n<\/tr>\n<tr>\n<td><strong>&nbsp;<\/strong><\/td>\n<td><strong>08:45<\/strong><\/td>\n<td>\u2020 Euge\u00adnia Brze\u00adzi\u0144\u00adska w&nbsp;4. r. \u015bm. oraz zm. z&nbsp;rodzin Brze\u00adzi\u0144\u00adskich, Czu\u00adb\u00f3w i&nbsp;Cicheckich<\/td>\n<\/tr>\n<tr>\n<td><strong>&nbsp;<\/strong><\/td>\n<td><strong>08:45<\/strong><\/td>\n<td>\u2020 Zdzi\u00ads\u0142a\u00adwa Ko\u0142at\u00adka\u2009\u2014\u2009greg.<\/td>\n<\/tr>\n<tr>\n<td><strong>&nbsp;<\/strong><\/td>\n<td><strong>18:00<\/strong><\/td>\n<td>W inten\u00adcji Pro\u00adbosz\u00adcza\u2009\u2014\u2009od nad\u00adzwy\u00adczaj\u00adnych sza\u00adfa\u00adrzy Komu\u00adnii \u015awi\u0119\u00adtej i&nbsp;pracownik\u00f3w<\/td>\n<\/tr>\n<tr>\n<td><strong>&nbsp;<\/strong><\/td>\n<td><strong>18:00<\/strong><\/td>\n<td>\u2020 Anna i&nbsp;Bole\u00ads\u0142aw Wilk oraz c\u00f3r\u00adka Mar\u00adta i&nbsp;zm. z&nbsp;rodziny<\/td>\n<\/tr>\n<tr>\n<td><strong>&nbsp;<\/strong><\/td>\n<td><strong>06:30<\/strong><\/td>\n<td>\u2020 Bar\u00adba\u00adra i&nbsp;Marek Hapka<\/td>\n<\/tr>\n<tr>\n<td><strong>Nie\u00addzie\u00adla<\/strong><\/td>\n<td><strong>07:30<\/strong><\/td>\n<td>\u2020 Jan Pron\u00addzi\u0144\u00adski w&nbsp;8. r. \u015bm. oraz syn&nbsp;Jerzy<\/td>\n<\/tr>\n<tr>\n<td><strong>14 grud\u00adnia<\/strong><\/td>\n<td><strong>08:45<\/strong><\/td>\n<td>\u2020 Mak\u00adsy\u00admi\u00adlian, Hali\u00adna i&nbsp;Tade\u00adusz Lip\u00adscy oraz W\u0142a\u00addy\u00ads\u0142aw i&nbsp;Kry\u00adsty\u00adna Ginter<\/td>\n<\/tr>\n<tr>\n<td><strong>&nbsp;<\/strong><\/td>\n<td><strong>10:00<\/strong><\/td>\n<td>\u2020 Alfons Ossow\u00adski oraz syn Wojciech<\/td>\n<\/tr>\n<tr>\n<td><strong>&nbsp;<\/strong><\/td>\n<td><strong>11:00<\/strong><\/td>\n<td>W inten\u00adcji Pro\u00adbosz\u00adcza\u2009\u2014\u2009od ministrant\u00f3w<\/td>\n<\/tr>\n<tr>\n<td><strong>&nbsp;<\/strong><\/td>\n<td><strong>11:00<\/strong><\/td>\n<td>\u2020 Anna Zie\u00adli\u0144\u00adska w&nbsp;25. r. \u015bm., m\u0105\u017c Sta\u00adni\u00ads\u0142aw oraz syn Zdzis\u0142aw<\/td>\n<\/tr>\n<tr>\n<td><strong>&nbsp;<\/strong><\/td>\n<td><strong>12:30<\/strong><\/td>\n<td>\u2020 Cze\u00ads\u0142aw i&nbsp;\u0141ucja Sto\u00adpa oraz zm. z&nbsp;rodzin Ring i&nbsp;Stopa<\/td>\n<\/tr>\n<tr>\n<td><strong>&nbsp;<\/strong><\/td>\n<td><strong>12:30<\/strong><\/td>\n<td>\u2020 Zdzi\u00ads\u0142a\u00adwa Ko\u0142at\u00adka\u2009\u2014\u2009greg.<\/td>\n<\/tr>\n<tr>\n<td><strong>&nbsp;<\/strong><\/td>\n<td><strong>18:00<\/strong><\/td>\n<td>\u2020 Bo\u017ce\u00adna Pfajp\u00adfer w&nbsp;11. r.&nbsp;\u015bm.<\/td>\n<\/tr>\n<\/tbody>\n<\/table>\n","protected":false},"excerpt":{"rendered":"<p>Data Godz. Inten\u00adcja &nbsp; 06:15 Z&nbsp;podz. za otrzy\u00adma\u00adne \u0142aski, z&nbsp;pro\u015b\u00adb\u0105 o&nbsp;Bo\u017ce b\u0142og. i&nbsp;opie\u00adk\u0119 MB dla Ewy z&nbsp;ok. ur. Ponie\u00addzia\u00ad\u0142ek 07:00 \u2020 Maria Lam\u00adczyk w&nbsp;r. \u015bm., m\u0105\u017c J\u00f3zef oraz zm. rodzi\u00adce z&nbsp;ob. str. 8&nbsp;grud\u00adnia 08:45 W&nbsp;inten\u00adcji Pro\u00adbosz\u00adcza\u2009\u2014\u2009inten\u00adcja od \u2026 <a href=\"https:\/\/www.parafia-czersk.pl\/?p=2155\">Czy\u00adtaj dalej <span class=\"meta-nav\">\u2192<\/span><\/a><\/p>\n","protected":false},"author":1,"featured_media":0,"comment_status":"closed","ping_status":"open","sticky":false,"template":"","format":"standard","meta":{"pagelayer_contact_templates":[],"_pagelayer_content":"","wp_typography_post_enhancements_disabled":false,"footnotes":""},"categories":[2],"tags":[],"class_list":["post-2155","post","type-post","status-publish","format-standard","hentry","category-intencje"],"aioseo_notices":[],"_links":{"self":[{"href":"https:\/\/www.parafia-czersk.pl\/index.php?rest_route=\/wp\/v2\/posts\/2155","targetHints":{"allow":["GET"]}}],"collection":[{"href":"https:\/\/www.parafia-czersk.pl\/index.php?rest_route=\/wp\/v2\/posts"}],"about":[{"href":"https:\/\/www.parafia-czersk.pl\/index.php?rest_route=\/wp\/v2\/types\/post"}],"author":[{"embeddable":true,"href":"https:\/\/www.parafia-czersk.pl\/index.php?rest_route=\/wp\/v2\/users\/1"}],"replies":[{"embeddable":true,"href":"https:\/\/www.parafia-czersk.pl\/index.php?rest_route=%2Fwp%2Fv2%2Fcomments&post=2155"}],"version-history":[{"count":1,"href":"https:\/\/www.parafia-czersk.pl\/index.php?rest_route=\/wp\/v2\/posts\/2155\/revisions"}],"predecessor-version":[{"id":2156,"href":"https:\/\/www.parafia-czersk.pl\/index.php?rest_route=\/wp\/v2\/posts\/2155\/revisions\/2156"}],"wp:attachment":[{"href":"https:\/\/www.parafia-czersk.pl\/index.php?rest_route=%2Fwp%2Fv2%2Fmedia&parent=2155"}],"wp:term":[{"taxonomy":"category","embeddable":true,"href":"https:\/\/www.parafia-czersk.pl\/index.php?rest_route=%2Fwp%2Fv2%2Fcategories&post=2155"},{"taxonomy":"post_tag","embeddable":true,"href":"https:\/\/www.parafia-czersk.pl\/index.php?rest_route=%2Fwp%2Fv2%2Ftags&post=2155"}],"curies":[{"name":"wp","href":"https:\/\/api.w.org\/{rel}","templated":true}]}}