{"id":2157,"date":"2025-12-07T09:52:47","date_gmt":"2025-12-07T09:52:47","guid":{"rendered":"https:\/\/www.parafia-czersk.pl\/?p=2157"},"modified":"2025-12-07T09:53:07","modified_gmt":"2025-12-07T09:53:07","slug":"ogloszenia-ii-niedziela-adewntu-7-grudnia-2025-r","status":"publish","type":"post","link":"https:\/\/www.parafia-czersk.pl\/?p=2157","title":{"rendered":"Og\u0142oszenia II NIEDZIELA ADWENTU  7&nbsp;grudnia 2025&nbsp;r."},"content":{"rendered":"<ol>\n<li>\n<p class=\"western\" align=\"justify\"><span style=\"font-family: Bookman Old Style, serif;\"><span style=\"font-size: medium;\">Dzi\u00adsiaj roz\u00adpo\u00adczy\u00adna\u00admy reko\u00adlek\u00adcje para\u00adfial\u00adne, kt\u00f3\u00adre b\u0119d\u0105 trwa\u00ad\u0142y do \u015bro\u00addy w\u0142\u0105cz\u00adnie. Gor\u0105\u00adco zach\u0119\u00adca\u00admy do licz\u00adne\u00adgo udzia\u00ad\u0142u w&nbsp;tego\u00adrocz\u00adnych reko\u00adlek\u00adcjach, kt\u00f3\u00adre wyg\u0142o\u00adsi ksi\u0105dz dok\u00adtor Marek Szyn\u00adkow\u00adski, kt\u00f3\u00adre\u00adgo jesz\u00adcze raz ser\u00addecz\u00adnie witamy.&nbsp;<\/span><\/span><\/p>\n<\/li>\n<\/ol>\n<p class=\"western\" style=\"padding-left: 40px;\" align=\"justify\"><span style=\"font-family: Bookman Old Style, serif;\"><span style=\"font-size: medium;\"><span lang=\"en-US\"><b>Plan reko\u00adlek\u00adcji:<\/b><\/span><\/span><\/span><\/p>\n<ul>\n<li style=\"list-style-type: none;\">\n<ul>\n<li>\n<p class=\"western\" align=\"justify\"><span style=\"font-family: Bookman Old Style, serif;\"><span style=\"font-size: medium;\">nauki dla doro\u00ads\u0142ych codzien\u00adnie o&nbsp;godz. <\/span><\/span><span style=\"font-family: Bookman Old Style, serif;\"><span style=\"font-size: medium;\"><b>6.15; 8.45 i&nbsp;18.00<\/b><\/span><\/span><\/p>\n<\/li>\n<li>\n<p class=\"western\" align=\"justify\"><span style=\"font-family: Bookman Old Style, serif;\"><span style=\"font-size: medium;\">nauki dla dzie\u00adci codzien\u00adnie o&nbsp;godz. <\/span><\/span><span style=\"font-family: Bookman Old Style, serif;\"><span style=\"font-size: medium;\"><b>7.00 <\/b><\/span><\/span><\/p>\n<\/li>\n<li>\n<p class=\"western\" align=\"justify\"><span style=\"font-family: Bookman Old Style, serif;\"><span style=\"font-size: medium;\"><b>cho\u00adrych i&nbsp;star\u00adszych <\/b><\/span><\/span><span style=\"font-family: Bookman Old Style, serif;\"><span style=\"font-size: medium;\">zapra\u00adsza\u00admy w&nbsp;\u015bro\u00add\u0119 na godz. 8.45. Pod\u00adczas Mszy \u015bw. udzie\u00adli\u00admy sakra\u00admen\u00adtu namasz\u00adcze\u00adnia chorych.<\/span><\/span><\/p>\n<\/li>\n<li>\n<p class=\"western\" align=\"justify\"><span style=\"font-family: Bookman Old Style, serif;\"><span style=\"font-size: medium;\">w Krzy\u00ad\u017cu nauki w&nbsp;ponie\u00addzia\u00ad\u0142ek, wto\u00adrek i&nbsp;\u015bro\u00add\u0119 o&nbsp;godz. <\/span><\/span><span style=\"font-family: Bookman Old Style, serif;\"><span style=\"font-size: medium;\"><b>17.00<\/b><\/span><\/span><span style=\"font-family: Bookman Old Style, serif;\"><span style=\"font-size: medium;\">.<\/span><\/span><\/p>\n<\/li>\n<\/ul>\n<\/li>\n<\/ul>\n<p style=\"padding-left: 40px;\" align=\"justify\"><span style=\"font-family: Bookman Old Style, serif;\"><span style=\"font-size: medium;\">Tra\u00addy\u00adcyj\u00adnie na zako\u0144\u00adcze\u00adnie reko\u00adlek\u00adcji zbie\u00adra\u0107 b\u0119dzie\u00admy kolek\u00adt\u0119, jako wyraz naszej wdzi\u0119cz\u00adno\u00ad\u015bci dla reko\u00adlek\u00adcjo\u00adni\u00adsty. W&nbsp;\u015bro\u00add\u0119 b\u0119dzie oka\u00adzja do spo\u00adwie\u00addzi \u015bw. w&nbsp;godz. <\/span><\/span><span style=\"font-family: Bookman Old Style, serif;\"><span style=\"font-size: medium;\"><b>8.15&nbsp;\u2013&nbsp;9.00<\/b><\/span><\/span><span style=\"font-family: Bookman Old Style, serif;\"><span style=\"font-size: medium;\">, od godz. <\/span><\/span><span style=\"font-family: Bookman Old Style, serif;\"><span style=\"font-size: medium;\"><b>17.30 \u2013 18.00 <\/b><\/span><\/span><span style=\"font-family: Bookman Old Style, serif;\"><span style=\"font-size: medium;\">oraz od godz.<\/span><\/span><span style=\"font-family: Bookman Old Style, serif;\"><span style=\"font-size: medium;\"><b> 20.00 do 21.00<\/b><\/span><\/span><span style=\"font-family: Bookman Old Style, serif;\"><span style=\"font-size: medium;\">, a&nbsp;w&nbsp;Krzy\u00ad\u017cu od godz. <\/span><\/span><span style=\"font-family: Bookman Old Style, serif;\"><span style=\"font-size: medium;\"><b>16.30 do 17.00<\/b><\/span><\/span><span style=\"font-family: Bookman Old Style, serif;\"><span style=\"font-size: medium;\">. Spo\u00adwied\u017a adwen\u00adto\u00adwa dla ca\u0142ej para\u00adfii odb\u0119\u00addzie si\u0119 22&nbsp;grud\u00adnia (ponie\u00addzia\u00ad\u0142ek).<\/span><\/span><\/p>\n<ol start=\"2\">\n<li>\n<p class=\"western\" align=\"justify\"><span style=\"font-family: Bookman Old Style, serif;\"><span style=\"font-size: medium;\">Dzi\u00adsiaj po Mszy \u015bw. o&nbsp;godz. 8.45 spo\u00adtka\u00adnie op\u0142at\u00adko\u00adwe \u017bywe\u00adgo R\u00f3\u017ca\u0144ca.&nbsp;<\/span><\/span><\/p>\n<\/li>\n<li>\n<p class=\"western\" align=\"justify\"><span style=\"font-family: Bookman Old Style, serif;\"><span style=\"font-size: medium;\">RORATY w&nbsp;adwen\u00adcie od ponie\u00addzia\u0142\u00adku do sobo\u00adty: dla doro\u00ads\u0142ych o&nbsp;6.15, a&nbsp;dla dzie\u00adci i&nbsp;m\u0142o\u00addzie\u00ad\u017cy o&nbsp;godz. 7.00. Zach\u0119\u00adca\u00admy do zabie\u00adra\u00adnia ze sob\u0105 lam\u00adpio\u00adn\u00f3w. W&nbsp;Krzy\u00ad\u017cu rora\u00adty w&nbsp;sobo\u00adt\u0119 o&nbsp;8.00.<\/span><\/span><\/p>\n<\/li>\n<li>\n<p class=\"western\" align=\"justify\"><span style=\"font-family: Bookman Old Style, serif;\"><span style=\"font-size: medium;\">W ponie\u00addzia\u00ad\u0142ek \u2013 8&nbsp;grud\u00adnia \u2013 uro\u00adczy\u00adsto\u015b\u0107 Nie\u00adpo\u00adka\u00adla\u00adne\u00adgo Pocz\u0119\u00adcia NMP. Tego dnia Msze \u015bwi\u0119\u00adte o&nbsp;godz. 6.15, 7.00, 8.45, 16.20 i&nbsp;18.00. Biu\u00adro para\u00adfial\u00adne b\u0119dzie nieczynne.<\/span><\/span><\/p>\n<\/li>\n<li>\n<p class=\"western\" align=\"justify\"><span style=\"font-family: Bookman Old Style, serif;\"><span style=\"font-size: medium;\">8 grud\u00adnia Rycer\u00adstwo Nie\u00adpo\u00adka\u00adla\u00adnej prze\u00ad\u017cy\u00adwa \u015bwi\u0119\u00adto patro\u00adnal\u00adne, Msza \u015bwi\u0119\u00adta o&nbsp;godz. 8.45 oraz o&nbsp;16.20 z&nbsp;przy\u00adj\u0119\u00adciem nowych cz\u0142on\u00adk\u00f3w. Oso\u00adby, kt\u00f3\u00adre r\u00f3w\u00adnie\u017c chcia\u0142\u00adby do\u0142\u0105\u00adczy\u0107 do MI zach\u0119\u00adca\u00admy do kon\u00adtak\u00adtu z&nbsp;Pani\u0105 Hali\u00adn\u0105 Cza\u00adpiew\u00adsk\u0105 (doro\u00ad\u015bli) oraz Pani\u0105 Soni\u0105 Babin\u00adsk\u0105 (dzie\u00adci i&nbsp;m\u0142odzie\u017c).<\/span><\/span><\/p>\n<\/li>\n<li>\n<p class=\"western\" align=\"justify\"><span style=\"font-family: Bookman Old Style, serif;\"><span style=\"font-size: medium;\">W ponie\u00addzia\u00ad\u0142ek zapra\u00adsza\u00admy do nasze\u00adgo ko\u015bcio\u00ad\u0142a na modli\u00adtw\u0119 w&nbsp;Godzi\u00adnie \u0141aski od godz. 12.00\u221213.00.<\/span><\/span><\/p>\n<\/li>\n<li>\n<p class=\"western\" align=\"justify\"><span style=\"font-family: Bookman Old Style, serif;\"><span style=\"font-size: medium;\">8 grud\u00adnia na wie\u00adczor\u00adnej Mszy \u015bwi\u0119\u00adtej cz\u0142on\u00adko\u00adwie R\u00f3\u017cy r\u00f3\u017ca\u0144\u00adco\u00adwej rodzi\u00adc\u00f3w za dzie\u00adci odno\u00adwi\u0105 swo\u00adje przyrzeczenia.&nbsp;<\/span><\/span><\/p>\n<\/li>\n<li>\n<p class=\"western\" align=\"justify\"><span style=\"font-family: Bookman Old Style, serif;\"><span style=\"font-size: medium;\">10 grud\u00adnia w&nbsp;\u015bro\u00add\u0119 o&nbsp;godz. 19.00 wie\u00adcz\u00f3r dla ma\u0142\u00ad\u017con\u00adk\u00f3w, kt\u00f3\u00adry pra\u00adgn\u0105 pog\u0142\u0119\u00adbia\u0107 sw\u00f3j dialog.<\/span><\/span><\/p>\n<\/li>\n<li>\n<p class=\"western\" align=\"justify\"><span style=\"font-family: Bookman Old Style, serif;\"><span style=\"font-size: medium;\">10 grud\u00adnia na Mszy \u015bwi\u0119\u00adtej o&nbsp;godz. 18.00 dzi\u0119\u00adko\u00adwa\u0107 b\u0119dzie\u00admy za 25-lecie pos\u0142u\u00adgi nad\u00adzwy\u00adczaj\u00adnych sza\u00adfa\u00adrzy Komu\u00adnii \u015awi\u0119\u00adtej Pan\u00f3w Roma\u00adna i&nbsp;Jerze\u00adgo oraz 30-lecia pos\u0142u\u00adgi Pana Kazi\u00admie\u00adrza. W&nbsp;przy\u00adsz\u0142ym roku rusza kurs, poszu\u00adku\u00adje\u00admy kandydat\u00f3w.<\/span><\/span><\/p>\n<\/li>\n<li>\n<p class=\"western\" align=\"justify\"><span style=\"color: #000000;\"><span style=\"font-family: Bookman Old Style, serif;\"><span style=\"font-size: medium;\">W \u015bro\u00add\u0119 od godz. 20.00 do 21.00 i&nbsp;w sobo\u00adt\u0119 od godz. 8.00 do 8.45 zach\u0119\u00adca\u00admy do ado\u00adra\u00adcji Naj\u00ad\u015bwi\u0119t\u00adsze\u00adgo Sakramentu.<\/span><\/span><\/span><\/p>\n<\/li>\n<li>\n<p class=\"western\" align=\"justify\"><span style=\"font-family: Bookman Old Style, serif;\"><span style=\"font-size: medium;\">Ado\u00adra\u00adcja w&nbsp;dru\u00adgi pi\u0105\u00adtek mie\u00adsi\u0105c od 18.45 do 19.30, kt\u00f3\u00adr\u0105 przy\u00adgo\u00adtu\u00adje KSM wraz z&nbsp;m\u0142o\u00addzie\u00ad\u017co\u00adwym zespo\u00ad\u0142em muzycz\u00adnym. W&nbsp;tym cza\u00adsie oka\u00adzja do spo\u00adwie\u00addzi szcze\u00adg\u00f3l\u00adnie dla kan\u00addy\u00adda\u00adt\u00f3w do bierzmowania.<\/span><\/span><\/p>\n<\/li>\n<li>\n<p class=\"western\" align=\"justify\"><span style=\"font-family: Bookman Old Style, serif;\"><span style=\"font-size: medium;\">W grud\u00adniu ksi\u0119\u00ad\u017ca odwie\u00addz\u0105 cho\u00adrych z&nbsp;pos\u0142u\u00adg\u0105 sakra\u00admen\u00adtal\u00adn\u0105: ksi\u0105dz Piotr 13 grud\u00adnia, a&nbsp;ksi\u0105dz Mate\u00adusz 20 grud\u00adnia. Oso\u00adby cho\u00adre i&nbsp;star\u00adsze, kt\u00f3\u00adre nie mog\u0105 przy\u00adcho\u00addzi\u0107 same do ko\u015bcio\u00ad\u0142a, mo\u017c\u00adna jesz\u00adcze zg\u0142a\u00adsza\u0107 w&nbsp;biu\u00adrze para\u00adfial\u00adnym i&nbsp;u ksi\u0119\u017cy.<\/span><\/span><\/p>\n<\/li>\n<li>\n<p class=\"western\" align=\"justify\"><span style=\"font-family: Bookman Old Style, serif;\"><span style=\"font-size: medium;\">Kolek\u00adta przy\u00adsz\u0142ej nie\u00addzie\u00adli b\u0119dzie prze\u00adzna\u00adczo\u00adna na malo\u00adwa\u00adnie nasze\u00adgo ko\u015bcio\u0142a.<\/span><\/span><\/p>\n<\/li>\n<li>\n<p class=\"western\" align=\"justify\"><span style=\"font-family: Bookman Old Style, serif;\"><span style=\"font-size: medium;\">Za tydzie\u0144 na Mszy o&nbsp;12.30 udzie\u00adli\u00admy sakra\u00admen\u00adtu chrztu \u015bw. Nauka dla rodzi\u00adc\u00f3w i&nbsp;chrzest\u00adnych w&nbsp;sobo\u00adt\u0119 13 grud\u00adnia o&nbsp;16.30 w&nbsp;biblio\u00adte\u00adce para\u00adfial\u00adnej (ul. Szkol\u00adna&nbsp;2).<\/span><\/span><\/p>\n<\/li>\n<li>\n<p class=\"western\" align=\"justify\"><span style=\"font-family: Bookman Old Style, serif;\"><span style=\"font-size: medium;\">Dzi\u0119\u00adku\u00adje\u00admy para\u00adfial\u00adne\u00admu zespo\u00ad\u0142o\u00adwi Cari\u00adtas i&nbsp;wolon\u00adta\u00adriu\u00adszom, kt\u00f3\u00adrzy w&nbsp;minio\u00adny week\u00adend pro\u00adwa\u00addzi\u00adli zbi\u00f3r\u00adk\u0119 pro\u00adduk\u00adt\u00f3w \u017cyw\u00adno\u00ad\u015bcio\u00adwych w&nbsp;Biedronkach.<\/span><\/span><\/p>\n<\/li>\n<li>\n<p class=\"western\" align=\"justify\"><span style=\"font-family: Bookman Old Style, serif;\"><span style=\"font-size: medium;\">Przed ko\u015bcio\u00ad\u0142em i&nbsp;w zakry\u00adstii mo\u017c\u00adna naby\u0107 \u015bwie\u00adce wigi\u00adlij\u00adnej pomo\u00adcy dzie\u00adciom w&nbsp;cenie 11 i&nbsp;25 z\u0142, bomb\u00adki r\u0119cz\u00adnie deko\u00adro\u00adwa\u00adne z&nbsp;wize\u00adrun\u00adkiem nasze\u00adgo ko\u015bcio\u00ad\u0142a w&nbsp;cenie 30 i&nbsp;40 z\u0142 oraz kalen\u00adda\u00adrze para\u00adfial\u00adne w&nbsp;cenie 15&nbsp;z\u0142.&nbsp;<\/span><\/span><\/p>\n<\/li>\n<li>\n<p class=\"western\" align=\"justify\"><span style=\"font-family: Bookman Old Style, serif;\"><span style=\"font-size: medium;\">M\u0142o\u00addzie\u017c KSM roz\u00adpro\u00adwa\u00addza pi\u0119k\u00adne kart\u00adki \u015bwi\u0105\u00adtecz\u00adne, sian\u00adko oraz ciast\u00adka. Doch\u00f3d jest prze\u00adzna\u00adczo\u00adny na dzia\u00ad\u0142al\u00adno\u015b\u0107&nbsp;KSM.<\/span><\/span><\/p>\n<\/li>\n<li>\n<p class=\"western\" align=\"justify\"><span style=\"font-family: Bookman Old Style, serif;\"><span style=\"font-size: medium;\">Powsta\u00adje nowa M\u0119ska R\u00f3\u017ca R\u00f3\u017ca\u0144\u00adco\u00adwa \u015bw. o. Pio. Szcze\u00adg\u00f3\u00ad\u0142y u&nbsp;p. Ma\u0142\u00adgo\u00adrza\u00adty S\u0119kowskiej.<\/span><\/span><\/p>\n<\/li>\n<li>\n<p class=\"western\" align=\"justify\"><span style=\"font-family: Bookman Old Style, serif;\"><span style=\"font-size: medium;\">Przed ko\u015bcio\u00ad\u0142em i&nbsp;w zakry\u00adstii mo\u017c\u00adna naby\u0107 nowy nr \u201ePiel\u00adgrzy\u00adma\u201d.<\/span><\/span><\/p>\n<\/li>\n<li>\n<p class=\"western\" align=\"justify\"><span style=\"font-family: Bookman Old Style, serif;\"><span style=\"font-size: medium;\">Przy o\u0142ta\u00adrzu Marii Mag\u00adda\u00adle\u00adny poja\u00adwi\u00ad\u0142a si\u0119 cho\u00adin\u00adka. Wok\u00f3\u0142 niej pro\u00adsi\u00admy sk\u0142a\u00adda\u0107 Paczusz\u00adki dla Malusz\u00adk\u00f3w. Na pami\u0105t\u00adk\u0119 wspar\u00adcia nie\u00admow\u00adla\u00adk\u00f3w w&nbsp;domach samot\u00adnej mat\u00adki pro\u00adsi\u00admy zabra\u0107 z&nbsp;cho\u00adin\u00adki sym\u00adbo\u00adlicz\u00adn\u0105 bomb\u00adk\u0119 i&nbsp;zawie\u00adsi\u0107 j\u0105 na domo\u00adwym drzewku.<\/span><\/span><\/p>\n<\/li>\n<li>\n<p class=\"western\" align=\"justify\"><span style=\"font-family: Bookman Old Style, serif;\"><span style=\"font-size: medium;\">Ksi\u0105dz Pro\u00adboszcz prze\u00adsy\u00ad\u0142a swo\u00adje podzi\u0119\u00adko\u00adwa\u00adnia za wszyst\u00adkie s\u0142o\u00adwa tro\u00adski i&nbsp;wspar\u00adcie. Dzi\u0119\u00adku\u00adje za modli\u00adtw\u0119 i&nbsp;nie\u00adustan\u00adnie o&nbsp;ni\u0105 prosi.<\/span><\/span><\/p>\n<\/li>\n<li>\n<p class=\"western\" align=\"justify\"><span style=\"font-family: Bookman Old Style, serif;\"><span style=\"font-size: medium;\">Msze \u015bwi\u0119\u00adte w&nbsp;inten\u00adcji ksi\u0119\u00addza pro\u00adbosz\u00adcza w&nbsp;naj\u00adbli\u017c\u00adszym tygo\u00addniu spra\u00adwo\u00adwa\u00adne codziennie<\/span><\/span><\/p>\n<\/li>\n<\/ol>\n<ul>\n<li>\n<p align=\"justify\"><span style=\"font-family: Bookman Old Style, serif;\"><span style=\"font-size: medium;\">nie\u00addzie\u00adla (7.12) o&nbsp;8.45 od \u017bywe\u00adgo R\u00f3\u017ca\u0144ca&nbsp;<\/span><\/span><\/p>\n<\/li>\n<li>\n<p align=\"justify\"><span style=\"font-family: Bookman Old Style, serif;\"><span style=\"font-size: medium;\">ponie\u00addzia\u00ad\u0142ek (8.12) o&nbsp;8.45 od Rycer\u00adstwa Niepokalanej&nbsp;<\/span><\/span><\/p>\n<\/li>\n<li>\n<p align=\"justify\"><span style=\"font-family: Bookman Old Style, serif;\"><span style=\"font-size: medium;\">wto\u00adrek (9.12) o&nbsp;6.15 od Odno\u00adwy w&nbsp;Duchu \u015awi\u0119tym&nbsp;<\/span><\/span><\/p>\n<\/li>\n<li>\n<p align=\"justify\"><span style=\"font-family: Bookman Old Style, serif;\"><span style=\"font-size: medium;\">\u015bro\u00adda 10.12 o&nbsp;7.00 od KSM\u2011u <\/span><\/span><\/p>\n<\/li>\n<li>\n<p align=\"justify\"><span style=\"font-family: Bookman Old Style, serif;\"><span style=\"font-size: medium;\">czwar\u00adtek (11.12) o&nbsp;7.00 od dzie\u00adci z&nbsp;Ko\u0142a Misyj\u00adne\u00adgo, scho\u00adlii oraz&nbsp;MI&nbsp;<\/span><\/span><\/p>\n<\/li>\n<li>\n<p align=\"justify\"><span style=\"font-family: Bookman Old Style, serif;\"><span style=\"font-size: medium;\">pi\u0105\u00adtek (12.12) o&nbsp;18.00 od Para\u00adfian, Rady Para\u00adfial\u00adnej Ryce\u00adrzy Kolum\u00adba i&nbsp;od katechet\u00f3w&nbsp;<\/span><\/span><\/p>\n<\/li>\n<li>\n<p align=\"justify\"><span style=\"font-family: Bookman Old Style, serif;\"><span style=\"font-size: medium;\">sobo\u00adta (13.12) o&nbsp;18.00 od pra\u00adcow\u00adni\u00adk\u00f3w para\u00adfii i&nbsp;szafarzy<\/span><\/span><\/p>\n<\/li>\n<li>\n<p align=\"justify\"><span style=\"font-family: Bookman Old Style, serif;\"><span style=\"font-size: medium;\">nie\u00addzie\u00adla (14.12) o&nbsp;11.00 od ministrant\u00f3w&nbsp;<\/span><\/span><\/p>\n<\/li>\n<\/ul>\n<p class=\"western\" align=\"justify\"><span style=\"font-family: Bookman Old Style, serif;\"><span style=\"font-size: medium;\">Msze \u015bw. w&nbsp;tym tygodniu:<\/span><\/span><\/p>\n<ul>\n<li><span style=\"color: #000000;\"><span style=\"font-family: Bookman Old Style, serif;\"><span style=\"font-size: medium;\">w inten\u00adcji Rycer\u00adstwa Nie\u00adpo\u00adka\u00adla\u00adnej w&nbsp;ponie\u00addzia\u00ad\u0142ek o&nbsp;godz. 8.45 oraz 16.20<\/span><\/span><\/span><\/li>\n<li>\n<p align=\"justify\"><span style=\"color: #000000;\"><span style=\"font-family: Bookman Old Style, serif;\"><span style=\"font-size: medium;\"><b>w 30. dzie\u0144 po pogrze\u00adbie <\/b><\/span><\/span><\/span><span style=\"color: #000000;\"><span style=\"font-family: Bookman Old Style, serif;\"><span style=\"font-size: medium;\">za&nbsp;\u015b.p.<\/span><\/span><\/span><span style=\"color: #000000;\"><span style=\"font-family: Bookman Old Style, serif;\"><span style=\"font-size: medium;\"><b>&nbsp;<\/b><\/span><\/span><\/span><span style=\"color: #000000;\"><span style=\"font-family: Bookman Old Style, serif;\"><span style=\"font-size: medium;\"> Jana Wol\u00adfa i&nbsp;Kon\u00adra\u00adda Repi\u0144\u00adskie\u00adgo w&nbsp;pi\u0105\u00adtek o&nbsp;18.00.<\/span><\/span><\/span><\/p>\n<\/li>\n<\/ul>\n<p class=\"western\" align=\"justify\"><span style=\"color: #000000;\"><span style=\"font-family: Bookman Old Style, serif;\"><span style=\"font-size: medium;\"><b>W minio\u00adnym cza\u00adsie ode\u00adszli do wieczno\u015bci<\/b><\/span><\/span><\/span><\/p>\n<ul>\n<li>\n<p align=\"justify\"><span style=\"color: #000000;\"><span style=\"font-family: Bookman Old Style, serif;\"><span style=\"font-size: medium;\">Roman Szma\u00adgli\u0144\u00adski (l. 76) z&nbsp;ul Kosobudzkiej<\/span><\/span><\/span><\/p>\n<\/li>\n<li>\n<p align=\"justify\"><span style=\"color: #000000;\"><span style=\"font-family: Bookman Old Style, serif;\"><span style=\"font-size: medium;\">Miro\u00ads\u0142a\u00adwa Szcze\u00adpa\u0144\u00adska-Plisz\u00adka (l 68) z&nbsp;ul. Starogardzkiej<\/span><\/span><\/span><\/p>\n<\/li>\n<li>\n<p align=\"justify\"><span style=\"color: #000000;\"><span style=\"font-family: Bookman Old Style, serif;\"><span style=\"font-size: medium;\">Kry\u00adsty\u00adna Ort\u00admann (l. 90) z&nbsp;ul. St. Urz\u0119du<\/span><\/span><\/span><\/p>\n<\/li>\n<li>\n<p align=\"justify\"><span style=\"color: #000000;\"><span style=\"font-family: Bookman Old Style, serif;\"><span style=\"font-size: medium;\">Maria Gor\u00adno\u00adwicz (l. 83) z&nbsp;ul. Derdowskiego<\/span><\/span><\/span><\/p>\n<\/li>\n<li>\n<p align=\"justify\"><span style=\"color: #000000;\"><span style=\"font-family: Bookman Old Style, serif;\"><span style=\"font-size: medium;\">Medard Do\u0144\u00adczyk (l. 80) z&nbsp;ul. Gen Ander\u00adsa. Jego pogrzeb odb\u0119\u00addzie si\u0119 we wto\u00adrek o&nbsp;10.00.<\/span><\/span><\/span><\/p>\n<\/li>\n<\/ul>\n<p class=\"western\" align=\"justify\"><a name=\"_GoBack\"><\/a> <span style=\"color: #000000;\"><span style=\"font-family: Bookman Old Style, serif;\"><span style=\"font-size: medium;\"><i>Wiecz\u00adny odpo\u00adczy\u00adnek racz im da\u0107&nbsp;Panie\u2026<\/i><\/span><\/span><\/span><\/p>\n","protected":false},"excerpt":{"rendered":"<p>Dzi\u00adsiaj roz\u00adpo\u00adczy\u00adna\u00admy reko\u00adlek\u00adcje para\u00adfial\u00adne, kt\u00f3\u00adre b\u0119d\u0105 trwa\u00ad\u0142y do \u015bro\u00addy w\u0142\u0105cz\u00adnie. Gor\u0105\u00adco zach\u0119\u00adca\u00admy do licz\u00adne\u00adgo udzia\u00ad\u0142u w&nbsp;tego\u00adrocz\u00adnych reko\u00adlek\u00adcjach, kt\u00f3\u00adre wyg\u0142o\u00adsi ksi\u0105dz dok\u00adtor Marek Szyn\u00adkow\u00adski, kt\u00f3\u00adre\u00adgo jesz\u00adcze raz ser\u00addecz\u00adnie wita\u00admy.&nbsp; Plan reko\u00adlek\u00adcji: nauki dla doro\u00ads\u0142ych codzien\u00adnie o&nbsp;godz. 6.15; 8.45 i&nbsp;18.00 nauki dla \u2026 <a href=\"https:\/\/www.parafia-czersk.pl\/?p=2157\">Czy\u00adtaj dalej <span class=\"meta-nav\">\u2192<\/span><\/a><\/p>\n","protected":false},"author":1,"featured_media":0,"comment_status":"closed","ping_status":"open","sticky":false,"template":"","format":"standard","meta":{"pagelayer_contact_templates":[],"_pagelayer_content":"","wp_typography_post_enhancements_disabled":false,"footnotes":""},"categories":[3],"tags":[],"class_list":["post-2157","post","type-post","status-publish","format-standard","hentry","category-ogloszenia"],"aioseo_notices":[],"_links":{"self":[{"href":"https:\/\/www.parafia-czersk.pl\/index.php?rest_route=\/wp\/v2\/posts\/2157","targetHints":{"allow":["GET"]}}],"collection":[{"href":"https:\/\/www.parafia-czersk.pl\/index.php?rest_route=\/wp\/v2\/posts"}],"about":[{"href":"https:\/\/www.parafia-czersk.pl\/index.php?rest_route=\/wp\/v2\/types\/post"}],"author":[{"embeddable":true,"href":"https:\/\/www.parafia-czersk.pl\/index.php?rest_route=\/wp\/v2\/users\/1"}],"replies":[{"embeddable":true,"href":"https:\/\/www.parafia-czersk.pl\/index.php?rest_route=%2Fwp%2Fv2%2Fcomments&post=2157"}],"version-history":[{"count":2,"href":"https:\/\/www.parafia-czersk.pl\/index.php?rest_route=\/wp\/v2\/posts\/2157\/revisions"}],"predecessor-version":[{"id":2159,"href":"https:\/\/www.parafia-czersk.pl\/index.php?rest_route=\/wp\/v2\/posts\/2157\/revisions\/2159"}],"wp:attachment":[{"href":"https:\/\/www.parafia-czersk.pl\/index.php?rest_route=%2Fwp%2Fv2%2Fmedia&parent=2157"}],"wp:term":[{"taxonomy":"category","embeddable":true,"href":"https:\/\/www.parafia-czersk.pl\/index.php?rest_route=%2Fwp%2Fv2%2Fcategories&post=2157"},{"taxonomy":"post_tag","embeddable":true,"href":"https:\/\/www.parafia-czersk.pl\/index.php?rest_route=%2Fwp%2Fv2%2Ftags&post=2157"}],"curies":[{"name":"wp","href":"https:\/\/api.w.org\/{rel}","templated":true}]}}