{"id":2170,"date":"2025-12-14T15:32:58","date_gmt":"2025-12-14T15:32:58","guid":{"rendered":"https:\/\/www.parafia-czersk.pl\/?p=2170"},"modified":"2025-12-16T15:37:04","modified_gmt":"2025-12-16T15:37:04","slug":"intencje-iii-tydzien-adwentu-2","status":"publish","type":"post","link":"https:\/\/www.parafia-czersk.pl\/?p=2170","title":{"rendered":"INTENCJE III TYDZIE\u0143 ADWENTU"},"content":{"rendered":"<table>\n<tbody>\n<tr>\n<td colspan=\"3\"><\/td>\n<\/tr>\n<tr>\n<td><strong>Data<\/strong><\/td>\n<td><strong>Godz.<\/strong><\/td>\n<td><strong>Inten\u00adcja<\/strong><\/td>\n<\/tr>\n<tr>\n<td><strong>Ponie\u00addzia\u00ad\u0142ek<\/strong><\/td>\n<td><strong>06:15<\/strong><\/td>\n<td>\u2020 m\u0105\u017c Tade\u00adusz Kren\u00adski, zm. rodzi\u00adce Jadwi\u00adga i&nbsp;Hubert Koz\u0142ow\u00adcy oraz brat&nbsp;Roman<\/td>\n<\/tr>\n<tr>\n<td><strong>15 grud\u00adnia<\/strong><\/td>\n<td><strong>06:15<\/strong><\/td>\n<td>\u2020 Ste\u00adfa\u00adnia Po\u0142om w&nbsp;dn. ur. Otaz m\u0105\u017c Tadeusz<\/td>\n<\/tr>\n<tr>\n<td><strong>&nbsp;<\/strong><\/td>\n<td><strong>07:00<\/strong><\/td>\n<td>\u2020 Kazi\u00admierz Bura\u00adkow\u00adski w&nbsp;5. r. \u015bm., \u017cona Anna oraz zi\u0119\u0107&nbsp;Roman<\/td>\n<\/tr>\n<tr>\n<td><strong>&nbsp;<\/strong><\/td>\n<td><strong>08:45<\/strong><\/td>\n<td>\u2020 Sta\u00adni\u00ads\u0142aw Bar\u00adtosz, zm. rodzi\u00adce, te\u015bci\u00adwo\u00adie, bra\u00adcia i&nbsp;bratowa<\/td>\n<\/tr>\n<tr>\n<td><strong>&nbsp;<\/strong><\/td>\n<td><strong>08:45<\/strong><\/td>\n<td>\u2020 Zdzi\u00ads\u0142a\u00adwa Ko\u0142at\u00adka\u2009\u2014\u2009greg.<\/td>\n<\/tr>\n<tr>\n<td><strong>&nbsp;<\/strong><\/td>\n<td><strong>18:00<\/strong><\/td>\n<td>\u2020 Kry\u00adsty\u00adna i&nbsp;Edwin Kaszu\u00adbow\u00adscy, J\u00f3zef, Mar\u00adta i&nbsp;Jerzy Bartczak<\/td>\n<\/tr>\n<tr>\n<td><strong>&nbsp;<\/strong><\/td>\n<td><strong>18:00<\/strong><\/td>\n<td>\u2020 Ma\u0142\u00adgo\u00adrza\u00adta Schmidt w&nbsp;30. dzie\u0144 po pogrzebie<\/td>\n<\/tr>\n<tr>\n<td><strong>Wto\u00adrek<\/strong><\/td>\n<td><strong>06:15<\/strong><\/td>\n<td>\u2020 Zyg\u00admunt Knuth w&nbsp;dn. ur.<\/td>\n<\/tr>\n<tr>\n<td><strong>16 grud\u00adnia<\/strong><\/td>\n<td><strong>07:00<\/strong><\/td>\n<td>\u2020 Zyg\u00admunt Gali\u00adkow\u00adski w&nbsp;21. r. \u015bm., zm. rodzi\u00adce Kr\u0119\u00adscy i&nbsp;Galikowscy<\/td>\n<\/tr>\n<tr>\n<td><strong>&nbsp;<\/strong><\/td>\n<td><strong>08:45<\/strong><\/td>\n<td>\u2020 Kazi\u00admierz Karcz w&nbsp;10. r. \u015bm. oraz c\u00f3r\u00adka Mariola<\/td>\n<\/tr>\n<tr>\n<td><strong>&nbsp;<\/strong><\/td>\n<td><strong>08:45<\/strong><\/td>\n<td>\u2020 Zdzi\u00ads\u0142a\u00adwa Ko\u0142at\u00adka\u2009\u2014\u2009greg.<\/td>\n<\/tr>\n<tr>\n<td><strong>&nbsp;<\/strong><\/td>\n<td><strong>18:00<\/strong><\/td>\n<td>\u2020 Fran\u00adci\u00adszek Wen\u00adta-Rekow\u00adski w&nbsp;30. dzie\u0144 po pogrzebie<\/td>\n<\/tr>\n<tr>\n<td><strong>&nbsp;<\/strong><\/td>\n<td><strong>18:00<\/strong><\/td>\n<td>\u2020 Ksi\u0105dz Pro\u00adboszcz Zbi\u00adgniew Stra\u00adszew\u00adski\u2009\u2014\u2009inten\u00adcja od katechet\u00f3w<\/td>\n<\/tr>\n<tr>\n<td><strong>\u015aro\u00adda<\/strong><\/td>\n<td><strong>06:15<\/strong><\/td>\n<td>\u2020 Hen\u00adryk Jan\u00adkow\u00adski, zm. rodzi\u00adce i&nbsp;rodze\u0144stwo<\/td>\n<\/tr>\n<tr>\n<td><strong>17 grud\u00adnia<\/strong><\/td>\n<td><strong>06:15<\/strong><\/td>\n<td>\u2020 Tere\u00adsa\u00adMa\u00adty\u00adle\u00adwicz w&nbsp;16. r. \u015bm., m\u0105\u017c J\u00f3zef oraz zm. ror\u00addzi\u00adce z&nbsp;ob. str.<\/td>\n<\/tr>\n<tr>\n<td><strong>&nbsp;<\/strong><\/td>\n<td><strong>07:00<\/strong><\/td>\n<td>\u2020 Maria Sikor\u00adska w&nbsp;3. r.&nbsp;\u015bm.<\/td>\n<\/tr>\n<tr>\n<td><strong>&nbsp;<\/strong><\/td>\n<td><strong>08:45<\/strong><\/td>\n<td>\u2020 Zyg\u00admunt Ossow\u00adski w&nbsp;15. r.&nbsp;\u015bm.<\/td>\n<\/tr>\n<tr>\n<td><strong>&nbsp;<\/strong><\/td>\n<td><strong>08:45<\/strong><\/td>\n<td>\u2020 Jan Ossow\u00adski oraz zm. syno\u00adwie Piotr i&nbsp;Roman<\/td>\n<\/tr>\n<tr>\n<td><strong>&nbsp;<\/strong><\/td>\n<td><strong>08:45<\/strong><\/td>\n<td>\u2020 Zdzi\u00ads\u0142a\u00adwa Ko\u0142at\u00adka\u2009\u2014\u2009greg.<\/td>\n<\/tr>\n<tr>\n<td><strong>&nbsp;<\/strong><\/td>\n<td><strong>18:00<\/strong><\/td>\n<td>\u2020 Zbi\u00adgniew Borzysz\u00adkow\u00adski w&nbsp;11. r.&nbsp;\u015bm.<\/td>\n<\/tr>\n<tr>\n<td><strong>&nbsp;<\/strong><\/td>\n<td><strong>18:00<\/strong><\/td>\n<td>\u2020 Ire\u00adna Kaszu\u00adbow\u00adska w&nbsp;30. dzie\u0144 po pogrzebie<\/td>\n<\/tr>\n<tr>\n<td><strong>Czwar\u00adtek<\/strong><\/td>\n<td><strong>06:15<\/strong><\/td>\n<td>\u2020 Sta\u00adni\u00ads\u0142aw Pakow\u00adski oraz zm. rodzi\u00adce i&nbsp;rodze\u0144stwo<\/td>\n<\/tr>\n<tr>\n<td><strong>18 grud\u00adnia<\/strong><\/td>\n<td><strong>07:00<\/strong><\/td>\n<td>Z podz. za ode\u00adbra\u00adne \u0142aski, z&nbsp;pro\u015b\u00adb\u0105 o&nbsp;Bo\u017ce b\u0142og. i&nbsp;opie\u00adk\u0119 MB dla Emi\u00adlii z&nbsp;ok. 2. r.&nbsp;ur.<\/td>\n<\/tr>\n<tr>\n<td><strong>&nbsp;<\/strong><\/td>\n<td><strong>08:45<\/strong><\/td>\n<td>\u2020 Euge\u00adnia Brze\u00adzi\u0144\u00adska oraz zm. z&nbsp;rodzin Brze\u00adzi\u0144\u00adskich, Czu\u00adb\u00f3w i&nbsp;Cicheckich<\/td>\n<\/tr>\n<tr>\n<td><strong>&nbsp;<\/strong><\/td>\n<td><strong>08:45<\/strong><\/td>\n<td>\u2020 Zdzi\u00ads\u0142a\u00adwa Ko\u0142at\u00adka\u2009\u2014\u2009greg.<\/td>\n<\/tr>\n<tr>\n<td><strong>&nbsp;<\/strong><\/td>\n<td><strong>18:00<\/strong><\/td>\n<td>\u2020 Bogu\u00admi\u00ad\u0142a Lan\u00addow\u00adska oraz zm. rodzi\u00adce z&nbsp;ob. str.<\/td>\n<\/tr>\n<tr>\n<td><strong>&nbsp;<\/strong><\/td>\n<td><strong>18:00<\/strong><\/td>\n<td>\u2020 Miro\u00ads\u0142aw Maniaw\u00adski w&nbsp;30. dzie\u0144 po pogrzebie<\/td>\n<\/tr>\n<tr>\n<td><strong>Pi\u0105\u00adtek<\/strong><\/td>\n<td><strong>06:15<\/strong><\/td>\n<td>\u2020 El\u017c\u00adbie\u00adta i&nbsp;J\u0119drzej Rolbieccy<\/td>\n<\/tr>\n<tr>\n<td><strong>19 grud\u00adnia<\/strong><\/td>\n<td><strong>07:00<\/strong><\/td>\n<td>\u2020 Marek Pepli\u0144\u00adski w&nbsp;5. r.&nbsp;\u015bm.<\/td>\n<\/tr>\n<tr>\n<td><strong>&nbsp;<\/strong><\/td>\n<td><strong>07:00<\/strong><\/td>\n<td>\u2020 Bar\u00adba\u00adra i&nbsp;Teo\u00addor Kosiedowscy<\/td>\n<\/tr>\n<tr>\n<td><strong>&nbsp;<\/strong><\/td>\n<td><strong>08:45<\/strong><\/td>\n<td>\u2020 Agniesz\u00adka Drew\u00adczy\u0144\u00adska w&nbsp;3. r. \u015bm. oraz zm. z&nbsp;rodziny<\/td>\n<\/tr>\n<tr>\n<td><strong>&nbsp;<\/strong><\/td>\n<td><strong>08:45<\/strong><\/td>\n<td>\u2020 Tere\u00adsa Maty\u00adle\u00adwicz w&nbsp;16. r. \u015bm., m\u0105\u017c J\u00f3zef oraz zm. rodzi\u00adce z&nbsp;ob. str.<\/td>\n<\/tr>\n<tr>\n<td><strong>&nbsp;<\/strong><\/td>\n<td><strong>08:45<\/strong><\/td>\n<td>\u2020 Zdzi\u00ads\u0142a\u00adwa Ko\u0142at\u00adka\u2009\u2014\u2009greg.<\/td>\n<\/tr>\n<tr>\n<td><strong>&nbsp;<\/strong><\/td>\n<td><strong>18:00<\/strong><\/td>\n<td>\u2020 Zdzi\u00ads\u0142aw Sko\u00adla\u00adsi\u0144\u00adki oraz Cyryl Thiede<\/td>\n<\/tr>\n<tr>\n<td><strong>&nbsp;<\/strong><\/td>\n<td><strong>18:00<\/strong><\/td>\n<td>\u2020 Hali\u00adna Kobie\u00adrow\u00adska w&nbsp;30. dzie\u0144 po pogrzebie<\/td>\n<\/tr>\n<tr>\n<td><strong>Sobo\u00adta<\/strong><\/td>\n<td><strong>06:15<\/strong><\/td>\n<td>\u2020 Kami\u00adla Kuli\u00adsie\u00adwicz z&nbsp;ok. ur.<\/td>\n<\/tr>\n<tr>\n<td><strong>20 grud\u00adnia<\/strong><\/td>\n<td><strong>07:00<\/strong><\/td>\n<td>\u2020 Janusz Guth z&nbsp;ok. ur., a&nbsp;tak\u00ad\u017ce o&nbsp;spo\u00adk\u00f3j i&nbsp;zdro\u00adwie dla ca\u0142ej rodzi\u00adny, a&nbsp;szcze\u00adg\u00f3l\u00adnie dla tych, co wal\u00adcz\u0105 z&nbsp;ci\u0119\u017c\u00adk\u0105 chorob\u0105<\/td>\n<\/tr>\n<tr>\n<td><strong>&nbsp;<\/strong><\/td>\n<td><strong>08:45<\/strong><\/td>\n<td>\u2020 Ire\u00adna Kaszu\u00adbow\u00adska w&nbsp;1. r.&nbsp;\u015bm.<\/td>\n<\/tr>\n<tr>\n<td><strong>&nbsp;<\/strong><\/td>\n<td><strong>08:45<\/strong><\/td>\n<td>\u2020 Zofia i&nbsp;Sta\u00adni\u00ads\u0142aw Klap\u00adczy\u0144\u00adscy oraz m\u0105\u017c Cze\u00ads\u0142aw, zm. rodzi\u00adce Kla\u00adra i&nbsp;Hen\u00adryk Chmara<\/td>\n<\/tr>\n<tr>\n<td><strong>&nbsp;<\/strong><\/td>\n<td><strong>08:45<\/strong><\/td>\n<td>\u2020 Zdzi\u00ads\u0142a\u00adwa Ko\u0142at\u00adka\u2009\u2014\u2009greg.<\/td>\n<\/tr>\n<tr>\n<td><strong>&nbsp;<\/strong><\/td>\n<td><strong>16:00<\/strong><\/td>\n<td>Z podz. za ode\u00adbra\u00adne \u0142aski, z&nbsp;pro\u015b\u00adb\u0105 o&nbsp;Bo\u017ce b\u0142og. i&nbsp;opie\u00adk\u0119 MB dla Agniesz\u00adki i&nbsp;Andrze\u00adja Mau\u00adsolf z&nbsp;ok. 50. r.&nbsp;\u015blubu<\/td>\n<\/tr>\n<tr>\n<td><strong>&nbsp;<\/strong><\/td>\n<td><strong>18:00<\/strong><\/td>\n<td>\u2020 Maria i&nbsp;Zdzi\u00ads\u0142aw Czu\u00adpry\u0144\u00adscy oraz J\u00f3zef&nbsp;Bonin<\/td>\n<\/tr>\n<tr>\n<td><strong>Nie\u00addzie\u00adla<\/strong><\/td>\n<td><strong>06:30<\/strong><\/td>\n<td>\u2020 Jani\u00adna, Anto\u00adni, Miro\u00ads\u0142a\u00adwa oraz Hali\u00adna Sto\u00adpa oraz zm. z&nbsp;rodziny<\/td>\n<\/tr>\n<tr>\n<td><strong>21 grud\u00adnia<\/strong><\/td>\n<td><strong>07:30<\/strong><\/td>\n<td>\u2020 Roman&nbsp;Kulas<\/td>\n<\/tr>\n<tr>\n<td><strong>&nbsp;<\/strong><\/td>\n<td><strong>08:45<\/strong><\/td>\n<td>O zdro\u00adwie i&nbsp;Bo\u017ce b\u0142og., opie\u00adk\u0119 MB i&nbsp;dary Ducha \u015awi\u0119\u00adte\u00adgo z&nbsp;ok. ur. dla Euge\u00adnii, Ewy, Rober\u00adta i&nbsp;Tomasza<\/td>\n<\/tr>\n<tr>\n<td><strong>&nbsp;<\/strong><\/td>\n<td><strong>10:00<\/strong><\/td>\n<td>W pew\u00adnej intencji<\/td>\n<\/tr>\n<tr>\n<td><strong>&nbsp;<\/strong><\/td>\n<td><strong>11:00<\/strong><\/td>\n<td>\u2020 \u0141ukasz Kaszu\u00adbow\u00adski z&nbsp;ok. ur.<\/td>\n<\/tr>\n<tr>\n<td><strong>&nbsp;<\/strong><\/td>\n<td><strong>12:30<\/strong><\/td>\n<td>\u2020 Mar\u00adta i&nbsp;Jan Basza\u00adnow\u00adscy w&nbsp;r. \u015bm., szwa\u00adgro\u00adwie Mire\u00adczy\u00ads\u0142aw Turzy\u0144\u00adski i&nbsp;Cze\u00ads\u0142aw&nbsp;Stopa<\/td>\n<\/tr>\n<tr>\n<td><strong>&nbsp;<\/strong><\/td>\n<td><strong>12:30<\/strong><\/td>\n<td>\u2020 Zdzi\u00ads\u0142a\u00adwa Ko\u0142at\u00adka\u2009\u2014\u2009greg.<\/td>\n<\/tr>\n<tr>\n<td><strong>&nbsp;<\/strong><\/td>\n<td><strong>18:00<\/strong><\/td>\n<td>\u2020 Adam Mil\u00adke z&nbsp;ok. r. \u015bm. oraz zm. rodzice<\/td>\n<\/tr>\n<\/tbody>\n<\/table>\n","protected":false},"excerpt":{"rendered":"<p>Data Godz. Inten\u00adcja Ponie\u00addzia\u00ad\u0142ek 06:15 \u2020 m\u0105\u017c Tade\u00adusz Kren\u00adski, zm. rodzi\u00adce Jadwi\u00adga i&nbsp;Hubert Koz\u0142ow\u00adcy oraz brat&nbsp;Roman 15 grud\u00adnia 06:15 \u2020 Ste\u00adfa\u00adnia Po\u0142om w&nbsp;dn. ur. Otaz m\u0105\u017c Tade\u00adusz &nbsp; 07:00 \u2020 Kazi\u00admierz Bura\u00adkow\u00adski w&nbsp;5. r. \u015bm., \u017cona Anna oraz zi\u0119\u0107&nbsp;Roman &nbsp; \u2026 <a href=\"https:\/\/www.parafia-czersk.pl\/?p=2170\">Czy\u00adtaj dalej <span class=\"meta-nav\">\u2192<\/span><\/a><\/p>\n","protected":false},"author":1,"featured_media":0,"comment_status":"closed","ping_status":"open","sticky":false,"template":"","format":"standard","meta":{"pagelayer_contact_templates":[],"_pagelayer_content":"","wp_typography_post_enhancements_disabled":false,"footnotes":""},"categories":[2],"tags":[],"class_list":["post-2170","post","type-post","status-publish","format-standard","hentry","category-intencje"],"aioseo_notices":[],"_links":{"self":[{"href":"https:\/\/www.parafia-czersk.pl\/index.php?rest_route=\/wp\/v2\/posts\/2170","targetHints":{"allow":["GET"]}}],"collection":[{"href":"https:\/\/www.parafia-czersk.pl\/index.php?rest_route=\/wp\/v2\/posts"}],"about":[{"href":"https:\/\/www.parafia-czersk.pl\/index.php?rest_route=\/wp\/v2\/types\/post"}],"author":[{"embeddable":true,"href":"https:\/\/www.parafia-czersk.pl\/index.php?rest_route=\/wp\/v2\/users\/1"}],"replies":[{"embeddable":true,"href":"https:\/\/www.parafia-czersk.pl\/index.php?rest_route=%2Fwp%2Fv2%2Fcomments&post=2170"}],"version-history":[{"count":2,"href":"https:\/\/www.parafia-czersk.pl\/index.php?rest_route=\/wp\/v2\/posts\/2170\/revisions"}],"predecessor-version":[{"id":2174,"href":"https:\/\/www.parafia-czersk.pl\/index.php?rest_route=\/wp\/v2\/posts\/2170\/revisions\/2174"}],"wp:attachment":[{"href":"https:\/\/www.parafia-czersk.pl\/index.php?rest_route=%2Fwp%2Fv2%2Fmedia&parent=2170"}],"wp:term":[{"taxonomy":"category","embeddable":true,"href":"https:\/\/www.parafia-czersk.pl\/index.php?rest_route=%2Fwp%2Fv2%2Fcategories&post=2170"},{"taxonomy":"post_tag","embeddable":true,"href":"https:\/\/www.parafia-czersk.pl\/index.php?rest_route=%2Fwp%2Fv2%2Ftags&post=2170"}],"curies":[{"name":"wp","href":"https:\/\/api.w.org\/{rel}","templated":true}]}}