{"id":2181,"date":"2025-12-26T10:46:02","date_gmt":"2025-12-26T10:46:02","guid":{"rendered":"https:\/\/www.parafia-czersk.pl\/?p=2181"},"modified":"2025-12-26T10:46:02","modified_gmt":"2025-12-26T10:46:02","slug":"iv-niedziela-adewntu-21-grudnia-2025-r","status":"publish","type":"post","link":"https:\/\/www.parafia-czersk.pl\/?p=2181","title":{"rendered":"IV NIEDZIELA ADEWNTU  21 grudnia 2025&nbsp;r."},"content":{"rendered":"<ol>\n<li>\n<p align=\"justify\"><span style=\"font-family: Times New Roman, serif;\"><span style=\"font-size: medium;\"><span style=\"font-family: Bookman Old Style, serif;\">B\u00f3g zap\u0142a\u0107 za ofia\u00adry sk\u0142a\u00adda\u00adne na rzecz Sto\u00adli\u00adcy Apo\u00adstol\u00adskiej, a&nbsp;przed ko\u015bcio\u00ad\u0142em odb\u0119\u00addzie si\u0119 zbi\u00f3r\u00adka do puszek na rzecz Ko\u015bcio\u00ad\u0142a Kato\u00adlic\u00adkie\u00adgo na Wschodzie.<\/span><\/span><\/span><\/p>\n<\/li>\n<li>\n<p align=\"justify\"><span style=\"font-family: Times New Roman, serif;\"><span style=\"font-size: medium;\"><span style=\"font-family: Bookman Old Style, serif;\">W tym tygo\u00addniu ko\u0144\u00adczy si\u0119 adwent, dla\u00adte\u00adgo jesz\u00adcze w&nbsp;ponie\u00addzia\u00ad\u0142ek, wto\u00adrek i&nbsp;\u015bro\u00add\u0119 zapra\u00adsza\u00admy na rora\u00adty: o&nbsp;godz. 6.15 doro\u00ads\u0142ych, a&nbsp;o godz. 7.00 dzie\u00adci i&nbsp;m\u0142o\u00addzie\u017c. W&nbsp;\u015bro\u00add\u0119 na rora\u00adtach o&nbsp;godz. 7.00 zosta\u00adn\u0105 po\u015bwi\u0119\u00adco\u00adne szopki.<\/span><\/span><\/span><\/p>\n<\/li>\n<li>\n<p class=\"western\" align=\"justify\"><span style=\"font-family: Bookman Old Style, serif;\"><span style=\"font-size: medium;\">Spo\u00adwied\u017a \u015bwi\u0119\u00adta przed Bo\u017cym Naro\u00addze\u00adniem dla ca\u0142ej para\u00adfii odb\u0119\u00addzie si\u0119 w&nbsp;ponie\u00addzia\u00ad\u0142ek, 22 grud\u00adnia, w&nbsp;godz. 8.00\u22129.00 oraz 16.30\u221218.00 oraz dla os\u00f3b, kt\u00f3\u00adre p\u00f3\u017a\u00adno ko\u0144\u00adcz\u0105 pra\u00adc\u0119 od godz. 19.30 do 20.30.<\/span><\/span><\/p>\n<\/li>\n<li>\n<p align=\"justify\"><span style=\"font-family: Times New Roman, serif;\"><span style=\"font-size: medium;\"><span style=\"font-family: Bookman Old Style, serif;\">We wto\u00adrek, 23 grud\u00adnia zako\u0144\u00adczy\u00admy w&nbsp;naszej para\u00adfii akcj\u0119 \u201ePaczusz\u00adka dla Malusz\u00adka\u201d. Dzi\u0119\u00adku\u00adje\u00admy wszyst\u00adkim, kt\u00f3\u00adrzy wspar\u00adli dzie\u00adci obj\u0119\u00adte opie\u00adk\u0105 przez fun\u00adda\u00adcje ma\u0142ych st\u00f3\u00adpek w&nbsp;hospi\u00adcjach i&nbsp;domach samot\u00adnej&nbsp;matki.<\/span><\/span><\/span><\/p>\n<\/li>\n<li>\n<p align=\"justify\"><span style=\"font-family: Times New Roman, serif;\"><span style=\"font-size: medium;\"><span style=\"font-family: Bookman Old Style, serif;\">W \u015bro\u00add\u0119 przy\u00adpa\u00adda Wigi\u00adlia Bo\u017ce\u00adgo Naro\u00addze\u00adnia. Wpraw\u00addzie nie obo\u00adwi\u0105\u00adzu\u00adje post, ale zach\u0119\u00adca\u00admy do zacho\u00adwa\u00adnia naszej pol\u00adskiej tra\u00addy\u00adcji post\u00adnych da\u0144 na sto\u00adle wigi\u00adlij\u00adnym. Nie b\u0119dzie Mszy \u015bw. o&nbsp;godz. 18.00 i&nbsp;wie\u00adczor\u00adnej adoracji.<\/span><\/span><\/span><\/p>\n<\/li>\n<li>\n<p align=\"justify\"><span style=\"font-family: Times New Roman, serif;\"><span style=\"font-size: medium;\"><span style=\"font-family: Bookman Old Style, serif;\">W Czer\u00adsku odb\u0119\u00add\u0105 si\u0119 dwie paster\u00adki, a&nbsp;mia\u00adno\u00adwi\u00adcie o&nbsp;godz. 21.00 i&nbsp;24.00, a&nbsp;w&nbsp;Krzy\u00ad\u017cu o&nbsp;godz. 22.00.<\/span><\/span><\/span><\/p>\n<\/li>\n<li>\n<p align=\"justify\"><span style=\"font-family: Times New Roman, serif;\"><span style=\"font-size: medium;\"><span style=\"font-family: Bookman Old Style, serif;\">W czwar\u00adtek obcho\u00addzi\u00admy pierw\u00adszy dzie\u0144 \u015awi\u0105t Bo\u017ce\u00adgo Naro\u00addze\u00adnia. Msze \u015bw. spra\u00adwu\u00adje\u00admy w&nbsp;porz\u0105d\u00adku nie\u00addziel\u00adnym, z&nbsp;jed\u00adnym wyj\u0105t\u00adkiem. Nie b\u0119dzie Mszy \u015bw. o&nbsp;godz. 6.30, a&nbsp;ksi\u0119\u00ad\u017ca nie b\u0119d\u0105 s\u0142u\u00adcha\u00adli spo\u00adwie\u00addzi \u015bw. Kolek\u00adta z&nbsp;paster\u00adki i&nbsp;pierw\u00adsze\u00adgo \u015bwi\u0119\u00adta b\u0119dzie prze\u00adzna\u00adczo\u00adna na remon\u00adty parafialne.<\/span><\/span><\/span><\/p>\n<\/li>\n<li>\n<p align=\"justify\"><span style=\"font-family: Times New Roman, serif;\"><span style=\"font-size: medium;\"><span style=\"font-family: Bookman Old Style, serif;\">W pi\u0105\u00adtek obcho\u00addzi\u00admy dru\u00adgie \u015awi\u0119\u00adto Bo\u017ce\u00adgo Naro\u00addze\u00adnia, \u015bwi\u0119\u00adto \u015bw. Szcze\u00adpa\u00adna, pierw\u00adsze\u00adgo m\u0119czen\u00adni\u00adka. Zapra\u00adsza\u00admy na Msze \u015bw., kt\u00f3\u00adre spra\u00adwu\u00adje\u00admy w&nbsp;porz\u0105d\u00adku nie\u00addziel\u00adnym. Na Mszy \u015bw. o&nbsp;godz. 12.30 udzie\u00adli\u00admy sakra\u00admen\u00adtu chrztu \u015bw.. Kolek\u00adta dru\u00adgie\u00adgo \u015bwi\u0119\u00adta b\u0119dzie prze\u00adzna\u00adczo\u00adna na szkol\u00adnic\u00adtwo kato\u00adlic\u00adkie. Ofia\u00adry ze \u017c\u0142\u00f3b\u00adka b\u0119d\u0105 prze\u00adka\u00adzy\u00adwa\u00adne na misje. W&nbsp;dru\u00adgi dzie\u0144 \u015bwiat nie obo\u00adwi\u0105\u00adzu\u00adje wstrze\u00admi\u0119\u017a\u00adli\u00adwo\u015b\u0107 od pokar\u00adm\u00f3w mi\u0119snych.<\/span><\/span><\/span><\/p>\n<\/li>\n<li>\n<p align=\"justify\"><span style=\"font-family: Times New Roman, serif;\"><span style=\"font-size: medium;\"><span style=\"font-family: Bookman Old Style, serif;\">W sobo\u00adt\u0119 Ado\u00adra\u00adcja Naj\u00ad\u015bwi\u0119t\u00adsze\u00adgo Sakra\u00admen\u00adtu od 7.00 do 8.45.<\/span><\/span><\/span><\/p>\n<\/li>\n<li>\n<p align=\"justify\"><span style=\"font-family: Times New Roman, serif;\"><span style=\"font-size: medium;\"><span style=\"font-family: Bookman Old Style, serif;\">W przy\u00adsz\u0142\u0105 nie\u00addzie\u00adl\u0119 przy\u00adpa\u00adda Uro\u00adczy\u00adsto\u015b\u0107 \u015awi\u0119\u00adtej Rodzi\u00adny. Pod\u00adczas wszyst\u00adkich Mszy obrz\u0119d odno\u00adwie\u00adnia przy\u00adrze\u00adcze\u0144 ma\u0142\u017ce\u0144skich.<\/span><\/span><\/span><\/p>\n<\/li>\n<li>\n<p align=\"justify\"><span style=\"font-family: Times New Roman, serif;\"><span style=\"font-size: medium;\"><span style=\"font-family: Bookman Old Style, serif;\">R\u00f3w\u00adnie\u017c w&nbsp;przy\u00adsz\u0142\u0105 nie\u00addzie\u00adl\u0119 na Mszy o&nbsp;8.45 zako\u0144\u00adczy\u00admy rok jubi\u00adle\u00aduszo\u00adwy w&nbsp;naszej parafii.<\/span><\/span><\/span><\/p>\n<\/li>\n<li>\n<p align=\"justify\"><span style=\"font-family: Times New Roman, serif;\"><span style=\"font-size: medium;\"><span style=\"font-family: Bookman Old Style, serif;\">Od sobo\u00adty roz\u00adpo\u00adczy\u00adna\u00admy odwie\u00addzi\u00adny dusz\u00adpa\u00adster\u00adskie naszych dom\u00f3w. Isto\u00adt\u0105 kol\u0119\u00addy jest wsp\u00f3l\u00adna modli\u00adtwa z&nbsp;domow\u00adni\u00adka\u00admi oraz b\u0142o\u00adgo\u00ads\u0142a\u00adwie\u0144\u00adstwo rodzi\u00adny i&nbsp;miesz\u00adka\u00adnia. Bar\u00addzo pro\u00adsi\u00admy o&nbsp;pod\u00adwo\u00ad\u017ce\u00adnie kol\u0119duj\u0105cych.<\/span><\/span><\/span><\/p>\n<\/li>\n<\/ol>\n<p align=\"justify\"><span style=\"font-family: Times New Roman, serif;\"><span style=\"font-size: medium;\"><span style=\"font-family: Bookman Old Style, serif;\">Plan kol\u0119d na po\u015bwi\u0105\u00adtecz\u00adne&nbsp;dni:<\/span><\/span><\/span><\/p>\n<ul>\n<li>\n<p align=\"justify\"><span style=\"font-family: Times New Roman, serif;\"><span style=\"font-size: medium;\"><span style=\"font-family: Bookman Old Style, serif;\">sobo\u00adta, 27 grud\u00adnia\u2009\u2014\u2009B\u0119d\u017a\u00admie\u00adro\u00adwi\u00adce (od 11.00)<\/span><\/span><\/span><\/p>\n<\/li>\n<li>\n<p align=\"justify\"><span style=\"font-family: Times New Roman, serif;\"><span style=\"font-size: medium;\"><span style=\"font-family: Bookman Old Style, serif;\">nie\u00addzie\u00adla, 28 grud\u00adnia \u2013 gen. Hal\u00adle\u00adra (od 14.00)<\/span><\/span><\/span><\/p>\n<\/li>\n<li>\n<p align=\"justify\"><span style=\"font-family: Times New Roman, serif;\"><span style=\"font-size: medium;\"><span style=\"font-family: Bookman Old Style, serif;\">ponie\u00addzia\u00ad\u0142ek, 29 grud\u00adnia\u2009\u2014\u2009Stru\u00adga, Kla\u00adska\u00adwa; Mala\u00adchin G\u0142\u00f3w\u00adna, Ogro\u00addo\u00adwa, Aka\u00adcjo\u00adwa, Mala\u00adchin uli\u00adce od Ciso\u00adwej, Bocia\u00adnia, Nad Sta\u00adwem, Wrzo\u00adso\u00adwa, Pod\u00adle\u00ad\u015bna, Kole\u00adjo\u00adwa, Szkol\u00adna, Go\u0142\u0119\u00adbia (od 11.00)<\/span><\/span><\/span><\/p>\n<\/li>\n<li>\n<p align=\"justify\"><span style=\"font-family: Times New Roman, serif;\"><span style=\"font-size: medium;\"><span style=\"font-family: Bookman Old Style, serif;\">wto\u00adrek, 30 grud\u00adnia\u2009\u2014\u2009Krzy\u017c, Sto\u00add\u00f3\u0142\u00adki, K\u0142od\u00adnia (od 11.00)<\/span><\/span><\/span><\/p>\n<\/li>\n<li>\n<p align=\"justify\"><span style=\"font-family: Times New Roman, serif;\"><span style=\"font-size: medium;\"><span style=\"font-family: Bookman Old Style, serif;\">pi\u0105\u00adtek, 2&nbsp;stycz\u00adnia\u2009\u2014\u2009Der\u00addow\u00adskie\u00adgo od pocz\u0105t\u00adku oraz P\u0142k Wry\u00adczy, Der\u00addow\u00adskie\u00adgo od ko\u0144\u00adca, Kr\u0119\u00adta od ko\u0144\u00adca potem Par\u00adty\u00adzan\u00adt\u00f3w od pocz\u0105t\u00adku\u2009\u2014\u2009(wszyst\u00adkie od 14.30)<\/span><\/span><\/span><\/p>\n<\/li>\n<li>\n<p align=\"justify\"><span style=\"font-family: Times New Roman, serif;\"><span style=\"font-size: medium;\"><span style=\"font-family: Bookman Old Style, serif;\">sobo\u00adta, 3&nbsp;stycz\u00adnia\u2009\u2014\u2009Bie\u00adla\u00adwy, Sien\u00adni\u00adca, Kwie\u00adki; \u0141ub\u00adna od ko\u0144\u00adca; Budzi\u00adska potem \u0141ub\u00adna Wybu\u00addo\u00adwa\u00adnie; (od 11.00)<\/span><\/span><\/span><\/p>\n<\/li>\n<li>\n<p align=\"justify\"><span style=\"font-family: Times New Roman, serif;\"><span style=\"font-size: medium;\"><span style=\"font-family: Bookman Old Style, serif;\">nie\u00addzie\u00adla, 4&nbsp;stycz\u00adnia \u2013 gen. Macz\u00adka, gen. Sikor\u00adskie\u00adgo (od 14.00)<\/span><\/span><\/span><\/p>\n<\/li>\n<\/ul>\n<ol start=\"13\">\n<li>\n<p align=\"justify\"><span style=\"font-family: Times New Roman, serif;\"><span style=\"font-size: medium;\"><span style=\"font-family: Bookman Old Style, serif;\">W okre\u00adsie kol\u0119\u00addo\u00adwym w&nbsp;dni powsze\u00addnie nie b\u0119dzie Mszy \u015bw. o&nbsp;godz. 18.00, a&nbsp;biu\u00adro para\u00adfial\u00adne b\u0119dzie czyn\u00adne w&nbsp;ponie\u00addzia\u0142\u00adki, \u015bro\u00addy i&nbsp;sobo\u00adty od godz. 10.00 do 11.00. W&nbsp;przy\u00adpad\u00adku pogrze\u00adb\u00f3w mo\u017c\u00adna tele\u00adfo\u00adnicz\u00adnie um\u00f3\u00adwi\u0107 si\u0119 na spo\u00adtka\u00adnie w&nbsp;celu dope\u0142\u00adnie\u00adnia formalno\u015bci.<\/span><\/span><\/span><\/p>\n<\/li>\n<li>\n<p align=\"justify\"><span style=\"font-family: Times New Roman, serif;\"><span style=\"font-size: medium;\"><span style=\"font-family: Bookman Old Style, serif;\">W imie\u00adniu ca\u0142ej para\u00adfii ser\u00addecz\u00adnie dzi\u0119\u00adku\u00adje\u00admy wszyst\u00adkim, kt\u00f3\u00adrzy przy\u00adczy\u00adni\u00adli si\u0119 do \u015bwi\u0105\u00adtecz\u00adne\u00adgo wystro\u00adju naszej \u015bwi\u0105\u00adty\u00adni, a&nbsp;wi\u0119c ofia\u00adro\u00addaw\u00adcom cho\u00adinek i&nbsp;eki\u00adpie, kt\u00f3\u00adra wyko\u00adna\u00ad\u0142a deko\u00adra\u00adcje bo\u017conarodzeniowe.&nbsp;<\/span><\/span><\/span><\/p>\n<\/li>\n<li>\n<p align=\"justify\"><span style=\"font-family: Times New Roman, serif;\"><span style=\"font-size: medium;\"><span style=\"font-family: Bookman Old Style, serif;\">W zakry\u00adstii i&nbsp;przed ko\u015bcio\u00ad\u0142em do naby\u00adcia nowy numer \u201ePiel\u00adgrzy\u00adma\u201d.<\/span><\/span><\/span><\/p>\n<\/li>\n<li>\n<p align=\"justify\"><span style=\"font-family: Times New Roman, serif;\"><span style=\"font-size: medium;\"><span style=\"font-family: Bookman Old Style, serif;\">Przy wyj\u00ad\u015bciu z&nbsp;ko\u015bcio\u00ad\u0142a mo\u017c\u00adna zaopa\u00adtrzy\u0107 si\u0119 w&nbsp;sian\u00adko na st\u00f3\u0142 wigi\u00adlij\u00adny, przy\u00adgo\u00adto\u00adwa\u00adne przez&nbsp;KSM.<\/span><\/span><\/span><\/p>\n<\/li>\n<\/ol>\n<p class=\"western\" align=\"justify\"><span style=\"font-family: Bookman Old Style, serif;\"><span style=\"font-size: medium;\">Msze \u015bw. w&nbsp;tym tygodniu:<\/span><\/span><\/p>\n<ul>\n<li><span style=\"font-family: Bookman Old Style, serif;\"><span style=\"font-size: medium;\">w inten\u00adcji ofia\u00adro\u00addaw\u00adc\u00f3w naszej \u015bwi\u0105\u00adty\u00adni w&nbsp;\u015bro\u00add\u0119 na paster\u00adce o&nbsp;p\u00f3\u0142nocy.<\/span><\/span><\/li>\n<li><span style=\"font-family: Bookman Old Style, serif;\"><span style=\"font-size: medium;\">za \u015b.p. Ksi\u0119\u00addza Pro\u00adbosz\u00adcza Zbi\u00adgnie\u00adwa w&nbsp;sobo\u00adt\u0119 o&nbsp;18.00<\/span><\/span><\/li>\n<li>\n<p align=\"justify\"><span style=\"color: #000000;\"><span style=\"font-family: Bookman Old Style, serif;\"><span style=\"font-size: medium;\"><b>w 30. dzie\u0144 po pogrze\u00adbie <\/b><\/span><\/span><\/span><span style=\"color: #000000;\"><span style=\"font-family: Bookman Old Style, serif;\"><span style=\"font-size: medium;\">za&nbsp;\u015b.p. Tere\u00ads\u0119 Kier\u00adsk\u0105 w&nbsp;ponie\u00addzia\u00ad\u0142ek o&nbsp;18.oo, \u015b.p. Jana Kowa\u00adlew\u00adskie\u00adgo we wto\u00adrek o&nbsp;18.00, \u015b.p. Ew\u0119 Gro\u00admow\u00adsk\u0105 w&nbsp;\u015bro\u00add\u0119 o&nbsp;8.45, \u015b.p. Huber\u00adta Cza\u00adpiew\u00adskie\u00adgo i&nbsp;\u015b.p. Zbi\u00adgnie\u00adwa Wo\u0142o\u00adszy\u00adka w&nbsp;sobo\u00adt\u0119 o&nbsp;8.45<\/span><\/span><\/span><\/p>\n<\/li>\n<\/ul>\n<p class=\"western\" align=\"justify\"><a name=\"_GoBack\"><\/a> <span style=\"color: #000000;\"><span style=\"font-family: Bookman Old Style, serif;\"><span style=\"font-size: medium;\"><b>W&nbsp;minio\u00adnym cza\u00adsie ode\u00adszli do wieczno\u015bci<\/b><\/span><\/span><\/span><\/p>\n<ul>\n<li>\n<p align=\"justify\"><span style=\"color: #000000;\"><span style=\"font-family: Bookman Old Style, serif;\"><span style=\"font-size: medium;\">Leszek Cza\u00adpiew\u00adski (l. 70) z&nbsp;Mosnej<\/span><\/span><\/span><\/p>\n<\/li>\n<li>\n<p align=\"justify\"><span style=\"color: #000000;\"><span style=\"font-family: Bookman Old Style, serif;\"><span style=\"font-size: medium;\">Marek Lubi\u0144\u00adski (l. 56) z&nbsp;ul. 21-lute\u00adgo. Jego pogrzeb odb\u0119\u00addzie si\u0119 we wto\u00adrek o&nbsp;godz. 9.30<\/span><\/span><\/span><\/p>\n<\/li>\n<\/ul>\n<p class=\"western\" align=\"justify\"><span style=\"color: #000000;\"><span style=\"font-family: Bookman Old Style, serif;\"><span style=\"font-size: medium;\"><i>Wiecz\u00adny odpo\u00adczy\u00adnek racz im da\u0107&nbsp;Panie\u2026<\/i><\/span><\/span><\/span><\/p>\n","protected":false},"excerpt":{"rendered":"<p>B\u00f3g zap\u0142a\u0107 za ofia\u00adry sk\u0142a\u00adda\u00adne na rzecz Sto\u00adli\u00adcy Apo\u00adstol\u00adskiej, a&nbsp;przed ko\u015bcio\u00ad\u0142em odb\u0119\u00addzie si\u0119 zbi\u00f3r\u00adka do puszek na rzecz Ko\u015bcio\u00ad\u0142a Kato\u00adlic\u00adkie\u00adgo na Wscho\u00addzie. W&nbsp;tym tygo\u00addniu ko\u0144\u00adczy si\u0119 adwent, dla\u00adte\u00adgo jesz\u00adcze w&nbsp;ponie\u00addzia\u00ad\u0142ek, wto\u00adrek i&nbsp;\u015bro\u00add\u0119 zapra\u00adsza\u00admy na rora\u00adty: o&nbsp;godz. 6.15 doro\u00ads\u0142ych, a&nbsp;o \u2026 <a href=\"https:\/\/www.parafia-czersk.pl\/?p=2181\">Czy\u00adtaj dalej <span class=\"meta-nav\">\u2192<\/span><\/a><\/p>\n","protected":false},"author":1,"featured_media":0,"comment_status":"closed","ping_status":"open","sticky":false,"template":"","format":"standard","meta":{"pagelayer_contact_templates":[],"_pagelayer_content":"","wp_typography_post_enhancements_disabled":false,"footnotes":""},"categories":[3],"tags":[],"class_list":["post-2181","post","type-post","status-publish","format-standard","hentry","category-ogloszenia"],"aioseo_notices":[],"_links":{"self":[{"href":"https:\/\/www.parafia-czersk.pl\/index.php?rest_route=\/wp\/v2\/posts\/2181","targetHints":{"allow":["GET"]}}],"collection":[{"href":"https:\/\/www.parafia-czersk.pl\/index.php?rest_route=\/wp\/v2\/posts"}],"about":[{"href":"https:\/\/www.parafia-czersk.pl\/index.php?rest_route=\/wp\/v2\/types\/post"}],"author":[{"embeddable":true,"href":"https:\/\/www.parafia-czersk.pl\/index.php?rest_route=\/wp\/v2\/users\/1"}],"replies":[{"embeddable":true,"href":"https:\/\/www.parafia-czersk.pl\/index.php?rest_route=%2Fwp%2Fv2%2Fcomments&post=2181"}],"version-history":[{"count":1,"href":"https:\/\/www.parafia-czersk.pl\/index.php?rest_route=\/wp\/v2\/posts\/2181\/revisions"}],"predecessor-version":[{"id":2182,"href":"https:\/\/www.parafia-czersk.pl\/index.php?rest_route=\/wp\/v2\/posts\/2181\/revisions\/2182"}],"wp:attachment":[{"href":"https:\/\/www.parafia-czersk.pl\/index.php?rest_route=%2Fwp%2Fv2%2Fmedia&parent=2181"}],"wp:term":[{"taxonomy":"category","embeddable":true,"href":"https:\/\/www.parafia-czersk.pl\/index.php?rest_route=%2Fwp%2Fv2%2Fcategories&post=2181"},{"taxonomy":"post_tag","embeddable":true,"href":"https:\/\/www.parafia-czersk.pl\/index.php?rest_route=%2Fwp%2Fv2%2Ftags&post=2181"}],"curies":[{"name":"wp","href":"https:\/\/api.w.org\/{rel}","templated":true}]}}