{"id":2183,"date":"2025-12-26T19:05:37","date_gmt":"2025-12-26T19:05:37","guid":{"rendered":"https:\/\/www.parafia-czersk.pl\/?p=2183"},"modified":"2025-12-26T19:08:06","modified_gmt":"2025-12-26T19:08:06","slug":"intencje-okres-bozego-narodzenia-3","status":"publish","type":"post","link":"https:\/\/www.parafia-czersk.pl\/?p=2183","title":{"rendered":"Intencje OKRES BO\u017bEGO NARODZENIA"},"content":{"rendered":"<table>\n<tbody>\n<tr>\n<td colspan=\"3\"><\/td>\n<\/tr>\n<tr>\n<td><strong>Data<\/strong><\/td>\n<td><strong>Godz.<\/strong><\/td>\n<td><strong>Inten\u00adcja<\/strong><\/td>\n<\/tr>\n<tr>\n<td><strong>Ponie\u00addzia\u00ad\u0142ek<\/strong><\/td>\n<td><strong>06:30<\/strong><\/td>\n<td>\u2020 Cze\u00ads\u0142a\u00adwa Palu\u00adszak z&nbsp;ok. ur.<\/td>\n<\/tr>\n<tr>\n<td><strong>29 grud\u00adnia<\/strong><\/td>\n<td><strong>06:30<\/strong><\/td>\n<td>O wype\u0142\u00adnie\u00adnie woli Bo\u017cej dla El\u017cbiety<\/td>\n<\/tr>\n<tr>\n<td><strong>&nbsp;<\/strong><\/td>\n<td><strong>08:45<\/strong><\/td>\n<td>\u2020 Hen\u00adryk Kuczy\u0144\u00adski w&nbsp;6. r.&nbsp;\u015bm.<\/td>\n<\/tr>\n<tr>\n<td><strong>&nbsp;<\/strong><\/td>\n<td><strong>08:45<\/strong><\/td>\n<td>\u2020 Rafa\u0142 Wil\u00adczew\u00adski w&nbsp;9. r.&nbsp;\u015bm.<\/td>\n<\/tr>\n<tr>\n<td><strong>&nbsp;<\/strong><\/td>\n<td><strong>08:45<\/strong><\/td>\n<td>\u2020 za dusze w&nbsp;czy\u015b\u0107\u00adcu cier\u00adpi\u0105\u00adce od Apo\u00adstol\u00adstwa Pomo\u00adcy Duszom Czy\u015b\u0107cowym<\/td>\n<\/tr>\n<tr>\n<td><strong>&nbsp;<\/strong><\/td>\n<td><strong>08:45<\/strong><\/td>\n<td>\u2020 Zdzi\u00ads\u0142a\u00adwa Ko\u0142at\u00adka\u2009\u2014\u2009greg.<\/td>\n<\/tr>\n<tr>\n<td><strong>Wto\u00adrek<\/strong><\/td>\n<td><strong>06:30<\/strong><\/td>\n<td>Z podz. za otrzy\u00adma\u00adne \u0142aski, z&nbsp;pro\u015b\u00adb\u0105 o&nbsp;Bo\u017ce b\u0142og., opie\u00adk\u0119 MB i&nbsp;Bo\u017ce pro\u00adwa\u00addze\u00adnie dla ca\u0142ej rodziny<\/td>\n<\/tr>\n<tr>\n<td><strong>30 grud\u00adnia<\/strong><\/td>\n<td><strong>08:45<\/strong><\/td>\n<td>\u2020 Ade\u00adla Sku\u00adczy\u0144\u00adska w&nbsp;30. dzie\u0144. po pogrzebie<\/td>\n<\/tr>\n<tr>\n<td><strong>&nbsp;<\/strong><\/td>\n<td><strong>08:45<\/strong><\/td>\n<td>\u2020 Jan Wrze\u00adsi\u0144\u00adski w&nbsp;r. \u015bm.<\/td>\n<\/tr>\n<tr>\n<td><strong>&nbsp;<\/strong><\/td>\n<td><strong>08:45<\/strong><\/td>\n<td>Z podz. za otrzy\u00adma\u00adne \u0142aski w&nbsp;minio\u00adnym roku, z&nbsp;pro\u015b\u00adb\u0105 o&nbsp;Bo\u017ce b\u0142og., opie\u00adk\u0119 MB i&nbsp;Bo\u017ce pro\u00adwa\u00addze\u00adnie na kolej\u00adny dla ca\u0142ej rodziny<\/td>\n<\/tr>\n<tr>\n<td><strong>&nbsp;<\/strong><\/td>\n<td><strong>08:45<\/strong><\/td>\n<td>\u2020 Zdzi\u00ads\u0142a\u00adwa Ko\u0142at\u00adka\u2009\u2014\u2009greg.<\/td>\n<\/tr>\n<tr>\n<td><strong>\u015aro\u00adda<\/strong><\/td>\n<td><strong>06:30<\/strong><\/td>\n<td>\u2020 Maria Rydzkowska<\/td>\n<\/tr>\n<tr>\n<td><strong>31 grud\u00adnia<\/strong><\/td>\n<td><strong>06:30<\/strong><\/td>\n<td>\u2020 za dusze w&nbsp;czy\u015b\u0107\u00adcu cierpi\u0105ce<\/td>\n<\/tr>\n<tr>\n<td><\/td>\n<td><strong>06:30<\/strong><\/td>\n<td>\u2020 Miro\u00ads\u0142aw Kaszu\u00adbow\u00adski w&nbsp;1. r.&nbsp;\u015bm.<\/td>\n<\/tr>\n<tr>\n<td><strong>&nbsp;<\/strong><\/td>\n<td><strong>08:45<\/strong><\/td>\n<td>Z podz. za otrzy\u00adma\u00adne \u0142aski w&nbsp;minio\u00adnym roku, z&nbsp;pro\u015b\u00adb\u0105 o&nbsp;Bo\u017ce b\u0142og., opie\u00adk\u0119 MB dla Bar\u00adba\u00adry i&nbsp;W\u0142o\u00addzi\u00admie\u00adrza na dal\u00adsze&nbsp;lata<\/td>\n<\/tr>\n<tr>\n<td><strong>&nbsp;<\/strong><\/td>\n<td><strong>08:45<\/strong><\/td>\n<td>\u2020 Tere\u00adsa Lesz\u00adczy\u0144\u00adska w&nbsp;30. dzie\u0144 po pogrzebie<\/td>\n<\/tr>\n<tr>\n<td><strong>&nbsp;<\/strong><\/td>\n<td><strong>08:45<\/strong><\/td>\n<td>\u2020 Bro\u00adni\u00ads\u0142aw Cza\u00adpiew\u00adski w&nbsp;13. r. \u015bm., Moni\u00adka Cza\u00adpiew\u00adska, Mar\u00adta Czer\u00adniak, J\u00f3zef Czer\u00adniak oraz Ana\u00adsta\u00adzja&nbsp;Lepak<\/td>\n<\/tr>\n<tr>\n<td><strong>&nbsp;<\/strong><\/td>\n<td><strong>08:45<\/strong><\/td>\n<td>\u2020 Zdzi\u00ads\u0142a\u00adwa Ko\u0142at\u00adka\u2009\u2014\u2009greg.<\/td>\n<\/tr>\n<tr>\n<td><strong>&nbsp;<\/strong><\/td>\n<td><strong>18:00<\/strong><\/td>\n<td>W inten\u00adcji Parafii<\/td>\n<\/tr>\n<tr>\n<td><strong>Czwar\u00adtek<\/strong><\/td>\n<td><strong>07:30<\/strong><\/td>\n<td>\u2020 Mie\u00adczy\u00ads\u0142aw Pob\u0142oc\u00adki w&nbsp;dn. im. oraz zm. z&nbsp;rodziny<\/td>\n<\/tr>\n<tr>\n<td><strong>1 stycz\u00adnia<\/strong><\/td>\n<td><strong>08:45<\/strong><\/td>\n<td>W inten\u00adcji parafii<\/td>\n<\/tr>\n<tr>\n<td><strong>&nbsp;<\/strong><\/td>\n<td><strong>08:45<\/strong><\/td>\n<td>W inten\u00adcji Apo\u00adstol\u00adstwa Dobrej \u015amier\u00adci za zmar\u00ad\u0142ych i&nbsp;za \u017cywych cz\u0142onk\u00f3w<\/td>\n<\/tr>\n<tr>\n<td><strong>&nbsp;<\/strong><\/td>\n<td><strong>10:00<\/strong><\/td>\n<td>\u2020 Zyg\u00admunt Paz\u00adda z&nbsp;ok. ur. oraz zm. rodzi\u00adce z&nbsp;ob. str.<\/td>\n<\/tr>\n<tr>\n<td><strong>&nbsp;<\/strong><\/td>\n<td><strong>11:00<\/strong><\/td>\n<td>\u2020 Kazi\u00admierz Gref\u00adka w&nbsp;dn. ur.<\/td>\n<\/tr>\n<tr>\n<td><strong>&nbsp;<\/strong><\/td>\n<td><strong>12:30<\/strong><\/td>\n<td>W inten\u00adcji Odno\u00adwy w&nbsp;Duchu \u015awi\u0119tym<\/td>\n<\/tr>\n<tr>\n<td><strong>&nbsp;<\/strong><\/td>\n<td><strong>12:30<\/strong><\/td>\n<td>\u2020 ks. Zbi\u00adgniew Stra\u00adszew\u00adski\u2009\u2014\u2009greg.<\/td>\n<\/tr>\n<tr>\n<td><strong>&nbsp;<\/strong><\/td>\n<td><strong>18:00<\/strong><\/td>\n<td>\u2020 Anna Pest\u00adka z&nbsp;ok. ur. i&nbsp;16. r. \u015bm. oraz m\u0105\u017c Zygfryd<\/td>\n<\/tr>\n<tr>\n<td><strong>Pi\u0105\u00adtek<\/strong><\/td>\n<td><strong>06:30<\/strong><\/td>\n<td>\u2020 Mie\u00adczy\u00ads\u0142aw Dora\u00adwa z&nbsp;ok. im.<\/td>\n<\/tr>\n<tr>\n<td><strong>2 stycz\u00adnia<\/strong><\/td>\n<td><strong>08:45<\/strong><\/td>\n<td>\u2020 Roman Szma\u00adgli\u0144\u00adski w&nbsp;30. dzie\u0144 po pogrzebie<\/td>\n<\/tr>\n<tr>\n<td><strong>&nbsp;<\/strong><\/td>\n<td><strong>08:45<\/strong><\/td>\n<td>W inten\u00adcji trze\u017awo\u015bci<\/td>\n<\/tr>\n<tr>\n<td><strong>&nbsp;<\/strong><\/td>\n<td><strong>08:45<\/strong><\/td>\n<td>\u2020 ks. Zbi\u00adgniew Stra\u00adszew\u00adski\u2009\u2014\u2009greg.<\/td>\n<\/tr>\n<tr>\n<td><strong>&nbsp;<\/strong><\/td>\n<td><strong>16:20<\/strong><\/td>\n<td>\u2020 Bar\u00adba\u00adra i&nbsp;ks. Fran\u00adci\u00adszek Sma\u00adgli\u0144\u00adscy oraz zm. z&nbsp;rodziny<\/td>\n<\/tr>\n<tr>\n<td><strong>&nbsp;<\/strong><\/td>\n<td><strong>18:00<\/strong><\/td>\n<td>\u2020 Lidia&nbsp;Wett<\/td>\n<\/tr>\n<tr>\n<td><strong>&nbsp;<\/strong><\/td>\n<td><strong>&nbsp;<\/strong><\/td>\n<td><\/td>\n<\/tr>\n<tr>\n<td><strong>Sobo\u00adta<\/strong><\/td>\n<td><strong>06:30<\/strong><\/td>\n<td>\u2020 Jani\u00adna \u0141an\u00adgow\u00adska w&nbsp;1. r.&nbsp;\u015bm.<\/td>\n<\/tr>\n<tr>\n<td><strong>3 stycz\u00adnia<\/strong><\/td>\n<td><strong>06:30<\/strong><\/td>\n<td>\u2020 Pawe\u0142 Kar\u00adczy\u0144\u00adski, Hali\u00adna oraz zm. rodzi\u00adce z&nbsp;ob. str.<\/td>\n<\/tr>\n<tr>\n<td><strong>&nbsp;<\/strong><\/td>\n<td><strong>08:45<\/strong><\/td>\n<td>W inten\u00adcji Rycer\u00adstwa Niepokalanej<\/td>\n<\/tr>\n<tr>\n<td><strong>&nbsp;<\/strong><\/td>\n<td><strong>08:45<\/strong><\/td>\n<td>\u2020 Miro\u00ads\u0142a\u00adwa Szcze\u00adpa\u0144\u00adska-Plisz\u00adka w&nbsp;30. dzie\u0144 po pogrzebie<\/td>\n<\/tr>\n<tr>\n<td><strong>&nbsp;<\/strong><\/td>\n<td><strong>08:45<\/strong><\/td>\n<td>\u2020 ks. Zbi\u00adgniew Stra\u00adszew\u00adski\u2009\u2014\u2009greg.<\/td>\n<\/tr>\n<tr>\n<td><strong>&nbsp;<\/strong><\/td>\n<td><strong>18:00<\/strong><\/td>\n<td>\u2020 J\u00f3zef Liter\u00adski w&nbsp;r. \u015bm. oraz zm. z&nbsp;rodzin Lom\u00adnitz, Liter\u00adskich i&nbsp;Ceynowa<\/td>\n<\/tr>\n<tr>\n<td><strong>Nie\u00addzie\u00adla<\/strong><\/td>\n<td><strong>06:30<\/strong><\/td>\n<td>\u2020 Rose Bilek, c\u00f3r\u00adka Susan, Bet\u00adty Bon\u00adsu oraz dusze w&nbsp;czy\u015b\u0107\u00adcu cierpi\u0105ce<\/td>\n<\/tr>\n<tr>\n<td><strong>4 stycz\u00adnia<\/strong><\/td>\n<td><strong>07:30<\/strong><\/td>\n<td>\u2020 Ber\u00adnard Fry\u00admark z&nbsp;ok. ur.<\/td>\n<\/tr>\n<tr>\n<td><strong>&nbsp;<\/strong><\/td>\n<td><strong>08:45<\/strong><\/td>\n<td>W \u017bywe\u00adgo R\u00f3\u017ca\u0144ca<\/td>\n<\/tr>\n<tr>\n<td><strong>&nbsp;<\/strong><\/td>\n<td><strong>10:00<\/strong><\/td>\n<td>\u2020 Gerard Glisz\u00adczy\u0144\u00adski w&nbsp;40. r. \u015bm. oraz zm. rodzi\u00adce Fran\u00adci\u00adszek i&nbsp;Marianna<\/td>\n<\/tr>\n<tr>\n<td><strong>&nbsp;<\/strong><\/td>\n<td><strong>11:00<\/strong><\/td>\n<td>\u2020 Domi\u00adnik Ja\u017cd\u017cewski<\/td>\n<\/tr>\n<tr>\n<td><strong>&nbsp;<\/strong><\/td>\n<td><strong>12:30<\/strong><\/td>\n<td>\u2020 Ste\u00adfan, Anna i&nbsp;Sta\u00adni\u00ads\u0142aw Plichta<\/td>\n<\/tr>\n<tr>\n<td><strong>&nbsp;<\/strong><\/td>\n<td><strong>12:30<\/strong><\/td>\n<td>\u2020 ks. Zbi\u00adgniew Stra\u00adszew\u00adski\u2009\u2014\u2009greg.<\/td>\n<\/tr>\n<tr>\n<td><strong>&nbsp;<\/strong><\/td>\n<td><strong>18:00<\/strong><\/td>\n<td>\u2020 W\u0142a\u00addy\u00ads\u0142aw Stat\u00adkie\u00adwicz w&nbsp;5. r. \u015bm., \u017cona Zofia oraz syn Andrzej<\/td>\n<\/tr>\n<\/tbody>\n<\/table>\n","protected":false},"excerpt":{"rendered":"<p>Data Godz. Inten\u00adcja Ponie\u00addzia\u00ad\u0142ek 06:30 \u2020 Cze\u00ads\u0142a\u00adwa Palu\u00adszak z&nbsp;ok. ur. 29 grud\u00adnia 06:30 O&nbsp;wype\u0142\u00adnie\u00adnie woli Bo\u017cej dla El\u017c\u00adbie\u00adty &nbsp; 08:45 \u2020 Hen\u00adryk Kuczy\u0144\u00adski w&nbsp;6. r.&nbsp;\u015bm. &nbsp; 08:45 \u2020 Rafa\u0142 Wil\u00adczew\u00adski w&nbsp;9. r.&nbsp;\u015bm. &nbsp; 08:45 \u2020 za dusze w&nbsp;czy\u015b\u0107\u00adcu cier\u00adpi\u0105\u00adce \u2026 <a href=\"https:\/\/www.parafia-czersk.pl\/?p=2183\">Czy\u00adtaj dalej <span class=\"meta-nav\">\u2192<\/span><\/a><\/p>\n","protected":false},"author":1,"featured_media":0,"comment_status":"closed","ping_status":"open","sticky":false,"template":"","format":"standard","meta":{"pagelayer_contact_templates":[],"_pagelayer_content":"","wp_typography_post_enhancements_disabled":false,"footnotes":""},"categories":[2],"tags":[],"class_list":["post-2183","post","type-post","status-publish","format-standard","hentry","category-intencje"],"aioseo_notices":[],"_links":{"self":[{"href":"https:\/\/www.parafia-czersk.pl\/index.php?rest_route=\/wp\/v2\/posts\/2183","targetHints":{"allow":["GET"]}}],"collection":[{"href":"https:\/\/www.parafia-czersk.pl\/index.php?rest_route=\/wp\/v2\/posts"}],"about":[{"href":"https:\/\/www.parafia-czersk.pl\/index.php?rest_route=\/wp\/v2\/types\/post"}],"author":[{"embeddable":true,"href":"https:\/\/www.parafia-czersk.pl\/index.php?rest_route=\/wp\/v2\/users\/1"}],"replies":[{"embeddable":true,"href":"https:\/\/www.parafia-czersk.pl\/index.php?rest_route=%2Fwp%2Fv2%2Fcomments&post=2183"}],"version-history":[{"count":2,"href":"https:\/\/www.parafia-czersk.pl\/index.php?rest_route=\/wp\/v2\/posts\/2183\/revisions"}],"predecessor-version":[{"id":2185,"href":"https:\/\/www.parafia-czersk.pl\/index.php?rest_route=\/wp\/v2\/posts\/2183\/revisions\/2185"}],"wp:attachment":[{"href":"https:\/\/www.parafia-czersk.pl\/index.php?rest_route=%2Fwp%2Fv2%2Fmedia&parent=2183"}],"wp:term":[{"taxonomy":"category","embeddable":true,"href":"https:\/\/www.parafia-czersk.pl\/index.php?rest_route=%2Fwp%2Fv2%2Fcategories&post=2183"},{"taxonomy":"post_tag","embeddable":true,"href":"https:\/\/www.parafia-czersk.pl\/index.php?rest_route=%2Fwp%2Fv2%2Ftags&post=2183"}],"curies":[{"name":"wp","href":"https:\/\/api.w.org\/{rel}","templated":true}]}}