{"id":2196,"date":"2026-01-07T17:32:40","date_gmt":"2026-01-07T17:32:40","guid":{"rendered":"https:\/\/www.parafia-czersk.pl\/?p=2196"},"modified":"2026-01-07T17:32:40","modified_gmt":"2026-01-07T17:32:40","slug":"ogloszenia-parafialne-ii-niedziela-po-narodzeniu-panskim-04-01-2026r","status":"publish","type":"post","link":"https:\/\/www.parafia-czersk.pl\/?p=2196","title":{"rendered":"Og\u0142oszenia parafialne  II Niedziela po Narodzeniu Pa\u0144skim  04.01.2026r."},"content":{"rendered":"<p align=\"justify\"><span style=\"font-size: 14pt;\"><b>1.<\/b> We wto\u00adrek uro\u00adczy\u00adsto\u015b\u0107 Obja\u00adwie\u00adnia Pa\u0144\u00adskie\u00adgo \u2013 Trzech Kr\u00f3\u00adli. <span style=\"color: #000000;\">Msze \u015bwi\u0119\u00adte b\u0119d\u0105 wed\u0142ug porz\u0105d\u00adku nie\u00addziel\u00adne\u00adgo. O&nbsp;godz. 13.20 sprzed ko\u015bcio\u00ad\u0142a wyru\u00adszy <\/span><\/span><span style=\"color: #ee0000;\"><span style=\"font-size: large;\">Orszak Trzech Kr\u00f3\u00adli<\/span><\/span><span style=\"color: #000000;\"><span style=\"font-size: large;\">. Po dro\u00addze na hal\u0119 im. Roma\u00adna Bru\u00adskie\u00adgo obej\u00adrzy\u00admy przy\u00adgo\u00adto\u00adwa\u00adne insce\u00adni\u00adza\u00adcje, a&nbsp;zwie\u0144\u00adcze\u00adniem wyda\u00adrze\u00adnia b\u0119dzie kon\u00adcert zespo\u00ad\u0142u Totus Tuus z&nbsp;Tcze\u00adwa. Dzie\u00adci zach\u0119\u00adca\u00admy do prze\u00adbra\u00adnia si\u0119 za anio\u0142\u00adki i&nbsp;pastusz\u00adk\u00f3w. Zapra\u00adsza\u00admy wszyst\u00adkich do udzia\u0142u.&nbsp;<\/span><\/span><\/p>\n<p align=\"justify\"><span style=\"color: #000000;\"><span style=\"font-size: large;\"><b>2.<\/b><\/span><\/span><span style=\"color: #000000;\"><span style=\"font-size: large;\"> Pod\u00adczas dzi\u00adsiej\u00adszych Mszy \u015bwi\u0119\u00adtych go\u015bci\u00admy <\/span><\/span><span style=\"color: #ee0000;\"><span style=\"font-size: large;\">kol\u0119d\u00adni\u00adk\u00f3w misyj\u00adnych<\/span><\/span><span style=\"color: #000000;\"><span style=\"font-size: large;\">, kt\u00f3\u00adrzy zbie\u00adra\u00adj\u0105 ofia\u00adry na pomoc dzie\u00adciom ze Sri Lan\u00adki. Zach\u0119\u00adca\u00admy do wsparcia.<\/span><\/span><\/p>\n<p align=\"justify\"><span style=\"color: #000000;\"><span style=\"font-size: large;\"><b>3.<\/b><\/span><\/span><span style=\"color: #000000;\"><span style=\"font-size: large;\"> Kolek\u00adta przy\u00adsz\u0142ej nie\u00addzie\u00adli prze\u00adzna\u00adczo\u00adna b\u0119dzie na nasze <\/span><\/span><span style=\"color: #ee0000;\"><span style=\"font-size: large;\">pra\u00adce para\u00adfial\u00adne<\/span><\/span><span style=\"color: #000000;\"><span style=\"font-size: large;\">. <\/span><\/span><\/p>\n<p align=\"justify\"><span style=\"color: #000000;\"><span style=\"font-size: large;\"><b>4.<\/b><\/span><\/span><span style=\"color: #000000;\"><span style=\"font-size: large;\"> Mo\u017c\u00adna dzi\u00adsiaj naby\u0107 nowy numer <\/span><\/span><span style=\"color: #ee0000;\"><span style=\"font-size: large;\">Piel\u00adgrzy\u00adma<\/span><\/span><span style=\"color: #000000;\"><span style=\"font-size: large;\">.<\/span><\/span><\/p>\n<p align=\"justify\"><span style=\"color: #000000;\"><span style=\"font-size: large;\"><b>5.<\/b><\/span><\/span><span style=\"color: #000000;\"><span style=\"font-size: large;\"> Trwa\u00adj\u0105 odwie\u00addzi\u00adny dusz\u00adpa\u00adster\u00adskie \u2013 <\/span><\/span><span style=\"color: #ee0000;\"><span style=\"font-size: large;\">kol\u0119\u00addy<\/span><\/span><span style=\"color: #000000;\"><span style=\"font-size: large;\">. Bar\u00addzo dzi\u0119\u00adku\u00adje\u00admy wszyst\u00adkim przyj\u00admu\u00adj\u0105\u00adcym ksi\u0119\u00ad\u017cy i&nbsp;za dobr\u0105 atmos\u00adfe\u00adr\u0119 tych spo\u00adtka\u0144. Bar\u00addzo pro\u00adsi\u00admy o&nbsp;pod\u00adwo\u00ad\u017ce\u00adnie kol\u0119duj\u0105cych.<\/span><\/span><\/p>\n<p align=\"justify\"><span style=\"color: #000000;\"><span style=\"font-size: large;\"><b>6.<\/b><\/span><\/span> <span style=\"color: #ee0000;\"><span style=\"font-size: large;\">Biu\u00adro<\/span><\/span> <span style=\"color: #ee0000;\"><span style=\"font-size: large;\">para\u00adfial\u00adne<\/span><\/span><span style=\"color: #000000;\"><span style=\"font-size: large;\"> w&nbsp;okre\u00adsie kol\u0119\u00addo\u00adwym czyn\u00adne w&nbsp;\u015bro\u00addy i&nbsp;sobo\u00adty od 10.00 do 11.00. Spra\u00adwy pil\u00adne pro\u00adsi\u00admy zg\u0142a\u00adsza\u0107 telefonicznie.&nbsp;<\/span><\/span><\/p>\n<p align=\"justify\"><span style=\"color: #000000;\"><span style=\"font-size: large;\"><b>7.<\/b><\/span><\/span><span style=\"color: #000000;\"><span style=\"font-size: large;\"> 10 stycz\u00adnia w&nbsp;Czer\u00adsku odb\u0119\u00addzie si\u0119 kon\u00adcert kol\u0119d <\/span><\/span><span style=\"color: #ee0000;\"><span style=\"font-size: large;\">zespo\u00ad\u0142u Pec\u00adtus<\/span><\/span><span style=\"color: #000000;\"><span style=\"font-size: large;\">. Bur\u00admistrz Czer\u00adska Daniel Szpr\u0119\u00adga ser\u00addecz\u00adnie zapra\u00adsza. Bile\u00adty mo\u017c\u00adna naby\u0107 w&nbsp;Gmin\u00adnym Cen\u00adtrum Kultury.&nbsp;<\/span><\/span><\/p>\n<p align=\"justify\"><span style=\"color: #000000;\"><span style=\"font-size: large;\"><b>8.<\/b><\/span><\/span><span style=\"color: #000000;\"><span style=\"font-size: large;\"> Zapra\u00adsza\u00admy na <\/span><\/span><span style=\"color: #ee0000;\"><span style=\"font-size: large;\">Ado\u00adra\u00adcje Naj\u00ad\u015bwi\u0119t\u00adsze\u00adgo Sakra\u00admen\u00adtu<\/span><\/span><span style=\"color: #000000;\"><span style=\"font-size: large;\">: w&nbsp;\u015bro\u00add\u0119 od 20.00 do 21.00, w&nbsp;pi\u0105\u00adtek od 18.45 do 19.30 przy\u00adgo\u00adto\u00adwa\u00adn\u0105 o&nbsp;pro\u00adwa\u00addzo\u00adn\u0105 przez m\u0142o\u00addzie\u017c z&nbsp;KSM, w&nbsp;sobo\u00adt\u0119 od 8.00 do 8.45.<\/span><\/span><\/p>\n<p align=\"justify\"><span style=\"color: #000000;\"><span style=\"font-size: large;\"><b>9.<\/b><\/span><\/span><span style=\"color: #000000;\"><span style=\"font-size: large;\"> Msze \u015bwi\u0119te:<\/span><\/span><\/p>\n<p style=\"padding-left: 40px;\" align=\"justify\"><span style=\"color: #000000;\"><span style=\"font-size: large;\">- w&nbsp;30. dzie\u0144 po pogrzebie:<\/span><\/span><\/p>\n<p style=\"padding-left: 40px;\" align=\"justify\"><span style=\"color: #000000;\"> <span style=\"font-size: large;\">za \u015bp. Kry\u00adsty\u00adn\u0119 Ort\u00admann w&nbsp;ponie\u00addzia\u00ad\u0142ek o&nbsp;godz. 8.45<\/span><\/span><\/p>\n<p style=\"padding-left: 40px;\" align=\"justify\"><span style=\"color: #000000;\"> <span style=\"font-size: large;\">za \u015bp. Mari\u0119 Gor\u00adno\u00adwicz w&nbsp;\u015bro\u00add\u0119 o&nbsp;godz. 8.45<\/span><\/span><\/p>\n<p style=\"padding-left: 40px;\" align=\"justify\"><span style=\"color: #000000;\"> <span style=\"font-size: large;\">za \u015bp. Medar\u00adda Do\u0144\u00adczyk w&nbsp;pi\u0105\u00adtek o&nbsp;godz. 8.45<\/span><\/span><\/p>\n<p style=\"padding-left: 40px;\" align=\"justify\"><span style=\"color: #000000;\"> <span style=\"font-size: large;\">za \u015bp. ks. Zbi\u00adgnie\u00adwa Stra\u00adszew\u00adskie\u00adgo w&nbsp;nie\u00addzie\u00adl\u0119 o&nbsp;godz. 8.45&nbsp;(dodat\u00adko\u00adwo codzien\u00adnie Msza \u015bw. gre\u00adgo\u00adria\u0144\u00adska o&nbsp;godz. 8.45 oraz w&nbsp;nie\u00addzie\u00adl\u0119 o&nbsp;18.00)<\/span><\/span><\/p>\n<p style=\"padding-left: 40px;\" align=\"justify\"><span style=\"color: #000000;\"><span style=\"font-size: large;\">- w&nbsp;1. r. \u015bmierci:<\/span><\/span><\/p>\n<p style=\"padding-left: 40px;\" align=\"justify\"><span style=\"color: #000000;\"><span style=\"font-size: large;\">za \u015bp. Sta\u00adni\u00ads\u0142a\u00adwa Peplin\u00adskie\u00adgo we wto\u00adrek o&nbsp;godz. 18.00<\/span><\/span><\/p>\n<p style=\"padding-left: 40px;\" align=\"justify\"><span style=\"color: #000000;\"><span style=\"font-size: large;\">- Msza \u015bw. w&nbsp;inten\u00adcji Para\u00adfii we wto\u00adrek i&nbsp;w nie\u00addzie\u00adl\u0119 o&nbsp;godz. 8.45&nbsp;<\/span><\/span><\/p>\n<p style=\"padding-left: 40px;\" align=\"justify\"><span style=\"color: #000000;\"><span style=\"font-size: large;\">- Msza \u015bw. wyna\u00adgra\u00addza\u00adj\u0105\u00adca za pro\u00adfa\u00adna\u00adcje Naj\u00ad\u015bwi\u0119t\u00adsze\u00adgo Sakra\u00admen\u00adtu w&nbsp;\u015bro\u00add\u0119 o&nbsp;godz. 8.45<\/span><\/span><\/p>\n<p align=\"justify\"><span style=\"color: #000000;\"><span style=\"font-size: large;\"><b>10.<\/b><\/span><\/span><span style=\"color: #000000;\"><span style=\"font-size: large;\"> Ostat\u00adnio z&nbsp;naszej wsp\u00f3l\u00adno\u00adty para\u00adfial\u00adnej ode\u00adszli do wieczno\u015bci:<\/span><\/span><\/p>\n<p style=\"padding-left: 40px;\" align=\"justify\"><span style=\"color: #000000;\"><span style=\"font-size: large;\">\u015bp. Euge\u00adnia Rekow\u00adska l. 78 zam. Z\u0142otowo<\/span><\/span><\/p>\n<p style=\"padding-left: 40px;\" align=\"justify\"><span style=\"color: #000000;\"><span style=\"font-size: large;\">\u015bp. Leon Gon\u00addek l. 77 zam. Hallera<\/span><\/span><\/p>\n<p style=\"padding-left: 40px;\" align=\"justify\"><span style=\"color: #000000;\"><span style=\"font-size: large;\">\u015bp. Agniesz\u00adka Gla\u00adner l. 84 zam. Koszary<\/span><\/span><\/p>\n<p style=\"padding-left: 40px;\" align=\"justify\"><span style=\"color: #000000;\"><span style=\"font-size: large;\">\u015bp. Kry\u00adsty\u00adna Sikor\u00adska l. 82 zam. ul. Sta\u00adro\u00adgardz\u00adka, pogrzeb w&nbsp;ponie\u00addzia\u00ad\u0142ek o&nbsp;godz. 10.30<\/span><\/span><\/p>\n<p style=\"padding-left: 40px;\" align=\"justify\"><span style=\"color: #000000;\"><span style=\"font-size: large;\">\u015bp. Miro\u00ads\u0142aw Lip\u00adski, zam. Ul. Bato\u00adre\u00adgo, pogrzeb w&nbsp;\u015bro\u00add\u0119 o&nbsp;11.00 w&nbsp;Szlachcie.&nbsp;<\/span><\/span><\/p>\n<p align=\"justify\"><span style=\"color: #000000;\"><span style=\"font-size: large;\"><i>Wiecz\u00adny odpo\u00adczy\u00adnek racz Im da\u0107&nbsp;Panie\u2026<\/i><\/span><\/span><\/p>\n<p align=\"center\"><span style=\"color: #ee0000;\"><span style=\"font-size: x-large;\"><b>Plan kol\u0119d na nad\u00adcho\u00addz\u0105\u00adcy tydzie\u0144<\/b><\/span><\/span><\/p>\n<p align=\"justify\"><strong><span style=\"color: #000000;\"><span style=\"font-size: large;\">Ponie\u00addzia\u00ad\u0142ek<\/span><\/span><span style=\"color: #000000;\"><span style=\"font-size: large;\"> 5&nbsp;stycz\u00adnia od 14.30<\/span><\/span><\/strong><\/p>\n<p align=\"justify\"><span style=\"color: #000000;\"><span style=\"font-size: large;\">1. Spor\u00adto\u00adwa od ko\u0144\u00adca, Roga\u0144\u00adskie\u00adgo, Szczepa\u0144skiego<\/span><\/span><\/p>\n<p align=\"justify\"><span style=\"color: #000000;\"><span style=\"font-size: large;\">2. Pod\u00adg\u00f3r\u00adna od ko\u0144\u00adca, Okr\u0119\u017c\u00adna na koniec Win\u00adcen\u00adte\u00adgo&nbsp;Pola<\/span><\/span><\/p>\n<p align=\"justify\"><strong><span style=\"color: #ff0000;\"><span style=\"font-size: large;\">Wto\u00adrek<\/span><span style=\"font-size: large;\"> 6&nbsp;stycz\u00adnia Nie kol\u0119dujemy<\/span><\/span><\/strong><\/p>\n<p align=\"justify\"><strong><span style=\"color: #000000;\"><span style=\"font-size: large;\">\u015aro\u00adda<\/span><\/span><span style=\"color: #000000;\"><span style=\"font-size: large;\"> 7&nbsp;stycz\u00adnia od 14.30<\/span><\/span><\/strong><\/p>\n<p align=\"justify\"><span style=\"color: #000000;\"><span style=\"font-size: large;\">1. Choj\u00adnic\u00adka od pocz\u0105t\u00adku obie strony<\/span><\/span><\/p>\n<p align=\"justify\"><span style=\"color: #000000;\"><span style=\"font-size: large;\">2. Choj\u00adnic\u00adka od ko\u0144\u00adca nieparzyste<\/span><\/span><\/p>\n<p align=\"justify\"><span style=\"color: #000000;\"><span style=\"font-size: large;\">3. Choj\u00adnic\u00adka parzy\u00adste od&nbsp;ko\u0144ca<\/span><\/span><\/p>\n<p align=\"justify\"><span style=\"color: #000000;\"><span style=\"font-size: large;\">4. Jod\u0142o\u00adwa i&nbsp;Kosobudzka<\/span><\/span><\/p>\n<p align=\"justify\"><strong><span style=\"color: #000000;\"><span style=\"font-size: large;\">Czwar\u00adtek<\/span><\/span><span style=\"color: #000000;\"><span style=\"font-size: large;\"> 8&nbsp;stycz\u00adnia od 15.30<\/span><\/span><\/strong><\/p>\n<p align=\"justify\"><span style=\"color: #000000;\"><span style=\"font-size: large;\">Ander\u00adsa (4 kap\u0142an\u00f3w)<\/span><\/span><\/p>\n<p align=\"justify\"><strong><span style=\"color: #000000;\"><span style=\"font-size: large;\">Pi\u0105\u00adtek <\/span><\/span><span style=\"color: #000000;\"><span style=\"font-size: large;\">9&nbsp;stycz\u00adnia od 14.30<\/span><\/span><\/strong><\/p>\n<p align=\"justify\"><span style=\"color: #000000;\"><span style=\"font-size: large;\">1. Z\u0142o\u00adto\u00adwo: Aka\u00adcjo\u00adwa, Gajo\u00adwa, Wyb. pod Stru\u00adg\u0119, Ksi\u0119\u00ad\u017cy\u00adco\u00adwa, Przy\u00adrod\u00adni\u00adcza, (nowe&nbsp;ulice)<\/span><\/span><\/p>\n<p align=\"justify\"><span style=\"color: #000000;\"><span style=\"font-size: large;\">2. Ustro\u00adnie, Buko\u00adwa, Szyszkowa<\/span><\/span><\/p>\n<p align=\"justify\"><span style=\"color: #000000;\"><span style=\"font-size: large;\">3. \u015ali\u00adwic\u00adka od pocz\u0105tku<\/span><\/span><\/p>\n<p align=\"justify\"><span style=\"color: #000000;\"><span style=\"font-size: large;\">4. Z\u0142o\u00adtow\u00adska<\/span><\/span><\/p>\n<p align=\"justify\"><strong><span style=\"color: #000000;\"><span style=\"font-size: large;\">Sobo\u00adta<\/span><\/span><span style=\"color: #000000;\"><span style=\"font-size: large;\"> 10 stycz\u00adnia od 11.00<\/span><\/span><\/strong><\/p>\n<p align=\"justify\"><span style=\"color: #000000;\"><span style=\"font-size: large;\">1. Guto\u00adwiec: Le\u015bna, Czer\u00adska (lewa), Szkolna<\/span><\/span><\/p>\n<p align=\"justify\"><span style=\"color: #000000;\"><span style=\"font-size: large;\">2. Guto\u00adwiec: Kr\u0119\u00adta, Wybu\u00addo\u00adwa\u00adnie, Czer\u00adska (pra\u00adwa),<\/span><\/span><\/p>\n<p align=\"justify\"><span style=\"color: #000000;\"><span style=\"font-size: large;\">Kr\u00f3t\u00adka, Boro\u00adwi\u00adko\u00adwa, Osiedlowa<\/span><\/span><\/p>\n<p align=\"justify\"><span style=\"color: #000000;\"><span style=\"font-size: large;\">3. Guto\u00adwiec: Dwor\u00adco\u00adwa, Jatowska<\/span><\/span><\/p>\n<p align=\"justify\"><span style=\"color: #000000;\"><span style=\"font-size: large;\">4. Kur\u00adko\u00adwo (od 11.00)<\/span><\/span><\/p>\n<p align=\"justify\"><strong><span style=\"color: #000000;\"><span style=\"font-size: large;\">Nie\u00addzie\u00adla <\/span><\/span><span style=\"color: #000000;\"><span style=\"font-size: large;\">11 stycz\u00adnia od 14.00<\/span><\/span><\/strong><\/p>\n<p align=\"justify\"><span style=\"color: #000000;\"><span style=\"font-size: large;\">1. Pomor\u00adska domy od ko\u0144\u00adca potem Zbo\u017cowa<\/span><\/span><\/p>\n<p align=\"justify\"><span style=\"color: #000000;\"><span style=\"font-size: large;\">2. Pomor\u00adska&nbsp;bloki<\/span><\/span><\/p>\n<p align=\"justify\"><span style=\"color: #000000;\"><span style=\"font-size: large;\">3. Cmen\u00adtar\u00adna potem Kaszubska<\/span><\/span><\/p>\n<p align=\"justify\"><span style=\"color: #000000;\"><span style=\"font-size: large;\">4. Kali\u00adnow\u00adskie\u00adgo potem Wic\u00adka Rogali<\/span><\/span><\/p>\n<p align=\"justify\">\n<\/p><p align=\"justify\">\n<\/p>","protected":false},"excerpt":{"rendered":"<p>1. We wto\u00adrek uro\u00adczy\u00adsto\u015b\u0107 Obja\u00adwie\u00adnia Pa\u0144\u00adskie\u00adgo \u2013 Trzech Kr\u00f3\u00adli. Msze \u015bwi\u0119\u00adte b\u0119d\u0105 wed\u0142ug porz\u0105d\u00adku nie\u00addziel\u00adne\u00adgo. O&nbsp;godz. 13.20 sprzed ko\u015bcio\u00ad\u0142a wyru\u00adszy Orszak Trzech Kr\u00f3\u00adli. Po dro\u00addze na hal\u0119 im. Roma\u00adna Bru\u00adskie\u00adgo obej\u00adrzy\u00admy przy\u00adgo\u00adto\u00adwa\u00adne insce\u00adni\u00adza\u00adcje, a&nbsp;zwie\u0144\u00adcze\u00adniem wyda\u00adrze\u00adnia b\u0119dzie kon\u00adcert zespo\u00ad\u0142u Totus Tuus \u2026 <a href=\"https:\/\/www.parafia-czersk.pl\/?p=2196\">Czy\u00adtaj dalej <span class=\"meta-nav\">\u2192<\/span><\/a><\/p>\n","protected":false},"author":1,"featured_media":0,"comment_status":"closed","ping_status":"open","sticky":false,"template":"","format":"standard","meta":{"pagelayer_contact_templates":[],"_pagelayer_content":"","wp_typography_post_enhancements_disabled":false,"footnotes":""},"categories":[3],"tags":[],"class_list":["post-2196","post","type-post","status-publish","format-standard","hentry","category-ogloszenia"],"aioseo_notices":[],"_links":{"self":[{"href":"https:\/\/www.parafia-czersk.pl\/index.php?rest_route=\/wp\/v2\/posts\/2196","targetHints":{"allow":["GET"]}}],"collection":[{"href":"https:\/\/www.parafia-czersk.pl\/index.php?rest_route=\/wp\/v2\/posts"}],"about":[{"href":"https:\/\/www.parafia-czersk.pl\/index.php?rest_route=\/wp\/v2\/types\/post"}],"author":[{"embeddable":true,"href":"https:\/\/www.parafia-czersk.pl\/index.php?rest_route=\/wp\/v2\/users\/1"}],"replies":[{"embeddable":true,"href":"https:\/\/www.parafia-czersk.pl\/index.php?rest_route=%2Fwp%2Fv2%2Fcomments&post=2196"}],"version-history":[{"count":1,"href":"https:\/\/www.parafia-czersk.pl\/index.php?rest_route=\/wp\/v2\/posts\/2196\/revisions"}],"predecessor-version":[{"id":2197,"href":"https:\/\/www.parafia-czersk.pl\/index.php?rest_route=\/wp\/v2\/posts\/2196\/revisions\/2197"}],"wp:attachment":[{"href":"https:\/\/www.parafia-czersk.pl\/index.php?rest_route=%2Fwp%2Fv2%2Fmedia&parent=2196"}],"wp:term":[{"taxonomy":"category","embeddable":true,"href":"https:\/\/www.parafia-czersk.pl\/index.php?rest_route=%2Fwp%2Fv2%2Fcategories&post=2196"},{"taxonomy":"post_tag","embeddable":true,"href":"https:\/\/www.parafia-czersk.pl\/index.php?rest_route=%2Fwp%2Fv2%2Ftags&post=2196"}],"curies":[{"name":"wp","href":"https:\/\/api.w.org\/{rel}","templated":true}]}}