{"id":2293,"date":"2026-04-18T09:16:13","date_gmt":"2026-04-18T09:16:13","guid":{"rendered":"https:\/\/www.parafia-czersk.pl\/?p=2293"},"modified":"2026-04-18T09:16:13","modified_gmt":"2026-04-18T09:16:13","slug":"intencje-3-tydzien-wielkanocy","status":"publish","type":"post","link":"https:\/\/www.parafia-czersk.pl\/?p=2293","title":{"rendered":"INTENCJE 3. TYDZIE\u0143 WIELKANOCY"},"content":{"rendered":"<table>\n<tbody>\n<tr>\n<td colspan=\"3\"><\/td>\n<\/tr>\n<tr>\n<td><strong>Data<\/strong><\/td>\n<td><strong>Godz.<\/strong><\/td>\n<td><strong>Inten\u00adcja<\/strong><\/td>\n<\/tr>\n<tr>\n<td><strong>&nbsp;<\/strong><\/td>\n<td><strong>06:30<\/strong><\/td>\n<td>\u2020 Mie\u00adczy\u00ads\u0142aw Bra\u0144\u00adka w&nbsp;7. r.&nbsp;\u015bm.<\/td>\n<\/tr>\n<tr>\n<td><strong>&nbsp;<\/strong><\/td>\n<td><strong>06:30<\/strong><\/td>\n<td>\u2020 Zofia z&nbsp;ok. ur. oraz Leonard Miszewscy<\/td>\n<\/tr>\n<tr>\n<td><strong>Ponie\u00addzia\u00ad\u0142ek<\/strong><\/td>\n<td><strong>08:45<\/strong><\/td>\n<td>\u2020 Wan\u00adda Zakrzew\u00adska w&nbsp;10. r. \u015bm. i&nbsp;z ok.&nbsp;ur.<\/td>\n<\/tr>\n<tr>\n<td><strong>20 kwiet\u00adnia<\/strong><\/td>\n<td><strong>08:45<\/strong><\/td>\n<td>\u2020 Urszu\u00adla Krai\u0144ska<\/td>\n<\/tr>\n<tr>\n<td><strong>&nbsp;<\/strong><\/td>\n<td><strong>08:45<\/strong><\/td>\n<td>\u2020 Leon Krzo\u00adska\u2009\u2014\u2009greg.<\/td>\n<\/tr>\n<tr>\n<td><strong>&nbsp;<\/strong><\/td>\n<td><strong>18:00<\/strong><\/td>\n<td>\u2020 Adam Wr\u00f3\u00adblew\u00adski w&nbsp;3. r.&nbsp;\u015bm.<\/td>\n<\/tr>\n<tr>\n<td><strong>&nbsp;<\/strong><\/td>\n<td><strong>18:00<\/strong><\/td>\n<td>\u2020 Tade\u00adusz Muszak w&nbsp;30. dzie\u0144 po pogrzebie<\/td>\n<\/tr>\n<tr>\n<td><strong>&nbsp;<\/strong><\/td>\n<td><strong>06:30<\/strong><\/td>\n<td>\u2020 Prak\u00adse\u00adda Tro\u00adcha oraz m\u0105\u017c&nbsp;Jan<\/td>\n<\/tr>\n<tr>\n<td><strong>&nbsp;<\/strong><\/td>\n<td><strong>06:30<\/strong><\/td>\n<td>\u2020 S\u0142a\u00adwo\u00admir Klun\u00adder z&nbsp;ok. ur.<\/td>\n<\/tr>\n<tr>\n<td><strong>Wto\u00adrek<\/strong><\/td>\n<td><strong>08:45<\/strong><\/td>\n<td>\u2020 W\u0142a\u00addy\u00ads\u0142a\u00adwa, Fran\u00adci\u00adszek Lor\u00adbiec\u00adcy, zm. rodzi\u00adce i&nbsp;rodze\u0144\u00adstwo z&nbsp;ob. str., Romu\u00adald Bonin, Jan Rekow\u00adski oraz Jadwi\u00adga Czapiewska<\/td>\n<\/tr>\n<tr>\n<td><strong>21 kwiet\u00adnia<\/strong><\/td>\n<td><strong>08:45<\/strong><\/td>\n<td>\u2020 Leon Krzo\u00adska\u2009\u2014\u2009greg.<\/td>\n<\/tr>\n<tr>\n<td><strong>&nbsp;<\/strong><\/td>\n<td><strong>18:00<\/strong><\/td>\n<td>\u2020 Mar\u00adce\u00adli Weresz\u00adczy\u0144\u00adski w&nbsp;35. r. \u015bm., \u017cona Genowefa<\/td>\n<\/tr>\n<tr>\n<td><strong>&nbsp;<\/strong><\/td>\n<td><strong>18:00<\/strong><\/td>\n<td>\u2020 Jaro\u00ads\u0142aw Jachi\u00admo\u00adwicz w&nbsp;30. dzie\u0144 po pogrzebie<\/td>\n<\/tr>\n<tr>\n<td><strong>&nbsp;<\/strong><\/td>\n<td><strong>06:30<\/strong><\/td>\n<td>\u2020 Mar\u00adta Woj\u00adda\u00adnow\u00adska oraz zm. z&nbsp;rodziny<\/td>\n<\/tr>\n<tr>\n<td><strong>&nbsp;<\/strong><\/td>\n<td><strong>06:30<\/strong><\/td>\n<td>Z podz. za otrzy\u00adma\u00adne \u0142aski, z&nbsp;pro\u015b\u00adb\u0105 o&nbsp;Bo\u017ce b\u0142og., opie\u00adk\u0119&nbsp;MB<\/td>\n<\/tr>\n<tr>\n<td><strong>\u015aro\u00adda<\/strong><\/td>\n<td><strong>08:45<\/strong><\/td>\n<td>\u2020 Jadwi\u00adga Sar\u00adnow\u00adska w&nbsp;3. r. \u015bm., brat Krzysz\u00adtof, Grze\u00adgorz Sar\u00adnow\u00adski oraz zm. te\u015bcio\u00adwie \u0141ucja, Albin Gra\u00adbow\u00adscy i&nbsp;Zbi\u00adgniew Kitowski<\/td>\n<\/tr>\n<tr>\n<td><strong>&nbsp;<\/strong><\/td>\n<td><strong>08:45<\/strong><\/td>\n<td>\u2020 Maria Mient\u00adka w&nbsp;8. r.&nbsp;\u015bm.<\/td>\n<\/tr>\n<tr>\n<td><strong>22 kwiet\u00adnia<\/strong><\/td>\n<td><strong>08:45<\/strong><\/td>\n<td>\u2020 Leon Krzo\u00adska\u2009\u2014\u2009greg.<\/td>\n<\/tr>\n<tr>\n<td><strong>&nbsp;<\/strong><\/td>\n<td><strong>18:00<\/strong><\/td>\n<td>\u2020 Bogu\u00ads\u0142aw Kie\u00addrow\u00adski w&nbsp;1. r. \u015bm. oraz zm. rodzi\u00adce z&nbsp;ob. str.<\/td>\n<\/tr>\n<tr>\n<td><strong>&nbsp;<\/strong><\/td>\n<td><strong>18:00<\/strong><\/td>\n<td>\u2020 Urszu\u00adla Kra\u00adi\u0144\u00adska w&nbsp;30. dzie\u0144 po pogrzebie<\/td>\n<\/tr>\n<tr>\n<td><strong>&nbsp;<\/strong><\/td>\n<td><strong>18:00<\/strong><\/td>\n<td>\u2020 Szy\u00admon Kuc\u00admann w&nbsp;30. dzie\u0144 po pogrzebie<\/td>\n<\/tr>\n<tr>\n<td><strong>&nbsp;<\/strong><\/td>\n<td><strong>06:30<\/strong><\/td>\n<td>\u2020 Cecy\u00adlia i&nbsp;Jan Smagli\u0144scy<\/td>\n<\/tr>\n<tr>\n<td><strong>&nbsp;<\/strong><\/td>\n<td><strong>06:30<\/strong><\/td>\n<td>\u2020 Jacek Grze\u00adgo\u00adrzew\u00adski w&nbsp;3. r.&nbsp;\u015bm.<\/td>\n<\/tr>\n<tr>\n<td><strong>Czwar\u00adtek<\/strong><\/td>\n<td><strong>08:45<\/strong><\/td>\n<td>\u2020 Jani\u00adna, Anto\u00adni, Miro\u00ads\u0142a\u00adwa, Hali\u00adna Sto\u00adpa oraz zm. z&nbsp;rodziny<\/td>\n<\/tr>\n<tr>\n<td><strong>23 kwiet\u00adnia<\/strong><\/td>\n<td><strong>08:45<\/strong><\/td>\n<td>\u2020 Leon Krzo\u00adska\u2009\u2014\u2009greg.<\/td>\n<\/tr>\n<tr>\n<td><strong>&nbsp;<\/strong><\/td>\n<td><strong>18:00<\/strong><\/td>\n<td>\u2020 Bog\u00addan Falk w&nbsp;2. r. \u015bm., ojciec J\u00f3zef, brat Miro\u00ads\u0142aw, Zofia i&nbsp;Feliks Knut oraz Jan Ja\u017cd\u017cewski<\/td>\n<\/tr>\n<tr>\n<td><strong>&nbsp;<\/strong><\/td>\n<td><strong>18:00<\/strong><\/td>\n<td>\u2020 Ilo\u00adna Boro\u00adwic\u00adka w&nbsp;30. dzie\u0144 po pogrzebie<\/td>\n<\/tr>\n<tr>\n<td><strong>&nbsp;<\/strong><\/td>\n<td><strong>06:30<\/strong><\/td>\n<td>\u2020 Bole\u00ads\u0142aw Rogow\u00adski oraz zm. rodzice<\/td>\n<\/tr>\n<tr>\n<td><strong>&nbsp;<\/strong><\/td>\n<td><strong>06:30<\/strong><\/td>\n<td>\u2020 Jan Lom\u00adnic w&nbsp;22. r. \u015bm. oraz Marek Lom\u00adnic w&nbsp;12. r.&nbsp;\u015bm.<\/td>\n<\/tr>\n<tr>\n<td><strong>Pi\u0105\u00adtek<\/strong><\/td>\n<td><strong>08:45<\/strong><\/td>\n<td>\u2020 Piotr i&nbsp;Zofia Oreszczuk<\/td>\n<\/tr>\n<tr>\n<td><strong>24 kwiet\u00adnia<\/strong><\/td>\n<td><strong>08:45<\/strong><\/td>\n<td>Z podz. za otrzy\u00adma\u00adne \u0142aski, z&nbsp;pro\u015b\u00adb\u0105 o&nbsp;Bo\u017ce b\u0142og. oraz opie\u00adk\u0119 MB dla Julia\u00adna i&nbsp;Kazi\u00admie\u00adrza Lam\u00adczyk z&nbsp;ok. ur.<\/td>\n<\/tr>\n<tr>\n<td><strong>&nbsp;<\/strong><\/td>\n<td><strong>08:45<\/strong><\/td>\n<td>\u2020 Leon Krzo\u00adska\u2009\u2014\u2009greg.<\/td>\n<\/tr>\n<tr>\n<td><strong>&nbsp;<\/strong><\/td>\n<td><strong>18:00<\/strong><\/td>\n<td>Z podz. za otrzy\u00adma\u00adne \u0142aski, z&nbsp;pro\u015b\u00adb\u0105 o&nbsp;Bo\u017ce b\u0142og. i&nbsp;opie\u00adk\u0119 MB dla Moni\u00adki i&nbsp;Toma\u00adsza z&nbsp;ok. 20. r. \u015blu\u00adbu oraz dla Adria\u00adna z&nbsp;ok. 18. r.&nbsp;ur.<\/td>\n<\/tr>\n<tr>\n<td><strong>&nbsp;<\/strong><\/td>\n<td><strong>18:00<\/strong><\/td>\n<td>Z podz. za otrzy\u00adma\u00adne \u0142aski, z&nbsp;pro\u015b\u00adb\u0105 o&nbsp;Bo\u017ce b\u0142og. i&nbsp;opie\u00adk\u0119 MB dla Tere\u00adsy Niklarz z&nbsp;ok. 70. r.&nbsp;ur.<\/td>\n<\/tr>\n<tr>\n<td><strong>&nbsp;<\/strong><\/td>\n<td><strong>18:00<\/strong><\/td>\n<td>\u2020 Fran\u00adci\u00adszek War\u00adsi\u0144\u00adski w&nbsp;30. dzie\u0144 po pogrzebie<\/td>\n<\/tr>\n<tr>\n<td><strong>&nbsp;<\/strong><\/td>\n<td><strong>06:30<\/strong><\/td>\n<td>\u2020 Zofia , Aloj\u00adzy, Sta\u00adni\u00ads\u0142aw Kola\u00adsa oraz zm. rodzice<\/td>\n<\/tr>\n<tr>\n<td><strong>Sobo\u00adta<\/strong><\/td>\n<td><strong>06:30<\/strong><\/td>\n<td>\u2020 Julian\u00adna i&nbsp;Ste\u00adfan Laskowscy<\/td>\n<\/tr>\n<tr>\n<td><strong>25 kwiet\u00adnia<\/strong><\/td>\n<td><strong>08:45<\/strong><\/td>\n<td>\u2020 Mak\u00adsy\u00admi\u00adlian, Hali\u00adna i&nbsp;Tade\u00adusz Lipscy<\/td>\n<\/tr>\n<tr>\n<td><strong>&nbsp;<\/strong><\/td>\n<td><strong>08:45<\/strong><\/td>\n<td>\u2020 Jani\u00adna Wons i&nbsp;Hen\u00adryk&nbsp;Wons<\/td>\n<\/tr>\n<tr>\n<td><strong>&nbsp;<\/strong><\/td>\n<td><strong>08:45<\/strong><\/td>\n<td>\u2020 Leon Krzo\u00adska\u2009\u2014\u2009greg.<\/td>\n<\/tr>\n<tr>\n<td><strong>&nbsp;<\/strong><\/td>\n<td><strong>18:00<\/strong><\/td>\n<td>\u2020 Micha\u0142 Kosza\u0142\u00adka w&nbsp;37. r. \u015bm., \u017cona Anna, zm. syno\u00adwie, oraz El\u017c\u00adbie\u00adta i&nbsp;J\u00f3zef Kobus, Rena\u00adta i&nbsp;Andrzej Zwierzchowscy<\/td>\n<\/tr>\n<tr>\n<td><strong>&nbsp;<\/strong><\/td>\n<td><strong>18:00<\/strong><\/td>\n<td>\u2020 J\u00f3zef Pucha\u00ad\u0142a w&nbsp;10. r.&nbsp;\u015bm.<\/td>\n<\/tr>\n<tr>\n<td><strong>&nbsp;<\/strong><\/td>\n<td><strong>18:00<\/strong><\/td>\n<td>\u2020 Urszu\u00adla Romp\u00adkow\u00adska w&nbsp;6. r.&nbsp;\u015bm.<\/td>\n<\/tr>\n<tr>\n<td><strong>&nbsp;<\/strong><\/td>\n<td><strong>06:30<\/strong><\/td>\n<td>\u2020 Zofia Czar\u00adnow\u00adska w&nbsp;5. r. \u015bm. oraz zm. z&nbsp;rodzi\u00adny Czarnowskich<\/td>\n<\/tr>\n<tr>\n<td><strong>&nbsp;<\/strong><\/td>\n<td><strong>07:30<\/strong><\/td>\n<td>\u2020 Leon Szlach\u00adci\u00adkow\u00adski w&nbsp;23. r. \u015bm., \u017cona Anie\u00adla, syn Gerard oraz wnuk Tadeusz<\/td>\n<\/tr>\n<tr>\n<td><strong>Nie\u00addzie\u00adla<\/strong><\/td>\n<td><strong>08:45<\/strong><\/td>\n<td>W inten\u00adcji Parafii<\/td>\n<\/tr>\n<tr>\n<td><strong>26 kwiet\u00adnia<\/strong><\/td>\n<td><strong>10:00<\/strong><\/td>\n<td>\u2020 Kazi\u00admierz Lepak, brat Zbi\u00adgniew oraz zm. rodzi\u00adce Hele\u00adna i&nbsp;Alfons<\/td>\n<\/tr>\n<tr>\n<td><strong>&nbsp;<\/strong><\/td>\n<td><strong>11:00<\/strong><\/td>\n<td>\u2020 Ali\u00adcja \u015al\u0119\u00adzak w&nbsp;3. r. \u015bm., ojciec Kon\u00adstan\u00adty oraz zm. z&nbsp;rodzi\u00adny Ufnowskich<\/td>\n<\/tr>\n<tr>\n<td><strong>&nbsp;<\/strong><\/td>\n<td><strong>11:00<\/strong><\/td>\n<td>\u2020 Zyg\u00admunt&nbsp;Pazda<\/td>\n<\/tr>\n<tr>\n<td><strong>&nbsp;<\/strong><\/td>\n<td><strong>12:30<\/strong><\/td>\n<td>\u2020 Hele\u00adna \u0141o\u0144\u00adska w&nbsp;12. r. \u015bm. oraz m\u0105\u017c&nbsp;Jan<\/td>\n<\/tr>\n<tr>\n<td><strong>&nbsp;<\/strong><\/td>\n<td><strong>12:30<\/strong><\/td>\n<td>\u2020 Leon Krzo\u00adska\u2009\u2014\u2009greg.<\/td>\n<\/tr>\n<tr>\n<td><strong>&nbsp;<\/strong><\/td>\n<td><strong>18:00<\/strong><\/td>\n<td>\u2020 Fran\u00adci\u00adszek, Grze\u00adgorz, Roman Ort\u00adman oraz Arka\u00addiusz Burandt<\/td>\n<\/tr>\n<\/tbody>\n<\/table>\n","protected":false},"excerpt":{"rendered":"<p>Data Godz. Inten\u00adcja &nbsp; 06:30 \u2020 Mie\u00adczy\u00ads\u0142aw Bra\u0144\u00adka w&nbsp;7. r.&nbsp;\u015bm. &nbsp; 06:30 \u2020 Zofia z&nbsp;ok. ur. oraz Leonard Miszew\u00adscy Ponie\u00addzia\u00ad\u0142ek 08:45 \u2020 Wan\u00adda Zakrzew\u00adska w&nbsp;10. r. \u015bm. i&nbsp;z&nbsp;ok.&nbsp;ur. 20 kwiet\u00adnia 08:45 \u2020 Urszu\u00adla Kra\u00adi\u0144\u00adska &nbsp; 08:45 \u2020 Leon Krzo\u00adska\u2009\u2014\u2009greg. \u2026 <a href=\"https:\/\/www.parafia-czersk.pl\/?p=2293\">Czy\u00adtaj dalej <span class=\"meta-nav\">\u2192<\/span><\/a><\/p>\n","protected":false},"author":1,"featured_media":0,"comment_status":"closed","ping_status":"open","sticky":false,"template":"","format":"standard","meta":{"pagelayer_contact_templates":[],"_pagelayer_content":"","wp_typography_post_enhancements_disabled":false,"footnotes":""},"categories":[2],"tags":[],"class_list":["post-2293","post","type-post","status-publish","format-standard","hentry","category-intencje"],"aioseo_notices":[],"_links":{"self":[{"href":"https:\/\/www.parafia-czersk.pl\/index.php?rest_route=\/wp\/v2\/posts\/2293","targetHints":{"allow":["GET"]}}],"collection":[{"href":"https:\/\/www.parafia-czersk.pl\/index.php?rest_route=\/wp\/v2\/posts"}],"about":[{"href":"https:\/\/www.parafia-czersk.pl\/index.php?rest_route=\/wp\/v2\/types\/post"}],"author":[{"embeddable":true,"href":"https:\/\/www.parafia-czersk.pl\/index.php?rest_route=\/wp\/v2\/users\/1"}],"replies":[{"embeddable":true,"href":"https:\/\/www.parafia-czersk.pl\/index.php?rest_route=%2Fwp%2Fv2%2Fcomments&post=2293"}],"version-history":[{"count":1,"href":"https:\/\/www.parafia-czersk.pl\/index.php?rest_route=\/wp\/v2\/posts\/2293\/revisions"}],"predecessor-version":[{"id":2294,"href":"https:\/\/www.parafia-czersk.pl\/index.php?rest_route=\/wp\/v2\/posts\/2293\/revisions\/2294"}],"wp:attachment":[{"href":"https:\/\/www.parafia-czersk.pl\/index.php?rest_route=%2Fwp%2Fv2%2Fmedia&parent=2293"}],"wp:term":[{"taxonomy":"category","embeddable":true,"href":"https:\/\/www.parafia-czersk.pl\/index.php?rest_route=%2Fwp%2Fv2%2Fcategories&post=2293"},{"taxonomy":"post_tag","embeddable":true,"href":"https:\/\/www.parafia-czersk.pl\/index.php?rest_route=%2Fwp%2Fv2%2Ftags&post=2293"}],"curies":[{"name":"wp","href":"https:\/\/api.w.org\/{rel}","templated":true}]}}