{"id":2296,"date":"2026-04-19T10:06:11","date_gmt":"2026-04-19T10:06:11","guid":{"rendered":"https:\/\/www.parafia-czersk.pl\/?p=2296"},"modified":"2026-04-19T10:06:11","modified_gmt":"2026-04-19T10:06:11","slug":"ogloszenia-parafialne-iii-niedziela-wielkanocy-19-04-2026r","status":"publish","type":"post","link":"https:\/\/www.parafia-czersk.pl\/?p=2296","title":{"rendered":"Og\u0142oszenia parafialne  III. Niedziela Wielkanocy  19.04.2026r."},"content":{"rendered":"<ol>\n<li>W \u015bro\u00add\u0119<strong> Nowen\u00adna<\/strong> do Mat\u00adki Bo\u017cej Nie\u00adusta\u00adj\u0105\u00adcej Pomo\u00adcy w&nbsp;\u0142\u0105cz\u00adno\u00ad\u015bci z&nbsp;Msz\u0105 \u015bwi\u0119\u00adt\u0105 o&nbsp;8.45 i&nbsp;18.00.<\/li>\n<li><strong>Ado\u00adra\u00adcja <\/strong>Naj\u00ad\u015bwi\u0119t\u00adsze\u00adgo Sakra\u00admen\u00adtu w&nbsp;\u015bro\u00add\u0119 od 20.00 do 21.00, oraz w&nbsp;sobo\u00adt\u0119 od 7.00 do 8.45.<\/li>\n<li>W czwar\u00adtek przy\u00adpa\u00adda uro\u00adczy\u00adsto\u015b\u0107 <strong>\u015bw. Woj\u00adcie\u00adcha<\/strong>, g\u0142\u00f3w\u00adne\u00adgo patro\u00adna Pol\u00adski. Zach\u0119\u00adca\u00admy do uczest\u00adnic\u00adtwa we Mszy \u015bwi\u0119tej.<\/li>\n<li>W sobo\u00adt\u0119 przy\u00adpa\u00adda \u015bwi\u0119\u00adto <strong>\u015bw. Mar\u00adka Ewan\u00adge\u00adli\u00adsty<\/strong>. Przed Msz\u0105 \u015bwi\u0119\u00adt\u0105 o&nbsp;8.45 odb\u0119\u00addzie si\u0119 pro\u00adce\u00adsja dooko\u00ad\u0142a ko\u015bcio\u00ad\u0142a pod\u00adczas kt\u00f3\u00adrej \u015bpie\u00adwem lita\u00adnii do Wszyst\u00adkich \u015awi\u0119\u00adtych b\u0119dzie\u00admy <strong>pro\u00adsi\u0107 o&nbsp;uro\u00addza\u00adje<\/strong>.<\/li>\n<li>Msze \u015bwi\u0119\u00adte:<\/li>\n<\/ol>\n<ul>\n<li style=\"list-style-type: none;\">\n<ul>\n<li>w 30 dzie\u0144 po pogrze\u00adbie za \u015bp.: Tade\u00adusza Muszak w&nbsp;ponie\u00addzia\u00ad\u0142ek godz. 18.00, Jaro\u00ads\u0142a\u00adwa Jachi\u00admo\u00adwicz we wto\u00adrek godz. 18.00, Szy\u00admo\u00adna Kuc\u00admann i&nbsp;Urszu\u00adl\u0119 Kra\u00adin\u00adska w&nbsp;\u015bro\u00add\u0119 godz. 18.00, Ilo\u00adn\u0119 Boro\u00adwic\u00adk\u0105 w&nbsp;czwar\u00adtek godz. 18.00, Fran\u00adci\u00adsze\u00adka War\u00adsi\u0144\u00adskie\u00adgo w&nbsp;pi\u0105\u00adtek godz. 18.00<\/li>\n<li>w 1&nbsp;rocz\u00adni\u00adc\u0119 \u015bmier\u00adci za \u015bp. Bogu\u00ads\u0142a\u00adwa Kie\u00addrow\u00adskie\u00adgo w&nbsp;\u015bro\u00add\u0119 o&nbsp;godz. 18.00<\/li>\n<\/ul>\n<\/li>\n<\/ul>\n<ol start=\"6\">\n<li>W minio\u00adnym tygo\u00addniu z&nbsp;naszej para\u00adfii po\u017ce\u00adgna\u00adli\u00ad\u015bmy \u015bp.: J\u00f3ze\u00adfa Krem\u00adpa l&nbsp;82 zam. ul. Pod\u00adle\u00ad\u015bna, Feli\u00adcj\u0119 Gli\u00adniec\u00adk\u0105 l. 79 zam. ul. Macz\u00adka, Kry\u00adsty\u00adn\u0119 Der\u00adwich l. 87 zam. ul. Hal\u00adle\u00adra, Jadwi\u00adg\u0119 K\u0142o\u00adsow\u00adsk\u0105 l. 93 zam. ul. Ostrow\u00adskie\u00adgo. <em>Wiecz\u00adny odpo\u00adczy\u00adnek racz im da\u0107&nbsp;Panie\u2026<\/em><\/li>\n<\/ol>\n","protected":false},"excerpt":{"rendered":"<p>W \u015bro\u00add\u0119 Nowen\u00adna do Mat\u00adki Bo\u017cej Nie\u00adusta\u00adj\u0105\u00adcej Pomo\u00adcy w&nbsp;\u0142\u0105cz\u00adno\u00ad\u015bci z&nbsp;Msz\u0105 \u015bwi\u0119\u00adt\u0105 o&nbsp;8.45 i&nbsp;18.00. Ado\u00adra\u00adcja Naj\u00ad\u015bwi\u0119t\u00adsze\u00adgo Sakra\u00admen\u00adtu w&nbsp;\u015bro\u00add\u0119 od 20.00 do 21.00, oraz w&nbsp;sobo\u00adt\u0119 od 7.00 do 8.45. W&nbsp;czwar\u00adtek przy\u00adpa\u00adda uro\u00adczy\u00adsto\u015b\u0107 \u015bw. Woj\u00adcie\u00adcha, g\u0142\u00f3w\u00adne\u00adgo patro\u00adna Pol\u00adski. Zach\u0119\u00adca\u00admy do uczest\u00adnic\u00adtwa we \u2026 <a href=\"https:\/\/www.parafia-czersk.pl\/?p=2296\">Czy\u00adtaj dalej <span class=\"meta-nav\">\u2192<\/span><\/a><\/p>\n","protected":false},"author":1,"featured_media":0,"comment_status":"closed","ping_status":"open","sticky":false,"template":"","format":"standard","meta":{"pagelayer_contact_templates":[],"_pagelayer_content":"","wp_typography_post_enhancements_disabled":false,"footnotes":""},"categories":[3],"tags":[],"class_list":["post-2296","post","type-post","status-publish","format-standard","hentry","category-ogloszenia"],"aioseo_notices":[],"_links":{"self":[{"href":"https:\/\/www.parafia-czersk.pl\/index.php?rest_route=\/wp\/v2\/posts\/2296","targetHints":{"allow":["GET"]}}],"collection":[{"href":"https:\/\/www.parafia-czersk.pl\/index.php?rest_route=\/wp\/v2\/posts"}],"about":[{"href":"https:\/\/www.parafia-czersk.pl\/index.php?rest_route=\/wp\/v2\/types\/post"}],"author":[{"embeddable":true,"href":"https:\/\/www.parafia-czersk.pl\/index.php?rest_route=\/wp\/v2\/users\/1"}],"replies":[{"embeddable":true,"href":"https:\/\/www.parafia-czersk.pl\/index.php?rest_route=%2Fwp%2Fv2%2Fcomments&post=2296"}],"version-history":[{"count":1,"href":"https:\/\/www.parafia-czersk.pl\/index.php?rest_route=\/wp\/v2\/posts\/2296\/revisions"}],"predecessor-version":[{"id":2297,"href":"https:\/\/www.parafia-czersk.pl\/index.php?rest_route=\/wp\/v2\/posts\/2296\/revisions\/2297"}],"wp:attachment":[{"href":"https:\/\/www.parafia-czersk.pl\/index.php?rest_route=%2Fwp%2Fv2%2Fmedia&parent=2296"}],"wp:term":[{"taxonomy":"category","embeddable":true,"href":"https:\/\/www.parafia-czersk.pl\/index.php?rest_route=%2Fwp%2Fv2%2Fcategories&post=2296"},{"taxonomy":"post_tag","embeddable":true,"href":"https:\/\/www.parafia-czersk.pl\/index.php?rest_route=%2Fwp%2Fv2%2Ftags&post=2296"}],"curies":[{"name":"wp","href":"https:\/\/api.w.org\/{rel}","templated":true}]}}