{"id":2298,"date":"2026-04-26T08:09:05","date_gmt":"2026-04-26T08:09:05","guid":{"rendered":"https:\/\/www.parafia-czersk.pl\/?p=2298"},"modified":"2026-04-26T08:09:05","modified_gmt":"2026-04-26T08:09:05","slug":"intencje-4-tydzien-wielkanocy","status":"publish","type":"post","link":"https:\/\/www.parafia-czersk.pl\/?p=2298","title":{"rendered":"Intencje 4. TYDZIE\u0143 WIELKANOCY"},"content":{"rendered":"<table>\n<tbody>\n<tr>\n<td colspan=\"3\" width=\"697\"><\/td>\n<\/tr>\n<tr>\n<td width=\"143\"><strong>Data<\/strong><\/td>\n<td width=\"66\"><strong>Godz.<\/strong><\/td>\n<td width=\"488\"><strong>Inten\u00adcja<\/strong><\/td>\n<\/tr>\n<tr>\n<td width=\"143\"><strong>&nbsp;<\/strong><\/td>\n<td width=\"66\"><strong>06:30<\/strong><\/td>\n<td width=\"488\">\u2020 W\u0142a\u00addy\u00ads\u0142a\u00adwa i&nbsp;Jerzy War\u00addin oraz bra\u00adta\u00adnek Leszek<\/td>\n<\/tr>\n<tr>\n<td width=\"143\"><strong>Ponie\u00addzia\u00ad\u0142ek<\/strong><\/td>\n<td width=\"66\"><strong>08:45<\/strong><\/td>\n<td width=\"488\">\u2020 za dusze w&nbsp;czy\u015b\u0107\u00adcu cier\u00adpi\u0105\u00adce od Apo\u00adstol\u00adstwa Pomo\u00adcy Duszom Czy\u015b\u0107cowym<\/td>\n<\/tr>\n<tr>\n<td width=\"143\"><strong>27 kwiet\u00adnia<\/strong><\/td>\n<td width=\"66\"><strong>08:45<\/strong><\/td>\n<td width=\"488\">\u2020 Leon Krzo\u00adska\u2009\u2014\u2009greg.<\/td>\n<\/tr>\n<tr>\n<td width=\"143\"><strong>&nbsp;<\/strong><\/td>\n<td width=\"66\"><strong>18:00<\/strong><\/td>\n<td width=\"488\">\u2020 Anna Bura\u00adkow\u00adska, m\u0105\u017c Kazi\u00admierz, zi\u0119c Roman, zm. rodzi\u00adce i&nbsp;rodze\u0144\u00adstwo z&nbsp;ob. str.<\/td>\n<\/tr>\n<tr>\n<td width=\"143\"><strong>&nbsp;<\/strong><\/td>\n<td width=\"66\"><strong>18:00<\/strong><\/td>\n<td width=\"488\">\u2020 Tere\u00adsa Lip\u00adska w&nbsp;30. dzie\u0144 po pogrzebie<\/td>\n<\/tr>\n<tr>\n<td width=\"143\"><strong>&nbsp;<\/strong><\/td>\n<td width=\"66\"><strong>18:00<\/strong><\/td>\n<td width=\"488\">\u2020 Piotr Duraj w&nbsp;30. dzie\u0144 po pogrzebie<\/td>\n<\/tr>\n<tr>\n<td width=\"143\"><strong>&nbsp;<\/strong><\/td>\n<td width=\"66\"><strong>06:30<\/strong><\/td>\n<td width=\"488\">\u2020 Maria, Bene\u00addykt Gor\u00adno\u00adwicz, Augu\u00adstyn, Anto\u00adni\u00adna, Ire\u00adna, Marek, Hali\u00adna i&nbsp;Jan Spica<\/td>\n<\/tr>\n<tr>\n<td width=\"143\"><strong>Wto\u00adrek<\/strong><\/td>\n<td width=\"66\"><strong>08:45<\/strong><\/td>\n<td width=\"488\">\u2020 Hen\u00adryk Czy\u00adstow\u00adski (Inten\u00adcja od&nbsp;wnuka)<\/td>\n<\/tr>\n<tr>\n<td width=\"143\"><strong>28 kwiet\u00adnia<\/strong><\/td>\n<td width=\"66\"><strong>08:45<\/strong><\/td>\n<td width=\"488\">\u2020 Leon Krzo\u00adska\u2009\u2014\u2009greg.<\/td>\n<\/tr>\n<tr>\n<td width=\"143\"><strong>&nbsp;<\/strong><\/td>\n<td width=\"66\"><strong>18:00<\/strong><\/td>\n<td width=\"488\">\u2020 Kazi\u00admierz Lin\u00adda w&nbsp;5. r.&nbsp;\u015bm.<\/td>\n<\/tr>\n<tr>\n<td width=\"143\"><strong>&nbsp;<\/strong><\/td>\n<td width=\"66\"><strong>18:00<\/strong><\/td>\n<td width=\"488\">\u2020 Miro\u00ads\u0142aw Kobus w&nbsp;30. dzie\u0144 po pogrzebie<\/td>\n<\/tr>\n<tr>\n<td width=\"143\"><strong>&nbsp;<\/strong><\/td>\n<td width=\"66\"><strong>18:00<\/strong><\/td>\n<td width=\"488\">\u2020 Pawe\u0142 Waj\u00adlant w&nbsp;30. dzie\u0144 po pogrzebie<\/td>\n<\/tr>\n<tr>\n<td width=\"143\"><strong>&nbsp;<\/strong><\/td>\n<td width=\"66\"><strong>06:30<\/strong><\/td>\n<td width=\"488\">\u2020 Joan\u00adna i&nbsp;Bro\u00adni\u00ads\u0142aw Laskowscy<\/td>\n<\/tr>\n<tr>\n<td width=\"143\"><strong>&nbsp;<\/strong><\/td>\n<td width=\"66\"><strong>06:30<\/strong><\/td>\n<td width=\"488\">\u2020 Zofia i&nbsp;Jan Maj\u00adkow\u00adscy oraz zm. rodzi\u00adce i&nbsp;rodze\u0144\u00adstwo z&nbsp;ob. str.<\/td>\n<\/tr>\n<tr>\n<td width=\"143\"><strong>\u015aro\u00adda<\/strong><\/td>\n<td width=\"66\"><strong>08:45<\/strong><\/td>\n<td width=\"488\">\u2020 ks. Zbi\u00adgniew Stra\u00adszew\u00adski (Inten\u00adcja od RR \u015bw. J\u00f3zefa)<\/td>\n<\/tr>\n<tr>\n<td width=\"143\"><strong>29 kwiet\u00adnia<\/strong><\/td>\n<td width=\"66\"><strong>08:45<\/strong><\/td>\n<td width=\"488\">\u2020 Hali\u00adna Jawor\u00adska, c\u00f3r\u00adki Danu\u00adta i&nbsp;Jani\u00adna oraz syn&nbsp;Marek<\/td>\n<\/tr>\n<tr>\n<td width=\"143\"><strong>&nbsp;<\/strong><\/td>\n<td width=\"66\"><strong>08:45<\/strong><\/td>\n<td width=\"488\">\u2020 Leon Krzo\u00adska\u2009\u2014\u2009greg.<\/td>\n<\/tr>\n<tr>\n<td width=\"143\"><strong>&nbsp;<\/strong><\/td>\n<td width=\"66\"><strong>18:00<\/strong><\/td>\n<td width=\"488\">\u2020 Anie\u00adla i&nbsp;J\u00f3zef \u015aled\u017a, zm. dziad\u00adko\u00adwie i&nbsp;rodze\u0144\u00adstwo z&nbsp;ob. str.<\/td>\n<\/tr>\n<tr>\n<td width=\"143\"><strong>&nbsp;<\/strong><\/td>\n<td width=\"66\"><strong>18:00<\/strong><\/td>\n<td width=\"488\">\u2020 Jolan\u00adta Tala\u015b\u00adka w&nbsp;30. dzie\u0144 po pogrzebie<\/td>\n<\/tr>\n<tr>\n<td width=\"143\"><strong>&nbsp;<\/strong><\/td>\n<td width=\"66\"><strong>18:00<\/strong><\/td>\n<td width=\"488\">\u2020 Kazi\u00admierz Czer\u00adwi\u0144\u00adski w&nbsp;30. dzie\u0144 po pogrzebie<\/td>\n<\/tr>\n<tr>\n<td width=\"143\"><strong>&nbsp;<\/strong><\/td>\n<td width=\"66\"><strong>06:30<\/strong><\/td>\n<td width=\"488\">\u2020 Zyg\u00admunt Rezer, zm. rodzi\u00adce Hele\u00adna i&nbsp;Franciszek<\/td>\n<\/tr>\n<tr>\n<td width=\"143\"><strong>&nbsp;<\/strong><\/td>\n<td width=\"66\"><strong>06:30<\/strong><\/td>\n<td width=\"488\">\u2020 Kla\u00adra Kaszu\u00adba w&nbsp;dn. 88. r. ur., zm. z&nbsp;rodzin G\u0142om\u00adskich, Zabo\u00adrow\u00adskich, Kaszu\u00adba, Cza\u0142\u00adpi\u0144\u00adskich i&nbsp;Bruskich<\/td>\n<\/tr>\n<tr>\n<td width=\"143\"><strong>Czwar\u00adtek<\/strong><\/td>\n<td width=\"66\"><strong>08:45<\/strong><\/td>\n<td width=\"488\">\u2020 Fran\u00adci\u00adszek Hinc w&nbsp;32. r. \u015bm. oraz zm. rodzi\u00adce z&nbsp;ob. str.<\/td>\n<\/tr>\n<tr>\n<td width=\"143\"><strong>30 kwiet\u00adnia<\/strong><\/td>\n<td width=\"66\"><strong>08:45<\/strong><\/td>\n<td width=\"488\">\u2020 Leon Krzo\u00adska\u2009\u2014\u2009greg.<\/td>\n<\/tr>\n<tr>\n<td width=\"143\"><strong>&nbsp;<\/strong><\/td>\n<td width=\"66\"><strong>18:00<\/strong><\/td>\n<td width=\"488\">\u2020 Zbi\u00adgniew Wi\u015bniew\u00adski, zm. z&nbsp;rodzi\u00adny z&nbsp;ob. str. oraz Ire\u00adna Wo\u017a\u00adniak i&nbsp;Jolan\u00adta \u017bukowska<\/td>\n<\/tr>\n<tr>\n<td width=\"143\"><strong>&nbsp;<\/strong><\/td>\n<td width=\"66\"><strong>18:00<\/strong><\/td>\n<td width=\"488\">\u2020 Ber\u00adnard Ban\u00adnach w&nbsp;1. r.&nbsp;\u015bm.<\/td>\n<\/tr>\n<tr>\n<td width=\"143\"><strong>&nbsp;<\/strong><\/td>\n<td width=\"66\"><strong>18:00<\/strong><\/td>\n<td width=\"488\">\u2020 Hele\u00adna Rogen\u00adbuk w&nbsp;30. dzie\u0144 po pogrzebie<\/td>\n<\/tr>\n<tr>\n<td width=\"143\"><strong>&nbsp;<\/strong><\/td>\n<td width=\"66\"><strong>06:30<\/strong><\/td>\n<td width=\"488\">\u2020 Anna Ossow\u00adska w&nbsp;r. \u015bm., m\u0105\u017c Jan, zm. syno\u00adwie i&nbsp;wnuki<\/td>\n<\/tr>\n<tr>\n<td width=\"143\"><strong>&nbsp;<\/strong><\/td>\n<td width=\"66\"><strong>06:30<\/strong><\/td>\n<td width=\"488\">\u2020 Maria i&nbsp;J\u00f3zef Cza\u00adpiew\u00adscy oraz Ste\u00adfan i&nbsp;Irena<\/td>\n<\/tr>\n<tr>\n<td width=\"143\"><strong>Pi\u0105\u00adtek<\/strong><\/td>\n<td width=\"66\"><strong>08:45<\/strong><\/td>\n<td width=\"488\">W inten\u00adcji trze\u017awo\u015bci<\/td>\n<\/tr>\n<tr>\n<td width=\"143\"><strong>1 maja<\/strong><\/td>\n<td width=\"66\"><strong>08:45<\/strong><\/td>\n<td width=\"488\">\u2020 Leon Krzo\u00adska\u2009\u2014\u2009greg.<\/td>\n<\/tr>\n<tr>\n<td width=\"143\"><strong>&nbsp;<\/strong><\/td>\n<td width=\"66\"><strong>16:20<\/strong><\/td>\n<td width=\"488\">\u2020 Tade\u00adusz Czar\u00adnow\u00adski oraz Jadwi\u00adga Czarnowska<\/td>\n<\/tr>\n<tr>\n<td width=\"143\"><strong>&nbsp;<\/strong><\/td>\n<td width=\"66\"><strong>18:00<\/strong><\/td>\n<td width=\"488\">Z podz. za otrzy\u00adma\u00adne \u0142aski, z&nbsp;pro\u015b\u00adb\u0105 o&nbsp;Bo\u017ce b\u0142og. i&nbsp;opie\u00adk\u0119 MB dla Ma\u0142\u00adgo\u00adrza\u00adty i&nbsp;Paw\u00ad\u0142a z&nbsp;ok. 25. r.&nbsp;\u015blubu<\/td>\n<\/tr>\n<tr>\n<td width=\"143\"><strong>&nbsp;<\/strong><\/td>\n<td width=\"66\"><strong>18:00<\/strong><\/td>\n<td width=\"488\">\u2020 Mariusz Win\u00adczak w&nbsp;30. dzie\u0144 po pogrzebie<\/td>\n<\/tr>\n<tr>\n<td width=\"143\"><strong>&nbsp;<\/strong><\/td>\n<td width=\"66\"><strong>18:00<\/strong><\/td>\n<td width=\"488\">\u2020 Hen\u00adryk Go\u0142u\u0144\u00adski w&nbsp;30. dzie\u0144 po pogrzebie<\/td>\n<\/tr>\n<tr>\n<td width=\"143\"><strong>&nbsp;<\/strong><\/td>\n<td width=\"66\"><strong>06:30<\/strong><\/td>\n<td width=\"488\">\u2020 Lau\u00adra Zofia Kor\u00adtas, z&nbsp;wdzi\u0119cz\u00adno\u00ad\u015bci\u0105, \u017ce \u017cy\u0142a mi\u0119\u00addzy&nbsp;nami<\/td>\n<\/tr>\n<tr>\n<td width=\"143\"><strong>Sobo\u00adta<\/strong><\/td>\n<td width=\"66\"><strong>06:30<\/strong><\/td>\n<td width=\"488\">\u2020 Jan Fry\u00adca w&nbsp;35. r. \u015bm., zm. \u017cona, syno\u00adwie, syno\u00adwe, zi\u0119\u0107 Zdzi\u00ads\u0142aw Brze\u00adzi\u0144\u00adski oraz wnuk Stanis\u0142aw<\/td>\n<\/tr>\n<tr>\n<td width=\"143\"><strong>2 maja<\/strong><\/td>\n<td width=\"66\"><strong>08:45<\/strong><\/td>\n<td width=\"488\">\u2020 Zyg\u00admunt Goli\u00adkow\u00adski z&nbsp;ok. im.<\/td>\n<\/tr>\n<tr>\n<td width=\"143\"><strong>&nbsp;<\/strong><\/td>\n<td width=\"66\"><strong>08:45<\/strong><\/td>\n<td width=\"488\">W inten\u00adcji Rycer\u00adstwa i&nbsp;Ryce\u00adrzy u&nbsp;St\u00f3p Krzy\u00ad\u017ca o&nbsp;Bo\u017ce b\u0142og. dla \u017cyj\u0105\u00adcych cz\u0142on\u00adk\u00f3w oraz o&nbsp;Bo\u017ce Mi\u0142o\u00adsier\u00addzie dla zmar\u0142ych<\/td>\n<\/tr>\n<tr>\n<td width=\"143\"><strong>&nbsp;<\/strong><\/td>\n<td width=\"66\"><strong>08:45<\/strong><\/td>\n<td width=\"488\">\u2020 Leon Krzo\u00adska\u2009\u2014\u2009greg.<\/td>\n<\/tr>\n<tr>\n<td width=\"143\"><strong>&nbsp;<\/strong><\/td>\n<td width=\"66\"><strong>18:00<\/strong><\/td>\n<td width=\"488\">\u2020 zm. rodzi\u00adce Augu\u00adsty\u00adna i&nbsp;Jan Cza\u00adpiew\u00adscy oraz dusze w&nbsp;czy\u015b\u0107\u00adcu cierpi\u0105ce<\/td>\n<\/tr>\n<tr>\n<td width=\"143\"><strong>&nbsp;<\/strong><\/td>\n<td width=\"66\"><strong>18:00<\/strong><\/td>\n<td width=\"488\">\u2020 Zdzi\u00ads\u0142aw Ko\u0142at\u00adka w&nbsp;1. r. \u015bm. oraz Ste\u00adfan Ko\u0142at\u00adka w&nbsp;21. r.&nbsp;\u015bm.<\/td>\n<\/tr>\n<tr>\n<td width=\"143\"><strong>&nbsp;<\/strong><\/td>\n<td width=\"66\"><strong>18:00<\/strong><\/td>\n<td width=\"488\">O zdro\u00adwie dla Ewy Nie\u00ad\u017cu\u00adraw\u00adskiej, o&nbsp;si\u0142\u0119 i&nbsp;\u0142ask\u0119 w&nbsp;prze\u00adzwy\u00adci\u0119\u00ad\u017ca\u00adniu choroby<\/td>\n<\/tr>\n<tr>\n<td width=\"143\"><strong>&nbsp;<\/strong><\/td>\n<td width=\"66\"><strong>06:30<\/strong><\/td>\n<td width=\"488\">\u2020 Hele\u00adna Mo\u017cuch z&nbsp;ok. ur., m\u0105\u017c Jan oraz syn&nbsp;Jan<\/td>\n<\/tr>\n<tr>\n<td width=\"143\"><strong>&nbsp;<\/strong><\/td>\n<td width=\"66\"><strong>07:30<\/strong><\/td>\n<td width=\"488\">\u2020 Fran\u00adci\u00adszek Sza\u00adra\u00adfin z&nbsp;ok. r.&nbsp;\u015bm.<\/td>\n<\/tr>\n<tr>\n<td width=\"143\"><strong>&nbsp;<\/strong><\/td>\n<td width=\"66\"><strong>08:45<\/strong><\/td>\n<td width=\"488\">W inten\u00adcji Ojczy\u00adzny i&nbsp;nasze\u00adgo miasta<\/td>\n<\/tr>\n<tr>\n<td width=\"143\"><strong>Nie\u00addzie\u00adla<\/strong><\/td>\n<td width=\"66\"><strong>08:45<\/strong><\/td>\n<td width=\"488\">W inten\u00adcji \u017bywe\u00adgo R\u00f3\u017ca\u0144ca<\/td>\n<\/tr>\n<tr>\n<td width=\"143\"><strong>3 maja<\/strong><\/td>\n<td width=\"66\"><strong>10:00<\/strong><\/td>\n<td width=\"488\">\u2020 Ryszard Wol\u00adski w&nbsp;4. r.&nbsp;\u015bm.<\/td>\n<\/tr>\n<tr>\n<td width=\"143\"><strong>&nbsp;<\/strong><\/td>\n<td width=\"66\"><strong>11:00<\/strong><\/td>\n<td width=\"488\">\u2020 Anto\u00adni&nbsp;Karcz<\/td>\n<\/tr>\n<tr>\n<td width=\"143\"><strong>&nbsp;<\/strong><\/td>\n<td width=\"66\"><strong>11:00<\/strong><\/td>\n<td width=\"488\">O szcz\u0119\u00ad\u015bli\u00adw\u0105 ope\u00adra\u00adcj\u0119 dla&nbsp;Ewy<\/td>\n<\/tr>\n<tr>\n<td width=\"143\"><strong>&nbsp;<\/strong><\/td>\n<td width=\"66\"><strong>12:30<\/strong><\/td>\n<td width=\"488\">\u2020 J\u00f3ze\u00adfa \u015awi\u0105\u00adtek z&nbsp;ok. jej 30. r. \u015bm., m\u0105\u017c Piotr, syn Euge\u00adniusz oraz c\u00f3r\u00adka Bo\u017cena<\/td>\n<\/tr>\n<tr>\n<td width=\"143\"><strong>&nbsp;<\/strong><\/td>\n<td width=\"66\"><strong>12:30<\/strong><\/td>\n<td width=\"488\">\u2020 Leon Krzo\u00adska\u2009\u2014\u2009greg.<\/td>\n<\/tr>\n<tr>\n<td width=\"143\"><strong>&nbsp;<\/strong><\/td>\n<td width=\"66\"><strong>18:00<\/strong><\/td>\n<td width=\"488\">\u2020 Zyg\u00adfryd Pest\u00adka w&nbsp;21. r. \u015bm. oraz \u017cona&nbsp;Anna<\/td>\n<\/tr>\n<tr>\n<td width=\"143\"><strong>&nbsp;<\/strong><\/td>\n<td width=\"66\"><strong>18:00<\/strong><\/td>\n<td width=\"488\">W inten\u00adcji maturzyst\u00f3w<\/td>\n<\/tr>\n<\/tbody>\n<\/table>\n","protected":false},"excerpt":{"rendered":"<p>Data Godz. Inten\u00adcja &nbsp; 06:30 \u2020 W\u0142a\u00addy\u00ads\u0142a\u00adwa i&nbsp;Jerzy War\u00addin oraz bra\u00adta\u00adnek Leszek Ponie\u00addzia\u00ad\u0142ek 08:45 \u2020 za dusze w&nbsp;czy\u015b\u0107\u00adcu cier\u00adpi\u0105\u00adce od Apo\u00adstol\u00adstwa Pomo\u00adcy Duszom Czy\u015b\u0107\u00adco\u00adwym 27 kwiet\u00adnia 08:45 \u2020 Leon Krzo\u00adska\u2009\u2014\u2009greg. &nbsp; 18:00 \u2020 Anna Bura\u00adkow\u00adska, m\u0105\u017c Kazi\u00admierz, zi\u0119c Roman, zm. \u2026 <a href=\"https:\/\/www.parafia-czersk.pl\/?p=2298\">Czy\u00adtaj dalej <span class=\"meta-nav\">\u2192<\/span><\/a><\/p>\n","protected":false},"author":1,"featured_media":0,"comment_status":"closed","ping_status":"open","sticky":false,"template":"","format":"standard","meta":{"pagelayer_contact_templates":[],"_pagelayer_content":"","wp_typography_post_enhancements_disabled":false,"footnotes":""},"categories":[2],"tags":[],"class_list":["post-2298","post","type-post","status-publish","format-standard","hentry","category-intencje"],"aioseo_notices":[],"_links":{"self":[{"href":"https:\/\/www.parafia-czersk.pl\/index.php?rest_route=\/wp\/v2\/posts\/2298","targetHints":{"allow":["GET"]}}],"collection":[{"href":"https:\/\/www.parafia-czersk.pl\/index.php?rest_route=\/wp\/v2\/posts"}],"about":[{"href":"https:\/\/www.parafia-czersk.pl\/index.php?rest_route=\/wp\/v2\/types\/post"}],"author":[{"embeddable":true,"href":"https:\/\/www.parafia-czersk.pl\/index.php?rest_route=\/wp\/v2\/users\/1"}],"replies":[{"embeddable":true,"href":"https:\/\/www.parafia-czersk.pl\/index.php?rest_route=%2Fwp%2Fv2%2Fcomments&post=2298"}],"version-history":[{"count":1,"href":"https:\/\/www.parafia-czersk.pl\/index.php?rest_route=\/wp\/v2\/posts\/2298\/revisions"}],"predecessor-version":[{"id":2299,"href":"https:\/\/www.parafia-czersk.pl\/index.php?rest_route=\/wp\/v2\/posts\/2298\/revisions\/2299"}],"wp:attachment":[{"href":"https:\/\/www.parafia-czersk.pl\/index.php?rest_route=%2Fwp%2Fv2%2Fmedia&parent=2298"}],"wp:term":[{"taxonomy":"category","embeddable":true,"href":"https:\/\/www.parafia-czersk.pl\/index.php?rest_route=%2Fwp%2Fv2%2Fcategories&post=2298"},{"taxonomy":"post_tag","embeddable":true,"href":"https:\/\/www.parafia-czersk.pl\/index.php?rest_route=%2Fwp%2Fv2%2Ftags&post=2298"}],"curies":[{"name":"wp","href":"https:\/\/api.w.org\/{rel}","templated":true}]}}