{"id":2300,"date":"2026-04-26T08:11:21","date_gmt":"2026-04-26T08:11:21","guid":{"rendered":"https:\/\/www.parafia-czersk.pl\/?p=2300"},"modified":"2026-04-26T08:11:21","modified_gmt":"2026-04-26T08:11:21","slug":"ogloszenia-parafialne-niedziela-wielkanocy-26-04-2026r","status":"publish","type":"post","link":"https:\/\/www.parafia-czersk.pl\/?p=2300","title":{"rendered":"Og\u0142oszenia parafialne  Niedziela Wielkanocy  26.04.2026r."},"content":{"rendered":"<ol>\n<li style=\"text-align: justify;\">W tym tygo\u00addniu przypada:<\/li>\n<\/ol>\n<ul style=\"text-align: justify;\">\n<li><strong>Pierw\u00adszy pi\u0105\u00adtek<\/strong> mie\u00adsi\u0105\u00adca: ado\u00adra\u00adcja od 7.00 do 8.45, oraz od 15.00 do 18.00 z&nbsp;prze\u00adrw\u0105 na Msz\u0119 \u015bwi\u0119\u00adt\u0105 o&nbsp;16.20; oka\u00adzja do spo\u00adwie\u00addzi od 15.00 do 18.00 z&nbsp;prze\u00adrw\u0105 na Msz\u0119 \u015bwi\u0119\u00adt\u0105 o&nbsp;16.20<\/li>\n<li><strong>Pierw\u00adsza sobo\u00adta<\/strong> mie\u00adsi\u0105\u00adca: ado\u00adra\u00adcja z&nbsp;nabo\u00ad\u017ce\u0144\u00adstwem pierw\u00adszo\u00adso\u00adbot\u00adnim od 7.00 do 8.45; odwie\u00addzi\u00adny cho\u00adrych: ks. Pawe\u0142 w&nbsp;naj\u00adbli\u017c\u00adsz\u0105 sobo\u00adt\u0119, ks. Piotr i&nbsp;ks. Mate\u00adusz 9&nbsp;maja.<\/li>\n<\/ul>\n<ol style=\"text-align: justify;\" start=\"2\">\n<li>Od pi\u0105t\u00adku zapra\u00adsza\u00admy na <strong>nabo\u00ad\u017ce\u0144\u00adstwa majo\u00adwe<\/strong>: w&nbsp;dni powsze\u00addnie w&nbsp;\u0142\u0105cz\u00adno\u00ad\u015bci z&nbsp;Msz\u0105 \u015bwi\u0119\u00adt\u0105 o&nbsp;8.45 i&nbsp;18.00, w&nbsp;nie\u00addzie\u00adl\u0119 o&nbsp;18.00. Zach\u0119\u00adca\u00admy, aby gro\u00adma\u00addzi\u0107 si\u0119 na nabo\u00ad\u017ce\u0144\u00adstwach majo\u00adwych przy krzy\u00ad\u017cach i&nbsp;kapliczkach.<\/li>\n<li>W sobo\u00adt\u0119 zapra\u00adsza\u00admy na boisko miej\u00adskie, na kt\u00f3\u00adrym o&nbsp;godz. 15.00 w&nbsp;ramach czer\u00adskiej maj\u00f3w\u00adki zosta\u00adnie roze\u00adgra\u00adny <strong>mecz pi\u0142\u00adki no\u017c\u00adnej<\/strong> pomi\u0119\u00addzy dru\u00ad\u017cy\u00adna\u00admi ksi\u0119\u00ad\u017cy i&nbsp;by\u0142ych zawod\u00adni\u00adk\u00f3w Boro\u00adwia\u00adka Czersk.<\/li>\n<li>Za tydzie\u0144 w&nbsp;nie\u00addzie\u00adl\u0119 o&nbsp;godz. 8.45 zosta\u00adnie odpra\u00adwio\u00adna <strong>Msza \u015bwi\u0119\u00adta w&nbsp;inten\u00adcji naszej Ojczy\u00adzny i&nbsp;nasze\u00adgo mia\u00adsta<\/strong>. Zapra\u00adsza\u00admy wszyst\u00adkie orga\u00adni\u00adza\u00adcje, sto\u00adwa\u00adrzy\u00adsze\u00adnia i&nbsp;szko\u00ad\u0142y ze sztan\u00adda\u00adra\u00admi. Po Mszy \u015bwi\u0119\u00adtej, o&nbsp;godz. 10.00 roz\u00adpocz\u00adnie si\u0119 <strong>uro\u00adczy\u00adsta para\u00adda<\/strong> uli\u00adca\u00admi mia\u00adsta, zako\u0144\u00adczo\u00adna pro\u00adgra\u00admem arty\u00adstycz\u00adnym na Pla\u00adcu Ostrow\u00adskie\u00adgo. Zach\u0119\u00adca\u00admy wszyst\u00adkich miesz\u00adka\u0144\u00adc\u00f3w do wsp\u00f3l\u00adne\u00adgo \u015bwi\u0119\u00adto\u00adwa\u00adnia oraz w\u0142\u0105\u00adcze\u00adnia si\u0119 w&nbsp;obchody.<\/li>\n<li>Za tydzie\u0144 po Mszy \u015bwi\u0119\u00adtej o&nbsp;8.45 spo\u00adtka\u00adnie dla wszyst\u00adkich cz\u0142on\u00adk\u00f3w <strong>\u017bywe\u00adgo R\u00f3\u017ca\u0144\u00adca<\/strong>.<\/li>\n<li>W przy\u00adsz\u0142\u0105 nie\u00addzie\u00adl\u0119 pod\u00adczas Mszy \u015bwi\u0119\u00adtej o&nbsp;18.00 b\u0119dzie\u00admy modli\u0107 si\u0119 w&nbsp;inten\u00adcji tego\u00adrocz\u00adnych <strong>matu\u00adrzy\u00adst\u00f3w<\/strong>. Zapra\u00adsza\u00admy wszyst\u00adkich przy\u00adst\u0119\u00adpu\u00adj\u0105\u00adcych w&nbsp;tym roku do egza\u00admi\u00adnu maturalnego.<\/li>\n<li><strong>Odpust w&nbsp;Wie\u00adlu<\/strong> w&nbsp;tym roku odb\u0119\u00addzie si\u0119 w&nbsp;dniach 16\u2009\u2013\u200917 maja. Ju\u017c dzi\u00adsiaj zach\u0119\u00adca\u00admy do udzia\u00ad\u0142u w&nbsp;pie\u00adszej piel\u00adgrzym\u00adce w&nbsp;sobo\u00adt\u0119, 16 maja, kt\u00f3\u00adra wyru\u00adszy po Mszy \u015bwi\u0119\u00adtej o&nbsp;godz. 6.00.<\/li>\n<li><strong>Odno\u00adwa w&nbsp;Duchu \u015awi\u0119\u00adtym<\/strong> orga\u00adni\u00adzu\u00adje wyjazd na og\u00f3l\u00adno\u00adpol\u00adskie czu\u00adwa\u00adnie na Jasnej G\u00f3rze w&nbsp;dniu 16 maja. Zapi\u00adsy u&nbsp;ks. Pio\u00adtra i&nbsp;pana Mirka.<\/li>\n<li>W dniach 15\u2009\u2013\u200917 maja w&nbsp;Pel\u00adpli\u00adnie odb\u0119\u00add\u0105 si\u0119 reko\u00adlek\u00adcje dla <strong>zela\u00adto\u00adr\u00f3w \u017bywe\u00adgo R\u00f3\u017ca\u0144\u00adca<\/strong>. Zapi\u00adsy przyj\u00admu\u00adje tele\u00adfo\u00adnicz\u00adnie die\u00adce\u00adzjal\u00adny dusz\u00adpa\u00adsterz ks. Rafa\u0142 Bar\u00adci\u0144\u00adski tel. 530840600.<\/li>\n<li>W zwi\u0105z\u00adku z&nbsp;powsta\u00adwa\u00adniem przy naszym ko\u015bcie\u00adle <strong>miej\u00adsca posto\u00adjo\u00adwe\u00adgo dla samo\u00adcho\u00add\u00f3w<\/strong>, pro\u00adsi\u00admy wszyst\u00adkich, kt\u00f3\u00adrzy wywo\u00ad\u017c\u0105 czy\u00adst\u0105 zie\u00admi\u0119 o&nbsp;przy\u00adwo\u00ad\u017ce\u00adnie jej i&nbsp;wysy\u00adpy\u00adwa\u00adnie w&nbsp;ogro\u00addzie za domem para\u00adfial\u00adnym przy ul. Szkol\u00adnej 2. W&nbsp;razie pyta\u0144 pro\u00adsi\u00admy o&nbsp;kon\u00adtakt z&nbsp;ksi\u0119\u00addzem proboszczem.<\/li>\n<li>Biskup Die\u00adce\u00adzjal\u00adny Ryszard Kasy\u00adna udzie\u00adla <strong>dys\u00adpen\u00adsy<\/strong> od wstrze\u00admi\u0119\u017a\u00adli\u00adwo\u00ad\u015bci od pokar\u00adm\u00f3w mi\u0119\u00adsnych na pi\u0105\u00adtek 1&nbsp;maja.<\/li>\n<li>Msze \u015bwi\u0119\u00adte:<\/li>\n<\/ol>\n<ul>\n<li style=\"text-align: justify;\">w 30 dzie\u0144 po pogrze\u00adbie za \u015bp.: Tere\u00ads\u0119 Lip\u00adsk\u0105 i&nbsp;Pio\u00adtra Duraj w&nbsp;ponie\u00addzia\u00ad\u0142ek o&nbsp;godz. 18.00; Miro\u00ads\u0142a\u00adwa Kobus i&nbsp;Paw\u00ad\u0142a Waj\u00adlant we wto\u00adrek o&nbsp;godz. 18.00; Jolan\u00adt\u0119 Tala\u015b\u00adka i&nbsp;Kazi\u00admie\u00adrza Czer\u00adwi\u0144\u00adskie\u00adgo w&nbsp;\u015bro\u00add\u0119 o&nbsp;godz. 18.00; Hele\u00adn\u0119 Rogen\u00adbuk w&nbsp;czwar\u00adtek o&nbsp;godz. 18.00; Mariu\u00adsza WIn\u00adczak i&nbsp;Hen\u00adry\u00adka Go\u0142u\u0144\u00adskie\u00adgo w&nbsp;pi\u0105\u00adtek o&nbsp;godz. 18.00<\/li>\n<li style=\"text-align: justify;\">w 1&nbsp;rocz\u00adni\u00adc\u0119 \u015bmier\u00adci za \u015bp.: Ber\u00adnar\u00adda Ban\u00adnach w&nbsp;czwar\u00adtek o&nbsp;godz. 18.00 oraz za Zdzi\u00ads\u0142a\u00adw\u0119 Ko\u0142at\u00adka w&nbsp;sobo\u00adt\u0119 o&nbsp;godz. 18.00<\/li>\n<li style=\"text-align: justify;\">za dusze w&nbsp;czy\u015b\u0107\u00adcu cier\u00adpi\u0105\u00adce od Apo\u00adstol\u00adstwa Pomo\u00adcy Duszom Czy\u015b\u0107\u00adco\u00adwym w&nbsp;ponie\u00addzia\u00ad\u0142ek o&nbsp;godz. 8.45<\/li>\n<li style=\"text-align: justify;\">za ks. Zbi\u00adgnie\u00adwa Stra\u00adszew\u00adskie\u00adgo (Inten\u00adcja od RR \u015bw. J\u00f3ze\u00adfa) w&nbsp;\u015bro\u00add\u0119 o&nbsp;godz. 8.45<\/li>\n<li style=\"text-align: justify;\">w inten\u00adcji trze\u017a\u00adwo\u00ad\u015bci w&nbsp;pi\u0105\u00adtek o&nbsp;godz. 8.45<\/li>\n<li style=\"text-align: justify;\">w inten\u00adcji Rycer\u00adstwa i&nbsp;Ryce\u00adrzy u&nbsp;St\u00f3p Krzy\u00ad\u017ca o&nbsp;Bo\u017ce b\u0142og. dla \u017cyj\u0105\u00adcych cz\u0142on\u00adk\u00f3w oraz o&nbsp;Bo\u017ce Mi\u0142o\u00adsier\u00addzie dla zmar\u00ad\u0142ych w&nbsp;sobo\u00adt\u0119 o&nbsp;godz. 8.45<\/li>\n<li style=\"text-align: justify;\">w inten\u00adcji \u017bywe\u00adgo R\u00f3\u017ca\u0144\u00adca w&nbsp;nie\u00addzie\u00adl\u0119 o&nbsp;godz. 8.45<\/li>\n<\/ul>\n","protected":false},"excerpt":{"rendered":"<p>W tym tygo\u00addniu przy\u00adpa\u00adda: Pierw\u00adszy pi\u0105\u00adtek mie\u00adsi\u0105\u00adca: ado\u00adra\u00adcja od 7.00 do 8.45, oraz od 15.00 do 18.00 z&nbsp;prze\u00adrw\u0105 na Msz\u0119 \u015bwi\u0119\u00adt\u0105 o&nbsp;16.20; oka\u00adzja do spo\u00adwie\u00addzi od 15.00 do 18.00 z&nbsp;prze\u00adrw\u0105 na Msz\u0119 \u015bwi\u0119\u00adt\u0105 o&nbsp;16.20 Pierw\u00adsza sobo\u00adta mie\u00adsi\u0105\u00adca: ado\u00adra\u00adcja z&nbsp;nabo\u00ad\u017ce\u0144\u00adstwem pierw\u00adszo\u00adso\u00adbot\u00adnim \u2026 <a href=\"https:\/\/www.parafia-czersk.pl\/?p=2300\">Czy\u00adtaj dalej <span class=\"meta-nav\">\u2192<\/span><\/a><\/p>\n","protected":false},"author":1,"featured_media":0,"comment_status":"closed","ping_status":"open","sticky":false,"template":"","format":"standard","meta":{"pagelayer_contact_templates":[],"_pagelayer_content":"","wp_typography_post_enhancements_disabled":false,"footnotes":""},"categories":[3],"tags":[],"class_list":["post-2300","post","type-post","status-publish","format-standard","hentry","category-ogloszenia"],"aioseo_notices":[],"_links":{"self":[{"href":"https:\/\/www.parafia-czersk.pl\/index.php?rest_route=\/wp\/v2\/posts\/2300","targetHints":{"allow":["GET"]}}],"collection":[{"href":"https:\/\/www.parafia-czersk.pl\/index.php?rest_route=\/wp\/v2\/posts"}],"about":[{"href":"https:\/\/www.parafia-czersk.pl\/index.php?rest_route=\/wp\/v2\/types\/post"}],"author":[{"embeddable":true,"href":"https:\/\/www.parafia-czersk.pl\/index.php?rest_route=\/wp\/v2\/users\/1"}],"replies":[{"embeddable":true,"href":"https:\/\/www.parafia-czersk.pl\/index.php?rest_route=%2Fwp%2Fv2%2Fcomments&post=2300"}],"version-history":[{"count":1,"href":"https:\/\/www.parafia-czersk.pl\/index.php?rest_route=\/wp\/v2\/posts\/2300\/revisions"}],"predecessor-version":[{"id":2301,"href":"https:\/\/www.parafia-czersk.pl\/index.php?rest_route=\/wp\/v2\/posts\/2300\/revisions\/2301"}],"wp:attachment":[{"href":"https:\/\/www.parafia-czersk.pl\/index.php?rest_route=%2Fwp%2Fv2%2Fmedia&parent=2300"}],"wp:term":[{"taxonomy":"category","embeddable":true,"href":"https:\/\/www.parafia-czersk.pl\/index.php?rest_route=%2Fwp%2Fv2%2Fcategories&post=2300"},{"taxonomy":"post_tag","embeddable":true,"href":"https:\/\/www.parafia-czersk.pl\/index.php?rest_route=%2Fwp%2Fv2%2Ftags&post=2300"}],"curies":[{"name":"wp","href":"https:\/\/api.w.org\/{rel}","templated":true}]}}