{"id":515,"date":"2022-06-19T09:07:58","date_gmt":"2022-06-19T09:07:58","guid":{"rendered":"http:\/\/parafia-czersk.pl\/word2\/?p=515"},"modified":"2022-06-19T09:07:58","modified_gmt":"2022-06-19T09:07:58","slug":"intencje-mszalne-od-20-06-do-26-06-2022-r","status":"publish","type":"post","link":"https:\/\/www.parafia-czersk.pl\/?p=515","title":{"rendered":"Intencje Mszalne od 20\u2009\u2013\u200906 do 26\u2009\u2013\u200906 2022&nbsp;r."},"content":{"rendered":"<table style=\"height: 3102px;\" width=\"598\" cellspacing=\"0\" cellpadding=\"9\">\n<tbody>\n<tr valign=\"top\">\n<td width=\"143\">\n<p class=\"western\" align=\"center\"><span style=\"font-family: helvetica, arial, sans-serif; font-size: 12pt;\">Ponie\u00addzia\u00ad\u0142ek <\/span><\/p>\n<p class=\"western\" align=\"center\"><span style=\"font-family: helvetica, arial, sans-serif; font-size: 12pt;\">20.06.2022<\/span><\/p>\n<\/td>\n<td width=\"693\">\n<p class=\"western\" align=\"justify\"><span style=\"font-size: 12pt; font-family: helvetica, arial, sans-serif;\"><b>6:30 <\/b>Do Chry\u00adstu\u00adsa Mi\u0142o\u00adsier\u00adne\u00adgo o&nbsp;nawr\u00f3\u00adce\u00adnie grzesz\u00adni\u00adk\u00f3w \u015bwia\u00adta, szcze\u00adg\u00f3l\u00adnie Polski<\/span><\/p>\n<p class=\"western\" align=\"justify\"><span style=\"font-size: 12pt; font-family: helvetica, arial, sans-serif;\"><b>6:30<\/b> Z&nbsp;podzi\u0119\u00adko\u00adwa\u00adniem za ode\u00adbra\u00adne \u0142aski, z&nbsp;pro\u015b\u00adb\u0105 o&nbsp;Bo\u017ce b\u0142o\u00adgo\u00ads\u0142a\u00adwie\u0144\u00adstwo i&nbsp;opie\u00adk\u0119 Mat\u00adki Bo\u017cej dla Beaty i&nbsp;Tade\u00adusza w&nbsp;35 r.&nbsp;\u015blubu<\/span><\/p>\n<p class=\"western\" align=\"justify\"><span style=\"font-size: 12pt; font-family: helvetica, arial, sans-serif;\"><b>8:45<\/b> + Zofia Grze\u00adca w&nbsp;27 r. \u015bm., m\u0105\u017c Anto\u00adni, c\u00f3r\u00adka Jadwi\u00adga, zi\u0119\u00adcio\u00adwie J\u00f3zef i&nbsp;Zygmunt<\/span><\/p>\n<p class=\"western\" align=\"justify\"><span style=\"font-size: 12pt; font-family: helvetica, arial, sans-serif;\"><b>18:00 <\/b>+ Kry\u00adsty\u00adna w&nbsp;4 r. \u015bm. i&nbsp;m\u0105\u017c Eugeniusz<\/span><\/p>\n<p class=\"western\" align=\"justify\"><span style=\"font-size: 12pt; font-family: helvetica, arial, sans-serif;\"><b>18:00 <\/b>Z&nbsp;podzi\u0119\u00adko\u00adwa\u00adniem za ode\u00adbra\u00adne \u0142aski, z&nbsp;pro\u015b\u00adb\u0105 o&nbsp;Bo\u017ce b\u0142o\u00adgo\u00ads\u0142a\u00adwie\u0144\u00adstwo i&nbsp;zdro\u00adwie dla Hen\u00adry\u00adka Kupi\u0144\u00adskie\u00adgo w&nbsp;80 urodziny<\/span><\/p>\n<\/td>\n<\/tr>\n<tr valign=\"top\">\n<td width=\"143\">\n<p class=\"western\" align=\"center\"><span style=\"font-family: helvetica, arial, sans-serif; font-size: 12pt;\">Wto\u00adrek<\/span><\/p>\n<p class=\"western\" align=\"center\"><span style=\"font-family: helvetica, arial, sans-serif; font-size: 12pt;\">21.06.2022<\/span><\/p>\n<\/td>\n<td width=\"693\">\n<p class=\"western\" align=\"justify\"><span style=\"font-size: 12pt; font-family: helvetica, arial, sans-serif;\"><b>6:30 <\/b>+ Jani\u00adna Ossow\u00adska w&nbsp;4 r.&nbsp;\u015bm.<\/span><\/p>\n<p class=\"western\" align=\"justify\"><span style=\"font-size: 12pt; font-family: helvetica, arial, sans-serif;\"><b>6:30<\/b> + Jani\u00adna i&nbsp;Hen\u00adryk&nbsp;Elak<\/span><\/p>\n<p class=\"western\" align=\"justify\"><span style=\"font-size: 12pt; font-family: helvetica, arial, sans-serif;\"><b>8:45<\/b> + Zyg\u00admunt Che\u00adrek w&nbsp;9 r.&nbsp;\u015bm.<\/span><\/p>\n<p class=\"western\" align=\"justify\"><span style=\"font-size: 12pt; font-family: helvetica, arial, sans-serif;\"><b>18:00 <\/b>Do Ducha \u015awi\u0119\u00adte\u00adgo o&nbsp;dar Mi\u0142o\u00ad\u015bci Bo\u017cej w&nbsp;ser\u00adcu Pola\u00adk\u00f3w i&nbsp;ca\u0142e\u00adgo \u015bwiata<\/span><\/p>\n<p class=\"western\" align=\"justify\"><span style=\"font-size: 12pt; font-family: helvetica, arial, sans-serif;\"><b>18:00<\/b> + Jan Brze\u00adzi\u0144\u00adski w&nbsp;30 dzie\u0144 po pogrzebie<\/span><\/p>\n<\/td>\n<\/tr>\n<tr valign=\"top\">\n<td width=\"143\">\n<p class=\"western\" align=\"center\"><span style=\"font-family: helvetica, arial, sans-serif; font-size: 12pt;\">\u015aro\u00adda 22.06.2022<\/span><\/p>\n<\/td>\n<td width=\"693\">\n<p class=\"western\" align=\"justify\"><span style=\"font-size: 12pt; font-family: helvetica, arial, sans-serif;\"><b>6:30 <\/b>+ Kazi\u00admierz Jaster w&nbsp;6 r. \u015bm., rodzi\u00adce Euge\u00adnia i&nbsp;Leon Jaster<\/span><\/p>\n<p class=\"western\" align=\"justify\"><span style=\"font-size: 12pt; font-family: helvetica, arial, sans-serif;\"><b>6:30<\/b> + Kazi\u00admierz Nakielski<\/span><\/p>\n<p class=\"western\" align=\"justify\"><span style=\"font-size: 12pt; font-family: helvetica, arial, sans-serif;\"><b>6:30<\/b> + Ryszard B\u0142a\u00adnek w&nbsp;7 r.&nbsp;\u015bm.<\/span><\/p>\n<p class=\"western\" align=\"justify\"><span style=\"font-size: 12pt; font-family: helvetica, arial, sans-serif;\"><b>8:45 <\/b>+ Piotr Moczy\u00add\u0142o w&nbsp;1 r.&nbsp;\u015bm.<\/span><\/p>\n<p class=\"western\" align=\"justify\"><span style=\"font-size: 12pt; font-family: helvetica, arial, sans-serif;\"><b>18:00 <\/b>Z&nbsp;wdzi\u0119cz\u00adno\u00ad\u015bci\u0105 za Bo\u017c\u0105 pomoc w&nbsp;pos\u0142u\u00addze bycia dyrek\u00adto\u00adrem oraz o&nbsp;zdro\u00adwie, Bo\u017ce b\u0142o\u00adgo\u00ads\u0142a\u00adwie\u0144\u00adstwo i&nbsp;opie\u00adk\u0119 Mat\u00adki Bo\u017cej dla pani dyrek\u00adtor Bo\u017ce\u00adny&nbsp;Spicy<\/span><\/p>\n<p class=\"western\" align=\"justify\"><span style=\"font-size: 12pt; font-family: helvetica, arial, sans-serif;\"><b>18:00<\/b> + Jan Anna Gro\u00admow\u00adscy i&nbsp;Jan Mania, o&nbsp;Bo\u017ce mi\u0142o\u00adsier\u00addzie dla&nbsp;dusz<\/span><\/p>\n<p class=\"western\" align=\"justify\"><span style=\"font-size: 12pt; font-family: helvetica, arial, sans-serif;\"><b>18:00 <\/b>+ Kazi\u00admierz Strze\u00adle\u00adwicz, Kazi\u00admierz Burakowski<\/span><\/p>\n<\/td>\n<\/tr>\n<tr valign=\"top\">\n<td width=\"143\">\n<p class=\"western\" align=\"center\"><span style=\"font-family: helvetica, arial, sans-serif; font-size: 12pt;\">Czwar\u00adtek<\/span><\/p>\n<p class=\"western\" align=\"center\"><span style=\"font-family: helvetica, arial, sans-serif; font-size: 12pt;\">23.06.2022<\/span><\/p>\n<\/td>\n<td width=\"693\">\n<p class=\"western\" align=\"justify\"><span style=\"font-size: 12pt; font-family: helvetica, arial, sans-serif;\"><b>6:30 <\/b>+ Sta\u00adni\u00ads\u0142aw Falk i&nbsp;rodzi\u00adce z&nbsp;oboj\u00adga&nbsp;stron<\/span><\/p>\n<p class=\"western\" align=\"justify\"><span style=\"font-size: 12pt; font-family: helvetica, arial, sans-serif;\"><b>6:30<\/b> W&nbsp;inten\u00adcji Julii z&nbsp;oka\u00adzji uro\u00addzin, w&nbsp;podzi\u0119\u00adko\u00adwa\u00adniu za ode\u00adbra\u00adne \u0142aski, z&nbsp;pro\u015b\u00adb\u0105 o&nbsp;dal\u00adsz\u0105 opie\u00adk\u0119 a&nbsp;w cza\u00adsie trwa\u00adj\u0105\u00adcej sesji o&nbsp;Dary Ducha \u015awi\u0119tego<\/span><\/p>\n<p class=\"western\" align=\"justify\"><span style=\"font-size: 12pt; font-family: helvetica, arial, sans-serif;\"><b>8:45 <\/b>+ Bog\u00addan Fir\u00adgol\u00adski w&nbsp;Dniu Ojca<\/span><\/p>\n<p class=\"western\" align=\"justify\"><span style=\"font-size: 12pt; font-family: helvetica, arial, sans-serif;\"><b>18:00 <\/b>+ Mie\u00adczy\u00ads\u0142aw Pob\u0142oc\u00adki w&nbsp;Dniu Ojca, \u017cona Tere\u00adsa i&nbsp;zmar\u00adli z&nbsp;rodziny<\/span><\/p>\n<p class=\"western\" align=\"justify\"><span style=\"font-size: 12pt; font-family: helvetica, arial, sans-serif;\"><b>18:00<\/b> + Ali\u00adcja Bru\u00adska w&nbsp;30 dzie\u0144 po pogrzebie<\/span><\/p>\n<\/td>\n<\/tr>\n<tr valign=\"top\">\n<td width=\"143\">\n<p class=\"western\" align=\"center\"><span style=\"color: #4f6228; font-size: 12pt; font-family: helvetica, arial, sans-serif;\"><b>Pi\u0105\u00adtek<\/b><\/span><\/p>\n<p class=\"western\" align=\"center\"><span style=\"color: #4f6228; font-size: 12pt; font-family: helvetica, arial, sans-serif;\"><b>24.06.2022<\/b><\/span><\/p>\n<p class=\"western\" align=\"center\"><span style=\"color: #4f6228; font-size: 12pt; font-family: helvetica, arial, sans-serif;\"><b>ZAKO\u0143CZENIE ROKU SZKOLNEGO<\/b><\/span><\/p>\n<\/td>\n<td width=\"693\">\n<p class=\"western\" align=\"justify\"><span style=\"font-size: 12pt; font-family: helvetica, arial, sans-serif;\"><b>6:30 <\/b>+ Hen\u00adryk Pru\u00adski w&nbsp;20 r. \u015bm. i&nbsp;\u017cona Stefania<\/span><\/p>\n<p class=\"western\" align=\"justify\"><span style=\"font-size: 12pt; font-family: helvetica, arial, sans-serif;\"><b>6:30<\/b> + Zofia Bob\u00adkow\u00adska w&nbsp;11 r. \u015bm., rodzi\u00adce i&nbsp;syn Roman<\/span><\/p>\n<p class=\"western\" align=\"justify\"><span style=\"font-size: 12pt; font-family: helvetica, arial, sans-serif;\"><b>8:00<\/b> O&nbsp;nowe i&nbsp;\u015bwi\u0119\u00adte powo\u00ad\u0142a\u00adnia kap\u0142a\u0144\u00adskie, zakon\u00adne i&nbsp;misyjne<\/span><\/p>\n<p class=\"western\" align=\"justify\"><span style=\"font-size: 12pt; font-family: helvetica, arial, sans-serif;\"><b>18:00 <\/b>+ Jan Sikor\u00adski w&nbsp;dniu imienin<\/span><\/p>\n<p class=\"western\" align=\"justify\"><span style=\"font-size: 12pt; font-family: helvetica, arial, sans-serif;\"><b>18:00 <\/b>+ M\u0105\u017c Hen\u00adryk Kono\u00adno\u00adwicz w&nbsp;40 r. \u015bm., rodzi\u00adce z&nbsp;obu stron<\/span><\/p>\n<p class=\"western\" align=\"justify\"><span style=\"font-size: 12pt; font-family: helvetica, arial, sans-serif;\"><b>18:00<\/b> + Ryszard Pi\u00f3r w&nbsp;30 dzie\u0144 po pogrzebie<\/span><\/p>\n<\/td>\n<\/tr>\n<tr valign=\"top\">\n<td width=\"143\" height=\"128\">\n<p class=\"western\" align=\"center\"><span style=\"color: #0070c0; font-size: 12pt; font-family: helvetica, arial, sans-serif;\"><b>Sobo\u00adta<\/b><\/span><\/p>\n<p class=\"western\" align=\"center\"><span style=\"color: #0070c0; font-size: 12pt; font-family: helvetica, arial, sans-serif;\"><b>25.06.2022<\/b><\/span><\/p>\n<\/td>\n<td width=\"693\">\n<p class=\"western\" align=\"justify\"><span style=\"font-size: 12pt; font-family: helvetica, arial, sans-serif;\"><b>6:30 <\/b>+ Ma\u0142\u00adgo\u00adrza\u00adta, Jan, syn Jan Lewandowscy<\/span><\/p>\n<p class=\"western\" align=\"justify\"><span style=\"font-size: 12pt; font-family: helvetica, arial, sans-serif;\"><b>6:30<\/b> + Ste\u00adfa\u00adnia Kesner w&nbsp;10 r. \u015bm. i&nbsp;m\u0105\u017c Jan<\/span><\/p>\n<p class=\"western\" align=\"justify\"><span style=\"font-size: 12pt; font-family: helvetica, arial, sans-serif;\"><b>8:45<\/b> + Za zmar\u00ad\u0142ych Cz\u0142on\u00adk\u00f3w AD\u015a w&nbsp;ostat\u00adnim kwartale<\/span><\/p>\n<p class=\"western\" align=\"justify\"><span style=\"font-size: 12pt; font-family: helvetica, arial, sans-serif;\"><b>8:45<\/b> + Jan i&nbsp;Hali\u00adna Rumi\u0144\u00adscy w&nbsp;dniu Imie\u00adnin, c\u00f3r\u00adka Maryla<\/span><\/p>\n<p class=\"western\" align=\"justify\"><span style=\"font-size: 12pt; font-family: helvetica, arial, sans-serif;\"><b>8:45<\/b> + Wac\u0142aw Sumion\u00adka \u2013 greg.&nbsp;1<\/span><\/p>\n<p class=\"western\" align=\"justify\"><span style=\"font-family: helvetica, arial, sans-serif; font-size: 12pt;\"><b>14:00 \u015alub<\/b><\/span><\/p>\n<p class=\"western\" align=\"justify\"><span style=\"font-family: helvetica, arial, sans-serif; font-size: 12pt;\"><b>15:00 \u015alub<\/b><\/span><\/p>\n<p class=\"western\" align=\"justify\"><span style=\"font-size: 12pt; font-family: helvetica, arial, sans-serif;\"><b>18:00 <\/b>+ Bro\u00adni\u00ads\u0142a\u00adwa i&nbsp;Augu\u00adstyn Wons, z&nbsp;rodzi\u00adny Resz\u00adczy\u0144\u00adskich i&nbsp;Szulc<\/span><\/p>\n<\/td>\n<\/tr>\n<tr valign=\"top\">\n<td width=\"143\" height=\"203\">\n<p class=\"western\" align=\"center\"><span style=\"color: #ff0000; font-size: 12pt; font-family: helvetica, arial, sans-serif;\"><b>Nie\u00addzie\u00adla <\/b><\/span><\/p>\n<p class=\"western\" align=\"center\"><span style=\"color: #ff0000; font-size: 12pt; font-family: helvetica, arial, sans-serif;\"><b>26.06.2022<\/b><\/span><\/p>\n<\/td>\n<td width=\"693\">\n<p class=\"western\"><span style=\"font-size: 12pt; font-family: helvetica, arial, sans-serif;\"><b>6:30 <\/b>+ Tere\u00adsa Matu\u00adszew\u00adska w&nbsp;5 r.&nbsp;\u015bm<\/span><\/p>\n<p class=\"western\"><span style=\"font-size: 12pt; font-family: helvetica, arial, sans-serif;\"><b>7:30 + <\/b>Anna Bober w&nbsp;38 r. \u015bm., m\u0105\u017c Alfons i&nbsp;synowie<\/span><\/p>\n<p class=\"western\" align=\"justify\"><span style=\"font-size: 12pt; font-family: helvetica, arial, sans-serif;\"><b>8:45<\/b> W&nbsp;inten\u00adcji Parafii&nbsp;<\/span><\/p>\n<p class=\"western\" align=\"justify\"><span style=\"font-size: 12pt; font-family: helvetica, arial, sans-serif;\"><b>10:00<\/b> + Alfons Ossow\u00adski i&nbsp;syn Wojciech<\/span><\/p>\n<p class=\"western\" align=\"justify\"><span style=\"font-size: 12pt; font-family: helvetica, arial, sans-serif;\"><b>11:00<\/b> + Roman i&nbsp;Wan\u00adda Cera\u00adnow\u00adscy, El\u017c\u00adbie\u00adta i&nbsp;Tadeusz&nbsp;<\/span><\/p>\n<p class=\"western\" align=\"justify\"><span style=\"font-size: 12pt; font-family: helvetica, arial, sans-serif;\"><b>12:30<\/b> + Anna B\u0142a\u00adszyk w&nbsp;2 r.&nbsp;\u015bm.<\/span><\/p>\n<p class=\"western\" align=\"justify\"><span style=\"font-size: 12pt; font-family: helvetica, arial, sans-serif;\"><b>12:30<\/b> + Wac\u0142aw Sumion\u00adka \u2013 greg.&nbsp;2<\/span><\/p>\n<p class=\"western\" align=\"justify\"><span style=\"font-size: 12pt; font-family: helvetica, arial, sans-serif;\"><b>16:00 OSTROWITE:<\/b> Anto\u00adni\u00adna Jed\u00adno\u00adral\u00adska w&nbsp;20 r. \u015bm. oraz m\u0105\u017c Boles\u0142aw<\/span><\/p>\n<p class=\"western\" align=\"justify\"><span style=\"font-size: 12pt; font-family: helvetica, arial, sans-serif;\"><b>18:00 <\/b>+ Ber\u00adnard Kitow\u00adski w&nbsp;25 r.&nbsp;\u015bm.<\/span><\/p>\n<\/td>\n<\/tr>\n<\/tbody>\n<\/table>\n<p class=\"western\">\n<\/p>","protected":false},"excerpt":{"rendered":"<p>Ponie\u00addzia\u00ad\u0142ek 20.06.2022 6:30 Do Chry\u00adstu\u00adsa Mi\u0142o\u00adsier\u00adne\u00adgo o&nbsp;nawr\u00f3\u00adce\u00adnie grzesz\u00adni\u00adk\u00f3w \u015bwia\u00adta, szcze\u00adg\u00f3l\u00adnie Pol\u00adski 6:30 Z&nbsp;podzi\u0119\u00adko\u00adwa\u00adniem za ode\u00adbra\u00adne \u0142aski, z&nbsp;pro\u015b\u00adb\u0105 o&nbsp;Bo\u017ce b\u0142o\u00adgo\u00ads\u0142a\u00adwie\u0144\u00adstwo i&nbsp;opie\u00adk\u0119 Mat\u00adki Bo\u017cej dla Beaty i&nbsp;Tade\u00adusza w&nbsp;35 r.&nbsp;\u015blu\u00adbu 8:45 + Zofia Grze\u00adca w&nbsp;27 r. \u015bm., m\u0105\u017c Anto\u00adni, c\u00f3r\u00adka Jadwi\u00adga, zi\u0119\u00adcio\u00adwie J\u00f3zef \u2026 <a href=\"https:\/\/www.parafia-czersk.pl\/?p=515\">Czy\u00adtaj dalej <span class=\"meta-nav\">\u2192<\/span><\/a><\/p>\n","protected":false},"author":1,"featured_media":0,"comment_status":"closed","ping_status":"open","sticky":false,"template":"","format":"standard","meta":{"pagelayer_contact_templates":[],"_pagelayer_content":"","wp_typography_post_enhancements_disabled":false,"footnotes":""},"categories":[2],"tags":[],"class_list":["post-515","post","type-post","status-publish","format-standard","hentry","category-intencje"],"aioseo_notices":[],"_links":{"self":[{"href":"https:\/\/www.parafia-czersk.pl\/index.php?rest_route=\/wp\/v2\/posts\/515","targetHints":{"allow":["GET"]}}],"collection":[{"href":"https:\/\/www.parafia-czersk.pl\/index.php?rest_route=\/wp\/v2\/posts"}],"about":[{"href":"https:\/\/www.parafia-czersk.pl\/index.php?rest_route=\/wp\/v2\/types\/post"}],"author":[{"embeddable":true,"href":"https:\/\/www.parafia-czersk.pl\/index.php?rest_route=\/wp\/v2\/users\/1"}],"replies":[{"embeddable":true,"href":"https:\/\/www.parafia-czersk.pl\/index.php?rest_route=%2Fwp%2Fv2%2Fcomments&post=515"}],"version-history":[{"count":1,"href":"https:\/\/www.parafia-czersk.pl\/index.php?rest_route=\/wp\/v2\/posts\/515\/revisions"}],"predecessor-version":[{"id":516,"href":"https:\/\/www.parafia-czersk.pl\/index.php?rest_route=\/wp\/v2\/posts\/515\/revisions\/516"}],"wp:attachment":[{"href":"https:\/\/www.parafia-czersk.pl\/index.php?rest_route=%2Fwp%2Fv2%2Fmedia&parent=515"}],"wp:term":[{"taxonomy":"category","embeddable":true,"href":"https:\/\/www.parafia-czersk.pl\/index.php?rest_route=%2Fwp%2Fv2%2Fcategories&post=515"},{"taxonomy":"post_tag","embeddable":true,"href":"https:\/\/www.parafia-czersk.pl\/index.php?rest_route=%2Fwp%2Fv2%2Ftags&post=515"}],"curies":[{"name":"wp","href":"https:\/\/api.w.org\/{rel}","templated":true}]}}