{"id":517,"date":"2022-06-19T09:09:37","date_gmt":"2022-06-19T09:09:37","guid":{"rendered":"http:\/\/parafia-czersk.pl\/word2\/?p=517"},"modified":"2022-12-11T11:46:19","modified_gmt":"2022-12-11T11:46:19","slug":"xii-niedziela-zwykla-19-czerwca-2022-r","status":"publish","type":"post","link":"https:\/\/www.parafia-czersk.pl\/?p=517","title":{"rendered":"XII NIEDZIELA ZWYK\u0141A  19 czerwca 2022&nbsp;r."},"content":{"rendered":"<ol>\n<li>\n<p align=\"justify\"><span style=\"font-family: helvetica, arial, sans-serif; font-size: 12pt;\">Ser\u00addecz\u00adnie dzi\u0119\u00adku\u00adje\u00admy za ofia\u00adry na kolek\u00adt\u0119 inwe\u00adsty\u00adcyj\u00adn\u0105 w&nbsp;ubie\u00adg\u0142\u0105 nie\u00addzie\u00adl\u0119. Zebra\u00adli\u00ad\u015bmy 11&nbsp;560 z\u0142. B\u00f3g zap\u0142a\u0107 za r\u00f3w\u00adnie\u017c za dzi\u00adsiej\u00adsze ofia\u00adry na remont nasze\u00adgo WSD w&nbsp;Pelplinie.<\/span><\/p>\n<\/li>\n<li>\n<p align=\"justify\"><span style=\"font-family: helvetica, arial, sans-serif; font-size: 12pt;\">Trwa Okta\u00adwa Uro\u00adczy\u00adsto\u00ad\u015bci Bo\u017ce\u00adgo Cia\u00ad\u0142a. Nabo\u00ad\u017ce\u0144\u00adstwo czerw\u00adco\u00adwe z&nbsp;pro\u00adce\u00adsj\u0105 Eucha\u00adry\u00adstycz\u00adn\u0105 w&nbsp;dni powsze\u00addnie do pi\u0105t\u00adku w\u0142\u0105cz\u00adnie po Mszy \u015bw. wie\u00adczor\u00adnej. W&nbsp;czwar\u00adtek po pro\u00adce\u00adsji obrz\u0119d b\u0142o\u00adgo\u00ads\u0142a\u00adwie\u0144\u00adstwa wian\u00adk\u00f3w. W&nbsp;tym miej\u00adscu pra\u00adgnie\u00admy ser\u00addecz\u00adnie podzi\u0119\u00adko\u00adwa\u0107 wszyst\u00adkim, kt\u00f3\u00adrzy przy\u00adczy\u00adni\u00adli si\u0119 do u\u015bwiet\u00adnie\u00adnia pro\u00adce\u00adsji Bo\u017ce\u00adgo Cia\u00ad\u0142a: s\u0142u\u017c\u00adbom porz\u0105d\u00adko\u00adwym (poli\u00adcji i&nbsp;stra\u00ad\u017ca\u00adkom), orkie\u00adstrze, s\u0142u\u017c\u00adbie litur\u00adgicz\u00adnej, nio\u00ads\u0105\u00adcym cho\u00adr\u0105\u00adgwie, sztan\u00adda\u00adry, bal\u00adda\u00adchim, fere\u00adtron i&nbsp;figu\u00adry, dziew\u00adczyn\u00adkom sypi\u0105\u00adcym kwia\u00adty, ich rodzi\u00adcom i&nbsp;opie\u00adku\u00adnom, za pro\u00adfe\u00adsjo\u00adnal\u00adne nag\u0142o\u00ad\u015bnie\u00adnie oraz wszyst\u00adkim, kt\u00f3\u00adrzy przy\u00adgo\u00adto\u00adwa\u00adli o\u0142ta\u00adrze, ude\u00adko\u00adro\u00adwa\u00adli domy oraz ofia\u00adro\u00addaw\u00adcom brz\u00f3zek.&nbsp;<\/span><\/p>\n<\/li>\n<li>\n<p align=\"justify\"><span style=\"font-size: 12pt; font-family: helvetica, arial, sans-serif;\">W czwar\u00adtek obcho\u00addzi\u00admy <b>Uro\u00adczy\u00adsto\u015b\u0107 Naro\u00addze\u00adnia \u015bw. Jana Chrzci\u00adcie\u00adla<\/b>. <\/span><\/p>\n<\/li>\n<li>\n<p align=\"justify\"><span style=\"font-size: 12pt; font-family: helvetica, arial, sans-serif;\">W pi\u0105\u00adtek przy\u00adpa\u00adda <b>Uro\u00adczy\u00adsto\u015b\u0107 Naj\u00ad\u015bwi\u0119t\u00adsze\u00adgo Ser\u00adca Pana Jezu\u00adsa<\/b> i&nbsp;ostat\u00adnia pro\u00adce\u00adsja eucha\u00adry\u00adstycz\u00adna. Zapra\u00adsza\u00admy na Msze \u015bw. o&nbsp;godz. 6.30, 8.00 i&nbsp;18.00. W&nbsp;Krzy\u00ad\u017cu Msza \u015bw. o&nbsp;godz. 17.00. <\/span><\/p>\n<\/li>\n<li>\n<p align=\"justify\"><span style=\"font-family: helvetica, arial, sans-serif; font-size: 12pt;\">Zbli\u00ad\u017ca si\u0119 koniec roku szkol\u00adne\u00adgo. Uczni\u00f3w, nauczy\u00adcie\u00adli, pra\u00adcow\u00adni\u00adk\u00f3w admi\u00adni\u00adstra\u00adcji, nauczy\u00adcie\u00adli eme\u00adry\u00adto\u00adwa\u00adnych i&nbsp;rodzi\u00adc\u00f3w zapra\u00adsza\u00admy na Msz\u0119 \u015bw. dzi\u0119k\u00adczyn\u00adn\u0105 w&nbsp;naj\u00adbli\u017c\u00adszy pi\u0105\u00adtek o&nbsp;godz. 8.00 (nie b\u0119dzie Mszy \u015bw. o&nbsp;godz. 8.45 oraz nabo\u00ad\u017ce\u0144\u00adstwa czerw\u00adco\u00adwe\u00adgo). Spo\u00adwied\u017a \u015bw. przed zako\u0144\u00adcze\u00adniem roku szkol\u00adne\u00adgo odb\u0119\u00addzie si\u0119 w&nbsp;czwar\u00adtek, od godz. 17.00 do 18.00. M\u0142o\u00addzie\u017c i&nbsp;dzie\u00adci zach\u0119\u00adca\u00admy do pojed\u00adna\u00adnia si\u0119 z&nbsp;Bogiem w&nbsp;sakra\u00admen\u00adcie pokuty.<\/span><\/p>\n<\/li>\n<li>\n<p align=\"justify\"><span style=\"font-family: helvetica, arial, sans-serif; font-size: 12pt;\">W sobo\u00adt\u0119 wspo\u00admi\u00adna\u00admy Nie\u00adpo\u00adka\u00adla\u00adne Ser\u00adce NMP i&nbsp;zapra\u00adsza\u00admy na ado\u00adra\u00adcj\u0119 Naj\u015bw. Sakra\u00admen\u00adtu od godz. 7.00 do 8.45.<\/span><\/p>\n<\/li>\n<li>\n<p align=\"justify\"><span style=\"font-family: helvetica, arial, sans-serif; font-size: 12pt;\">W zwi\u0105z\u00adku z&nbsp;pie\u00adsz\u0105 piel\u00adgrzym\u00adk\u0105 na Jasn\u0105 G\u00f3r\u0119, kt\u00f3\u00adra odb\u0119\u00addzie si\u0119 w&nbsp;dniach 31 lip\u00adca \u2013 13 sierp\u00adnia, dzi\u00adsiaj w&nbsp;Bazy\u00adli\u00adce \u015bw. Jana Chrzci\u00adcie\u00adla w&nbsp;Choj\u00adni\u00adcach o&nbsp;godz. 15.00 odb\u0119\u00addzie si\u0119 spo\u00adtka\u00adnie piel\u00adgrzy\u00adm\u00f3w. Wi\u0119\u00adcej infor\u00adma\u00adcji u&nbsp;ks. Mate\u00adusza, prze\u00adwod\u00adni\u00adka Gru\u00adpy Choj\u00adnic\u00adkiej. W&nbsp;dniach 6\u2009\u2013\u200913 sierp\u00adnia odb\u0119\u00addzie si\u0119 te\u017c piel\u00adgrzym\u00adka rowe\u00adro\u00adwa do Cz\u0119\u00adsto\u00adcho\u00adwy. Infor\u00adma\u00adcje u&nbsp;ks. Damiana.<\/span><\/p>\n<\/li>\n<li>\n<p align=\"justify\"><span style=\"font-family: helvetica, arial, sans-serif; font-size: 12pt;\">Rycer\u00adstwo Nie\u00adpo\u00adka\u00adla\u00adnej zapra\u00adsza na Og\u00f3l\u00adno\u00adpol\u00adskie Mar\u00adga\u00adret\u00adko\u00adwe Dni Modlitw za Kap\u0142a\u00adn\u00f3w 25, 26 i&nbsp;27 czerw\u00adca po Mszy \u015bwi\u0119\u00adtej o&nbsp;8.45.<\/span><\/p>\n<\/li>\n<li>\n<p align=\"justify\"><span style=\"font-family: helvetica, arial, sans-serif; font-size: 12pt;\">W przy\u00adsz\u0142\u0105 nie\u00addzie\u00adl\u0119 b\u0119dzie\u00admy go\u015bci\u00adli w&nbsp;naszej para\u00adfii kapu\u00adcy\u00adna, o. Toma\u00adsza \u015awi\u00adta\u00ad\u0142\u0119, pra\u00adcu\u00adj\u0105\u00adce\u00adgo w&nbsp;Repu\u00adbli\u00adce \u015arod\u00adko\u00adwo\u00adafry\u00adka\u0144\u00adskiej. Misjo\u00adnarz podzie\u00adli si\u0119 z&nbsp;nami do\u015bwiad\u00adcze\u00adnia\u00admi ze swo\u00adjej pra\u00adcy w\u015br\u00f3d tam\u00adtej\u00adszej spo\u00ad\u0142ecz\u00adno\u00ad\u015bci. Przed ko\u015bcio\u00ad\u0142em b\u0119dzie zbie\u00adra\u0142 dat\u00adki na rzecz pomo\u00adcy oso\u00adbom bied\u00adnym. W&nbsp;zwi\u0105z\u00adku z&nbsp;roz\u00adpo\u00adczy\u00adna\u00adj\u0105\u00adcy\u00admi si\u0119 waka\u00adcja\u00admi ju\u017c w&nbsp;przy\u00adsz\u0142\u0105 nie\u00addzie\u00adl\u0119 zapra\u00adsza\u00admy na Msz\u0119 \u015bw. w&nbsp;Ostro\u00adwi\u00adtem o&nbsp;godz. 16.00.<\/span><\/p>\n<\/li>\n<li>\n<p align=\"justify\"><span style=\"font-family: helvetica, arial, sans-serif; font-size: 12pt;\">Dzi\u00adsiaj po Mszach \u015bw. Ryce\u00adrze Kolum\u00adba roz\u00adpro\u00adwa\u00addza\u00adj\u0105 koszul\u00adki z&nbsp;naszym para\u00adfial\u00adnym logo. Mo\u017ce to by\u0107 mi\u0142y pre\u00adzent na Dzie\u0144&nbsp;Ojca.<\/span><\/p>\n<\/li>\n<li>\n<p align=\"justify\"><span style=\"font-family: helvetica, arial, sans-serif; font-size: 12pt;\">Msze \u015bw. w&nbsp;tym tygodniu:<\/span><\/p>\n<\/li>\n<\/ol>\n<p align=\"justify\"><span style=\"font-size: 12pt; font-family: helvetica, arial, sans-serif;\">- w&nbsp;<b>I&nbsp;rocz\u00adni\u00adc\u0119 \u015bmier\u00adci za \u015b.p.<\/b> Pio\u00adtra Moczy\u00add\u0142o w&nbsp;\u015bro\u00add\u0119 o&nbsp;godz. 8.45<\/span><\/p>\n<p align=\"justify\"><span style=\"font-size: 12pt; font-family: helvetica, arial, sans-serif;\">- w&nbsp;<b>30 dzie\u0144 po pogrze\u00adbie za \u015b.p<\/b>. Jana Brze\u00adzi\u0144\u00adskie\u00adgo we wto\u00adrek o&nbsp;godz. 18.00, Ali\u00adcj\u0119 Bru\u00adsk\u0105 w&nbsp;czwar\u00adtek o&nbsp;godz. 18.00, Ryszar\u00adda Pi\u00f3r w&nbsp;pi\u0105\u00adtek o&nbsp;godz. 18.00<\/span><\/p>\n<p align=\"justify\"><span style=\"font-family: helvetica, arial, sans-serif; font-size: 12pt;\">- zmar\u00ad\u0142ych w&nbsp;ostat\u00adnim kwar\u00adta\u00adle cz\u0142on\u00adk\u00f3w AD\u015a: \u015b.p. Kry\u00adsty\u00adn\u0119 Kar\u00adkosz\u00adka i&nbsp;Zofi\u0119 Ja\u017c\u00add\u017cew\u00adsk\u0105 w&nbsp;sobo\u00adt\u0119 o&nbsp;godz. 8.45.<\/span><\/p>\n<p align=\"justify\"><span style=\"font-family: helvetica, arial, sans-serif; font-size: 12pt;\">W tym tygo\u00addniu po\u017ce\u00adgna\u00adli\u00ad\u015bmy z&nbsp;naszej wsp\u00f3l\u00adno\u00adty \u015b.p. Sta\u00adni\u00ads\u0142a\u00adwa K\u0105ko\u00adlew\u00adskie\u00adgo z&nbsp;ul. Gen. Hal\u00adle\u00adra, Urszu\u00adl\u0119 Ossow\u00adsk\u0105 z&nbsp;Kla\u00adska\u00adwy, Andrze\u00adja \u015awi\u0105\u00adtek z&nbsp;Al. Tysi\u0105c\u00adle\u00adcia i&nbsp;Kry\u00adsty\u00adn\u0119 Czar\u00adnow\u00adsk\u0105 ze Szcze\u00adci\u00adna. W&nbsp;ponie\u00addzia\u00ad\u0142ek o&nbsp;godz. 11.30 odb\u0119\u00addzie si\u0119 pogrzeb \u015b.p. Jadwi\u00adgi Rekow\u00adskiej z&nbsp;B\u0119d\u017a\u00admi\u00adro\u00adwic (daw\u00adniej z&nbsp;Gutow\u00adca), a&nbsp;we wto\u00adrek o&nbsp;godz. 11.00 pogrzeb \u015b.p. Janu\u00adsza Sikor\u00adskie\u00adgo z&nbsp;B\u0119d\u017a\u00admi\u00adro\u00adwic. Wiecz\u00adny odpoczynek&nbsp;\u2026<\/span><\/p>\n<p align=\"justify\">\n<\/p>","protected":false},"excerpt":{"rendered":"<p>Ser\u00addecz\u00adnie dzi\u0119\u00adku\u00adje\u00admy za ofia\u00adry na kolek\u00adt\u0119 inwe\u00adsty\u00adcyj\u00adn\u0105 w&nbsp;ubie\u00adg\u0142\u0105 nie\u00addzie\u00adl\u0119. Zebra\u00adli\u00ad\u015bmy 11&nbsp;560 z\u0142. B\u00f3g zap\u0142a\u0107 za r\u00f3w\u00adnie\u017c za dzi\u00adsiej\u00adsze ofia\u00adry na remont nasze\u00adgo WSD w&nbsp;Pel\u00adpli\u00adnie. Trwa Okta\u00adwa Uro\u00adczy\u00adsto\u00ad\u015bci Bo\u017ce\u00adgo Cia\u00ad\u0142a. Nabo\u00ad\u017ce\u0144\u00adstwo czerw\u00adco\u00adwe z&nbsp;pro\u00adce\u00adsj\u0105 Eucha\u00adry\u00adstycz\u00adn\u0105 w&nbsp;dni powsze\u00addnie do pi\u0105t\u00adku w\u0142\u0105cz\u00adnie po Mszy \u2026 <a href=\"https:\/\/www.parafia-czersk.pl\/?p=517\">Czy\u00adtaj dalej <span class=\"meta-nav\">\u2192<\/span><\/a><\/p>\n","protected":false},"author":1,"featured_media":0,"comment_status":"closed","ping_status":"open","sticky":false,"template":"","format":"standard","meta":{"pagelayer_contact_templates":[],"_pagelayer_content":"","wp_typography_post_enhancements_disabled":false,"footnotes":""},"categories":[3],"tags":[],"class_list":["post-517","post","type-post","status-publish","format-standard","hentry","category-ogloszenia"],"aioseo_notices":[],"_links":{"self":[{"href":"https:\/\/www.parafia-czersk.pl\/index.php?rest_route=\/wp\/v2\/posts\/517","targetHints":{"allow":["GET"]}}],"collection":[{"href":"https:\/\/www.parafia-czersk.pl\/index.php?rest_route=\/wp\/v2\/posts"}],"about":[{"href":"https:\/\/www.parafia-czersk.pl\/index.php?rest_route=\/wp\/v2\/types\/post"}],"author":[{"embeddable":true,"href":"https:\/\/www.parafia-czersk.pl\/index.php?rest_route=\/wp\/v2\/users\/1"}],"replies":[{"embeddable":true,"href":"https:\/\/www.parafia-czersk.pl\/index.php?rest_route=%2Fwp%2Fv2%2Fcomments&post=517"}],"version-history":[{"count":2,"href":"https:\/\/www.parafia-czersk.pl\/index.php?rest_route=\/wp\/v2\/posts\/517\/revisions"}],"predecessor-version":[{"id":693,"href":"https:\/\/www.parafia-czersk.pl\/index.php?rest_route=\/wp\/v2\/posts\/517\/revisions\/693"}],"wp:attachment":[{"href":"https:\/\/www.parafia-czersk.pl\/index.php?rest_route=%2Fwp%2Fv2%2Fmedia&parent=517"}],"wp:term":[{"taxonomy":"category","embeddable":true,"href":"https:\/\/www.parafia-czersk.pl\/index.php?rest_route=%2Fwp%2Fv2%2Fcategories&post=517"},{"taxonomy":"post_tag","embeddable":true,"href":"https:\/\/www.parafia-czersk.pl\/index.php?rest_route=%2Fwp%2Fv2%2Ftags&post=517"}],"curies":[{"name":"wp","href":"https:\/\/api.w.org\/{rel}","templated":true}]}}