{"id":522,"date":"2022-06-29T20:04:47","date_gmt":"2022-06-29T20:04:47","guid":{"rendered":"http:\/\/parafia-czersk.pl\/word2\/?p=522"},"modified":"2022-06-29T20:04:47","modified_gmt":"2022-06-29T20:04:47","slug":"intencje-mszalne-od-27-06-do-03-07-2022","status":"publish","type":"post","link":"https:\/\/www.parafia-czersk.pl\/?p=522","title":{"rendered":"Intencje Mszalne od 27\u2009\u2013\u200906 do 03-07-2022"},"content":{"rendered":"<table width=\"874\" cellspacing=\"0\" cellpadding=\"9\">\n<tbody>\n<tr>\n<td width=\"135\">\n<p class=\"western\" align=\"center\"><span style=\"font-family: Times New Roman, serif; font-size: 12pt;\">Ponie\u00addzia\u00ad\u0142ek<\/span><\/p>\n<p class=\"western\" align=\"center\"><span style=\"font-family: Times New Roman, serif; font-size: 12pt;\">27.06.2022<\/span><\/p>\n<\/td>\n<td valign=\"top\" width=\"702\">\n<p class=\"western\" align=\"justify\"><span style=\"font-size: 12pt;\"><span style=\"font-family: Times New Roman, serif;\"><b>6:30 <\/b><\/span><span style=\"font-family: Times New Roman, serif;\">+ O&nbsp;dar nie\u00adba dla J\u00f3ze\u00adfa Wycin\u00adka (on) w&nbsp;r. ur. i&nbsp;za \u017con\u0119 Krystyn\u0119<\/span><\/span><\/p>\n<p class=\"western\" align=\"justify\"><span style=\"font-size: 12pt;\"><span style=\"font-family: Times New Roman, serif;\"><b>8:45<\/b><\/span><span style=\"font-family: Times New Roman, serif;\"> W&nbsp;inten\u00adcji&nbsp;APDC<\/span><\/span><\/p>\n<p class=\"western\" align=\"justify\"><span style=\"font-size: 12pt;\"><span style=\"font-family: Times New Roman, serif;\"><b>8:45<\/b><\/span><span style=\"font-family: Times New Roman, serif;\"> + <\/span><span style=\"font-family: Cambria, serif;\">Wac\u0142aw Sumion\u00adka \u2013 greg.&nbsp;3<\/span><\/span><\/p>\n<p class=\"western\" align=\"justify\"><span style=\"font-size: 12pt;\"><span style=\"font-family: Times New Roman, serif;\"><b>18:00 <\/b><\/span><span style=\"font-family: Times New Roman, serif;\">O&nbsp;zdro\u00adwie i&nbsp;Bo\u017ce b\u0142o\u00adgo\u00ads\u0142a\u00adwie\u0144\u00adstwo oraz Dary Ducha \u015awi\u0119\u00adte\u00adgo dla Marii i&nbsp;Micha\u00ad\u0142a i&nbsp;Igora<\/span><\/span><\/p>\n<\/td>\n<\/tr>\n<tr>\n<td width=\"135\">\n<p class=\"western\" align=\"center\"><span style=\"font-family: Times New Roman, serif; font-size: 12pt;\">Wto\u00adrek<\/span><\/p>\n<p class=\"western\" align=\"center\"><span style=\"font-family: Times New Roman, serif; font-size: 12pt;\">28.06.2022<\/span><\/p>\n<\/td>\n<td valign=\"top\" width=\"702\">\n<p class=\"western\" align=\"justify\"><span style=\"font-size: 12pt;\"><span style=\"font-family: Times New Roman, serif;\"><b>6:30 <\/b><\/span><span style=\"font-family: Times New Roman, serif;\">+ Piotr Pra\u00adbuc\u00adki w&nbsp;3 r.&nbsp;\u015bm.<\/span><\/span><\/p>\n<p class=\"western\" align=\"justify\"><span style=\"font-size: 12pt;\"><span style=\"font-family: Times New Roman, serif;\"><b>8:45<\/b><\/span><span style=\"font-family: Times New Roman, serif;\"> + Kry\u00adsty\u00adna Kono\u00adno\u00adwicz w&nbsp;2 r.&nbsp;\u015bm.<\/span><\/span><\/p>\n<p class=\"western\" align=\"justify\"><span style=\"font-size: 12pt;\"><span style=\"font-family: Times New Roman, serif;\"><b>8:45<\/b><\/span><span style=\"font-family: Times New Roman, serif;\"> + Zofia Ja\u017c\u00add\u017cew\u00adska w&nbsp;30 dzie\u0144 po pogrzebie<\/span><\/span><\/p>\n<p class=\"western\" align=\"justify\"><span style=\"font-size: 12pt;\"><span style=\"font-family: Times New Roman, serif;\"><b>8:45 <\/b><\/span><span style=\"font-family: Times New Roman, serif;\">+ <\/span><span style=\"font-family: Cambria, serif;\">Wac\u0142aw Sumion\u00adka \u2013 greg.&nbsp;4<\/span><\/span><\/p>\n<p class=\"western\" align=\"justify\"><span style=\"font-size: 12pt;\"><span style=\"font-family: Times New Roman, serif;\"><b>18:00<\/b><\/span><span style=\"font-family: Times New Roman, serif;\"> + Kamil Nie\u00adrzwic\u00adki w&nbsp;dniu uro\u00addzin, mama Bo\u017ce\u00adna, sio\u00adstra Anna, brat Marcin<\/span><\/span><\/p>\n<\/td>\n<\/tr>\n<tr>\n<td width=\"135\">\n<p class=\"western\" align=\"center\"><span style=\"font-family: Times New Roman, serif; font-size: 12pt;\">\u015aro\u00adda 29.06.2022<\/span><\/p>\n<p class=\"western\" align=\"center\"><span style=\"color: #0070c0; font-size: 12pt;\"><span style=\"font-family: Times New Roman, serif;\"><b>UROCZYSTO\u015a\u0106<\/b><\/span><\/span><\/p>\n<p class=\"western\" align=\"center\"><span style=\"color: #0070c0; font-size: 12pt;\"><span style=\"font-family: Times New Roman, serif;\"><b>\u015aW. AP.<\/b><\/span><\/span><\/p>\n<p class=\"western\" align=\"center\"><span style=\"color: #0070c0; font-size: 12pt;\"><span style=\"font-family: Times New Roman, serif;\"><b>PIOTRA I&nbsp;PAW\u0141A<\/b><\/span><\/span><\/p>\n<\/td>\n<td valign=\"top\" width=\"702\">\n<p class=\"western\" align=\"justify\"><span style=\"font-size: 12pt;\"><span style=\"font-family: Times New Roman, serif;\"><b>6:30 <\/b><\/span><span style=\"font-family: Times New Roman, serif;\">+ Augu\u00adstyn Wry\u0142\u00adka i&nbsp;Jadwi\u00adga Wry\u0142ka<\/span><\/span><\/p>\n<p class=\"western\" align=\"justify\"><span style=\"font-size: 12pt;\"><span style=\"font-family: Times New Roman, serif;\"><b>8:45 <\/b><\/span><span style=\"font-family: Times New Roman, serif;\">+ Piotr Oresz\u00adczuk i&nbsp;\u017cona Zofia<\/span><\/span><\/p>\n<p class=\"western\" align=\"justify\"><span style=\"font-size: 12pt;\"><span style=\"font-family: Times New Roman, serif;\"><b>8:45 <\/b><\/span><span style=\"font-family: Times New Roman, serif;\">+ <\/span><span style=\"font-family: Cambria, serif;\">Wac\u0142aw Sumion\u00adka \u2013 greg.&nbsp;5<\/span><\/span><\/p>\n<p class=\"western\" align=\"justify\"><span style=\"font-size: 12pt;\"><span style=\"font-family: Times New Roman, serif;\"><b>18:00 <\/b><\/span><span style=\"font-family: Times New Roman, serif;\">+ Piotr z&nbsp;oka\u00adzji r. \u015bm., Cze\u00ads\u0142aw w&nbsp;1 r.&nbsp;\u015bm.<\/span><\/span><\/p>\n<\/td>\n<\/tr>\n<tr>\n<td width=\"135\">\n<p class=\"western\" align=\"center\"><span style=\"font-family: Times New Roman, serif; font-size: 12pt;\">Czwar\u00adtek<\/span><\/p>\n<p class=\"western\" align=\"center\"><span style=\"font-family: Times New Roman, serif; font-size: 12pt;\">30.06.2022<\/span><\/p>\n<\/td>\n<td valign=\"top\" width=\"702\">\n<p class=\"western\" align=\"justify\"><span style=\"font-size: 12pt;\"><span style=\"font-family: Times New Roman, serif;\"><b>6:30 <\/b><\/span><span style=\"font-family: Times New Roman, serif;\">Za Mari\u0119 i&nbsp;Arka\u00addiu\u00adsza w&nbsp;12 r. \u015blu\u00adbu, o&nbsp;Bo\u017ce b\u0142o\u00adgo\u00ads\u0142a\u00adwie\u0144\u00adstwo, opie\u00adk\u0119 mat\u00adki Boskiej dla nich i&nbsp;dla dzieci<\/span><\/span><\/p>\n<p class=\"western\" align=\"justify\"><span style=\"font-size: 12pt;\"><span style=\"font-family: Times New Roman, serif;\"><b>8:45 <\/b><\/span><span style=\"font-family: Times New Roman, serif;\">+ Ire\u00adna i&nbsp;Hie\u00adro\u00adnim Zab\u0142oc\u00adcy z&nbsp;oka\u00adzji r. \u015bm. i&nbsp;Ste\u00adfan Lewi\u0144ski<\/span><\/span><\/p>\n<p class=\"western\" align=\"justify\"><span style=\"font-size: 12pt;\"><span style=\"font-family: Times New Roman, serif;\"><b>8:45 <\/b><\/span><span style=\"font-family: Times New Roman, serif;\">+ <\/span><span style=\"font-family: Cambria, serif;\">Wac\u0142aw Sumion\u00adka \u2013 greg.&nbsp;6<\/span><\/span><\/p>\n<p class=\"western\" align=\"justify\"><span style=\"font-size: 12pt;\"><span style=\"font-family: Times New Roman, serif;\"><b>18:00<\/b><\/span><span style=\"font-family: Times New Roman, serif;\"> + Ire\u00adna Kulas w&nbsp;5 r. \u015bm. oraz brat Hen\u00adryk i&nbsp;rodzice<\/span><\/span><\/p>\n<p class=\"western\" align=\"justify\"><span style=\"font-family: Times New Roman, serif; font-size: 12pt;\">18:00 Z&nbsp;podzi\u0119\u00adko\u00adwa\u00adniem za ode\u00adbra\u00adne \u0142aski, z&nbsp;pro\u015b\u00adb\u0105 o&nbsp;Bo\u017ce b\u0142o\u00adgo\u00ads\u0142a\u00adwie\u0144\u00adstwo dla Karo\u00adli\u00adny i&nbsp;Paw\u00ad\u0142a w&nbsp;10 r.&nbsp;\u015blubu<\/span><\/p>\n<\/td>\n<\/tr>\n<tr>\n<td width=\"135\">\n<p class=\"western\" align=\"center\"><span style=\"font-family: Times New Roman, serif; font-size: 12pt;\">Pi\u0105\u00adtek<\/span><\/p>\n<p class=\"western\" align=\"center\"><span style=\"font-family: Times New Roman, serif; font-size: 12pt;\">01.07.2022<\/span><\/p>\n<\/td>\n<td valign=\"top\" width=\"702\">\n<p class=\"western\" align=\"justify\"><span style=\"font-size: 12pt;\"><span style=\"font-family: Times New Roman, serif;\"><b>6:30<\/b><\/span><span style=\"font-family: Times New Roman, serif;\"> + Hali\u00adna i&nbsp;Hen\u00adryk Jene\u00adral\u00adscy w&nbsp;dniu imie\u00adnin Haliny<\/span><\/span><\/p>\n<p class=\"western\" align=\"justify\"><span style=\"font-size: 12pt;\"><span style=\"font-family: Times New Roman, serif;\"><b>8:45<\/b><\/span><span style=\"font-family: Times New Roman, serif;\"> W&nbsp;inten\u00adcji trze\u017awo\u015bci<\/span><\/span><\/p>\n<p class=\"western\" align=\"justify\"><span style=\"font-size: 12pt;\"><span style=\"font-family: Times New Roman, serif;\"><b>8:45<\/b><\/span><span style=\"font-family: Times New Roman, serif;\"> + Mie\u00adczy\u00ads\u0142aw Rekow\u00adski w&nbsp;30 dzie\u0144 po pogrzebie<\/span><\/span><\/p>\n<p class=\"western\" align=\"justify\"><span style=\"font-size: 12pt;\"><span style=\"font-family: Times New Roman, serif;\"><b>8:45 <\/b><\/span><span style=\"font-family: Times New Roman, serif;\">+ <\/span><span style=\"font-family: Cambria, serif;\">Wac\u0142aw Sumion\u00adka \u2013 greg.&nbsp;7<\/span><\/span><\/p>\n<p class=\"western\" align=\"justify\"><span style=\"font-size: 12pt;\"><span style=\"font-family: Times New Roman, serif;\"><b>18:00 <\/b><\/span><span style=\"font-family: Times New Roman, serif;\">+ Anie\u00adla, Jani\u00adna, Anto\u00adni Haf\u00adke i&nbsp;zmar\u00adli z&nbsp;rodziny<\/span><\/span><\/p>\n<\/td>\n<\/tr>\n<tr>\n<td width=\"135\" height=\"85\">\n<p class=\"western\" align=\"center\"><span style=\"color: #0070c0; font-size: 12pt;\"><span style=\"font-family: Times New Roman, serif;\"><b>Sobo\u00adta<\/b><\/span><\/span><\/p>\n<p class=\"western\" align=\"center\"><span style=\"color: #0070c0; font-size: 12pt;\"><span style=\"font-family: Times New Roman, serif;\"><b>02.07.2022<\/b><\/span><\/span><\/p>\n<\/td>\n<td valign=\"top\" width=\"702\">\n<p class=\"western\" align=\"justify\"><span style=\"font-size: 12pt;\"><span style=\"font-family: Times New Roman, serif;\"><b>6:30 <\/b><\/span><span style=\"font-family: Times New Roman, serif;\">+ Mie\u00adczy\u00ads\u0142aw Bra\u0144ka<\/span><\/span><\/p>\n<p class=\"western\" align=\"justify\"><span style=\"font-size: 12pt;\"><span style=\"font-family: Times New Roman, serif;\"><b>8:45<\/b><\/span><span style=\"font-family: Times New Roman, serif;\"> W&nbsp;inten\u00adcji Rycer\u00adstwa Niepokalanej<\/span><\/span><\/p>\n<p class=\"western\" align=\"justify\"><span style=\"font-size: 12pt;\"><span style=\"font-family: Times New Roman, serif;\"><b>8:45 <\/b><\/span><span style=\"font-family: Times New Roman, serif;\">+ <\/span><span style=\"font-family: Cambria, serif;\">Wac\u0142aw Sumion\u00adka \u2013 greg.&nbsp;8<\/span><\/span><\/p>\n<p class=\"western\" align=\"justify\"><span style=\"font-family: Times New Roman, serif; font-size: 12pt;\"><b>15:00 \u015alub<\/b><\/span><\/p>\n<p class=\"western\" align=\"justify\"><span style=\"font-family: Times New Roman, serif; font-size: 12pt;\"><b>16:00 \u015alub<\/b><\/span><\/p>\n<p class=\"western\" align=\"justify\"><span style=\"font-size: 12pt;\"><span style=\"font-family: Times New Roman, serif;\"><b>17:00 <\/b><\/span><span style=\"font-family: Times New Roman, serif;\">Z&nbsp;podzi\u0119\u00adko\u00adwa\u00adniem za ode\u00adbra\u00adne \u0142aski, z&nbsp;pro\u015b\u00adb\u0105 o&nbsp;Bo\u017ce b\u0142o\u00adgo\u00ads\u0142a\u00adwie\u0144\u00adstwo dla Tere\u00adsy i&nbsp;Maria\u00adna Remisz w&nbsp;50 r.&nbsp;\u015blubu<\/span><\/span><\/p>\n<p class=\"western\" align=\"justify\"><span style=\"font-size: 12pt;\"><span style=\"font-family: Times New Roman, serif;\"><b>18:00 <\/b><\/span><span style=\"font-family: Times New Roman, serif;\">+ Ste\u00adfan Plichta<\/span><\/span><\/p>\n<\/td>\n<\/tr>\n<tr>\n<td width=\"135\" height=\"203\">\n<p class=\"western\" align=\"center\"><span style=\"color: #ff0000; font-size: 12pt;\"><span style=\"font-family: Times New Roman, serif;\"><b>Nie\u00addzie\u00adla<\/b><\/span><\/span><\/p>\n<p class=\"western\" align=\"center\"><span style=\"color: #ff0000; font-size: 12pt;\"><span style=\"font-family: Times New Roman, serif;\"><b>03.07.2022<\/b><\/span><\/span><\/p>\n<\/td>\n<td valign=\"top\" width=\"702\">\n<p class=\"western\"><span style=\"font-size: 12pt;\"><span style=\"font-family: Times New Roman, serif;\"><b>6:30 <\/b><\/span><span style=\"font-family: Times New Roman, serif;\">+ Wie\u00ads\u0142aw&nbsp;Szulc<\/span><\/span><\/p>\n<p class=\"western\"><span style=\"font-size: 12pt;\"><span style=\"font-family: Times New Roman, serif;\"><b>7:30 + <\/b><\/span><span style=\"font-family: Times New Roman, serif;\">Adam Mil\u00adke z&nbsp;oka\u00adzji uro\u00addzin i&nbsp;rodzice<\/span><\/span><\/p>\n<p class=\"western\" align=\"justify\"><span style=\"font-size: 12pt;\"><span style=\"font-family: Times New Roman, serif;\"><b>8:45<\/b><\/span><span style=\"font-family: Times New Roman, serif;\"> W&nbsp;inten\u00adcji dzia\u00ad\u0142a\u00adczy, tre\u00adne\u00adr\u00f3w i&nbsp;zawod\u00adni\u00adk\u00f3w klu\u00adbu spor\u00adto\u00adwe\u00adgo \u201eBoro\u00adwiak\u201d <\/span><\/span><\/p>\n<p class=\"western\" align=\"justify\"><span style=\"font-size: 12pt;\"><span style=\"font-family: Times New Roman, serif;\"><b>8:45<\/b><\/span><span style=\"font-family: Times New Roman, serif;\"> W&nbsp;inten\u00adcji R\u00f3\u017c R\u00f3\u017ca\u0144cowych<\/span><\/span><\/p>\n<p class=\"western\" align=\"justify\"><span style=\"font-size: 12pt;\"><span style=\"font-family: Times New Roman, serif;\"><b>10:00<\/b><\/span><span style=\"font-family: Times New Roman, serif;\"> + Cze\u00ads\u0142a\u00adwa Gref\u00adka w&nbsp;1 r. \u015bm., m\u0105\u017c W\u0142adys\u0142aw<\/span><\/span><\/p>\n<p class=\"western\" align=\"justify\"><span style=\"font-size: 12pt;\"><span style=\"font-family: Times New Roman, serif;\"><b>11:00<\/b><\/span><span style=\"font-family: Times New Roman, serif;\"> + Kazi\u00admierz Pra\u00adbuc\u00adki w&nbsp;7 r.&nbsp;\u015bm.<\/span><\/span><\/p>\n<p class=\"western\" align=\"justify\"><span style=\"font-size: 12pt;\"><span style=\"font-family: Times New Roman, serif;\"><b>12:30<\/b><\/span><span style=\"font-family: Times New Roman, serif;\"> + Wero\u00adni\u00adka i&nbsp;Fran\u00adci\u00adszek \u017babi\u0144\u00adscy, syn Jan i&nbsp;Czes\u0142aw<\/span><\/span><\/p>\n<p class=\"western\" align=\"justify\"><span style=\"font-size: 12pt;\"><span style=\"font-family: Times New Roman, serif;\"><b>12:30<\/b><\/span><span style=\"font-family: Times New Roman, serif;\"> + <\/span><span style=\"font-family: Cambria, serif;\">Wac\u0142aw Sumion\u00adka \u2013 greg.&nbsp;9<\/span><\/span><\/p>\n<p class=\"western\" align=\"justify\"><span style=\"font-size: 12pt;\"><span style=\"font-family: Times New Roman, serif;\"><b>16:00 OSTROWTE:<\/b><\/span><span style=\"font-family: Times New Roman, serif;\"> + syn Bene\u00addykt Pru\u00adszak i&nbsp;m\u0105\u017c Roman<\/span><\/span><\/p>\n<p class=\"western\" align=\"justify\"><span style=\"font-size: 12pt;\"><span style=\"font-family: Times New Roman, serif;\"><b>18:00 <\/b><\/span><span style=\"font-family: Times New Roman, serif;\">+ Wan\u00adda i&nbsp;Zyg\u00admunt Jakubowscy<\/span><\/span><\/p>\n<\/td>\n<\/tr>\n<\/tbody>\n<\/table>\n<p class=\"western\">\n<\/p>","protected":false},"excerpt":{"rendered":"<p>Ponie\u00addzia\u00ad\u0142ek 27.06.2022 6:30 + O&nbsp;dar nie\u00adba dla J\u00f3ze\u00adfa Wycin\u00adka (on) w&nbsp;r. ur. i&nbsp;za \u017con\u0119 Kry\u00adsty\u00adn\u0119 8:45 W&nbsp;inten\u00adcji&nbsp;APDC 8:45 + Wac\u0142aw Sumion\u00adka \u2013 greg.&nbsp;3&nbsp;18:00 O&nbsp;zdro\u00adwie i&nbsp;Bo\u017ce b\u0142o\u00adgo\u00ads\u0142a\u00adwie\u0144\u00adstwo oraz Dary Ducha \u015awi\u0119\u00adte\u00adgo dla Marii i&nbsp;Micha\u00ad\u0142a i&nbsp;Igo\u00adra Wto\u00adrek 28.06.2022 6:30 + Piotr \u2026 <a href=\"https:\/\/www.parafia-czersk.pl\/?p=522\">Czy\u00adtaj dalej <span class=\"meta-nav\">\u2192<\/span><\/a><\/p>\n","protected":false},"author":1,"featured_media":0,"comment_status":"closed","ping_status":"open","sticky":false,"template":"","format":"standard","meta":{"pagelayer_contact_templates":[],"_pagelayer_content":"","wp_typography_post_enhancements_disabled":false,"footnotes":""},"categories":[2],"tags":[],"class_list":["post-522","post","type-post","status-publish","format-standard","hentry","category-intencje"],"aioseo_notices":[],"_links":{"self":[{"href":"https:\/\/www.parafia-czersk.pl\/index.php?rest_route=\/wp\/v2\/posts\/522","targetHints":{"allow":["GET"]}}],"collection":[{"href":"https:\/\/www.parafia-czersk.pl\/index.php?rest_route=\/wp\/v2\/posts"}],"about":[{"href":"https:\/\/www.parafia-czersk.pl\/index.php?rest_route=\/wp\/v2\/types\/post"}],"author":[{"embeddable":true,"href":"https:\/\/www.parafia-czersk.pl\/index.php?rest_route=\/wp\/v2\/users\/1"}],"replies":[{"embeddable":true,"href":"https:\/\/www.parafia-czersk.pl\/index.php?rest_route=%2Fwp%2Fv2%2Fcomments&post=522"}],"version-history":[{"count":1,"href":"https:\/\/www.parafia-czersk.pl\/index.php?rest_route=\/wp\/v2\/posts\/522\/revisions"}],"predecessor-version":[{"id":523,"href":"https:\/\/www.parafia-czersk.pl\/index.php?rest_route=\/wp\/v2\/posts\/522\/revisions\/523"}],"wp:attachment":[{"href":"https:\/\/www.parafia-czersk.pl\/index.php?rest_route=%2Fwp%2Fv2%2Fmedia&parent=522"}],"wp:term":[{"taxonomy":"category","embeddable":true,"href":"https:\/\/www.parafia-czersk.pl\/index.php?rest_route=%2Fwp%2Fv2%2Fcategories&post=522"},{"taxonomy":"post_tag","embeddable":true,"href":"https:\/\/www.parafia-czersk.pl\/index.php?rest_route=%2Fwp%2Fv2%2Ftags&post=522"}],"curies":[{"name":"wp","href":"https:\/\/api.w.org\/{rel}","templated":true}]}}