{"id":524,"date":"2022-06-29T20:05:55","date_gmt":"2022-06-29T20:05:55","guid":{"rendered":"http:\/\/parafia-czersk.pl\/word2\/?p=524"},"modified":"2022-06-29T20:05:55","modified_gmt":"2022-06-29T20:05:55","slug":"xiii-niedziela-zwykla-26-czerwca-2022-r","status":"publish","type":"post","link":"https:\/\/www.parafia-czersk.pl\/?p=524","title":{"rendered":"XIII NIEDZIELA ZWYK\u0141A  26 czerwca 2022&nbsp;r."},"content":{"rendered":"<ol>\n<li>\n<p style=\"text-align: justify;\"><span style=\"font-family: Times New Roman, serif; font-size: 12pt;\">W zwi\u0105z\u00adku z&nbsp;roz\u00adpo\u00adczy\u00adna\u00adj\u0105\u00adcy\u00admi si\u0119 waka\u00adcja\u00admi, ser\u00addecz\u00adnie wita\u00admy w&nbsp;naszej para\u00adfii wszyst\u00adkich urlo\u00adpo\u00adwi\u00adcz\u00f3w i&nbsp;\u017cyczy\u00admy wspa\u00adnia\u00ad\u0142e\u00adgo wypo\u00adczyn\u00adku. Wyko\u00adrzy\u00adstaj\u00admy ten czas r\u00f3w\u00adnie\u017c na pog\u0142\u0119\u00adbie\u00adnie rela\u00adcji z&nbsp;Bogiem. We wszyst\u00adkie nie\u00addzie\u00adle waka\u00adcji opra\u00adwia\u00admy Msze \u015bw. nad jezio\u00adrem w&nbsp;Ostro\u00adwi\u00adtem o&nbsp;godz. 16.00, na kt\u00f3\u00adre ser\u00addecz\u00adnie zapra\u00adsza\u00admy. Dzi\u00adsiaj w&nbsp;naszej para\u00adfii go\u015bci\u00admy misjo\u00adna\u00adrza z&nbsp;Afry\u00adki, o. kapu\u00adcy\u00adna Toma\u00adsza \u015awi\u00adta\u00ad\u0142\u0119, kt\u00f3\u00adry podzie\u00adli si\u0119 swo\u00adimi do\u015bwiad\u00adcze\u00adnia\u00admi z&nbsp;pra\u00adcy na misjach. Po Mszach \u015bw. przed ko\u015bcio\u00ad\u0142em odb\u0119\u00addzie si\u0119 zbi\u00f3r\u00adka do puszek na rzecz pomo\u00adcy potrze\u00adbu\u00adj\u0105\u00adcym w&nbsp;para\u00adfii o. Tomasza.<\/span><\/p>\n<\/li>\n<li style=\"text-align: justify;\"><span style=\"font-family: Times New Roman, serif; font-size: 12pt;\">W tym tygo\u00addniu zapra\u00adsza\u00admy jesz\u00adcze na nabo\u00ad\u017ce\u0144\u00adstwa czerw\u00adco\u00adwe po Mszach \u015bw. o&nbsp;godz. 8.45 i&nbsp;18.00.<\/span><\/li>\n<li style=\"text-align: justify;\"><span style=\"font-family: Times New Roman, serif; font-size: 12pt;\">W przy\u00adsz\u0142\u0105 nie\u00addzie\u00adl\u0119 odb\u0119\u00addzie si\u0119 nie\u00adco\u00addzien\u00adna uro\u00adczy\u00adsto\u015b\u0107, a&nbsp;mia\u00adno\u00adwi\u00adcie stu\u00adle\u00adcie nasze\u00adgo klu\u00adbu spor\u00adto\u00adwe\u00adgo \u201eBoro\u00adwiak\u201d. Wszyst\u00adkich by\u0142ych i&nbsp;aktu\u00adal\u00adnych pi\u0142\u00adka\u00adrzy, tre\u00adne\u00adr\u00f3w, dzia\u00ad\u0142a\u00adczy i&nbsp;kibi\u00adc\u00f3w zapra\u00adsza\u00admy na Msz\u0119 \u015bw. o&nbsp;godz. 8.45, kt\u00f3\u00adr\u0105 odpra\u00adwi\u00admy w&nbsp;ich inten\u00adcji oraz pole\u00adci\u00admy Bogu zmar\u00ad\u0142ych spor\u00adtow\u00adc\u00f3w. W&nbsp;sobo\u00adt\u0119 o&nbsp;godz. 12.00 odb\u0119\u00addzie si\u0119 pik\u00adnik na sta\u00addio\u00adnie miej\u00adskim. Po Mszy \u015bw. o&nbsp;godz. 8.45 odb\u0119\u00addzie si\u0119 spo\u00adtka\u00adnie \u017bywe\u00adgo R\u00f3\u017ca\u0144\u00adca. Kolek\u00adta przy\u00adsz\u0142ej nie\u00addzie\u00adli jest prze\u00adzna\u00adczo\u00adna na cele diecezjalne.<\/span><\/li>\n<li style=\"text-align: justify;\"><span style=\"font-size: 12pt;\"><span style=\"font-family: Times New Roman, serif;\">W \u015bro\u00add\u0119 obcho\u00addzi\u00admy <\/span><span style=\"font-family: Times New Roman, serif;\"><b>Uro\u00adczy\u00adsto\u015b\u0107 \u015awi\u0119\u00adtych Apo\u00adsto\u00ad\u0142\u00f3w Pio\u00adtra i&nbsp;Paw\u00ad\u0142a<\/b><\/span><span style=\"font-family: Times New Roman, serif;\">. Zapra\u00adsza\u00admy na Msze \u015bw. o&nbsp;godz. 6.30, 8.45 i&nbsp;18.00, w&nbsp;Krzy\u00ad\u017cu o&nbsp;godz. 17.00. Kolek\u00adta tego \u015bwi\u0119\u00adta jest prze\u00adzna\u00adczo\u00adna na Sto\u00adli\u00adc\u0119 Apo\u00adstol\u00adsk\u0105, tzw. \u015bwi\u0119topietrze.&nbsp;<\/span><\/span><\/li>\n<li style=\"text-align: justify;\"><span style=\"font-size: 12pt;\"><span style=\"font-family: Times New Roman, serif;\">W tym tygo\u00addniu przy\u00adpa\u00adda\u00adj\u0105 dni eucha\u00adry\u00adstycz\u00adne: pierw\u00adszy pi\u0105\u00adtek i&nbsp;sobo\u00adta mie\u00adsi\u0105\u00adca. Po ran\u00adnej Mszy \u015bw. ado\u00adra\u00adcja Naj\u00ad\u015bwi\u0119t\u00adsze\u00adgo Sakra\u00admen\u00adtu do godz. 8.45. Dodat\u00adko\u00adwa ado\u00adra\u00adcja w&nbsp;pi\u0105\u00adtek od godz. 17.00 do 18.00. W&nbsp;tym cza\u00adsie <\/span><span style=\"font-family: Times New Roman, serif;\">b\u0119dzie oka\u00adzja do spo\u00adwie\u00addzi \u015bw. pierw\u00adszo\u00adpi\u0105t\u00adko\u00adwej. Nie b\u0119dzie Mszy \u015bw. o&nbsp;godz. 16.20. W&nbsp;Krzy\u00ad\u017cu Msza \u015bw. o&nbsp;godz. 19.00, a&nbsp;przed Msz\u0105 \u015bw. oka\u00adzja do spo\u00adwie\u00addzi&nbsp;\u015bw.<\/span><\/span><\/li>\n<li style=\"text-align: justify;\"><span style=\"font-family: Times New Roman, serif; font-size: 12pt;\">W sobo\u00adt\u0119 zapra\u00adsza\u00admy na nabo\u00ad\u017ce\u0144\u00adstwo pierw\u00adszych pi\u0119\u00adciu sob\u00f3t mie\u00adsi\u0105\u00adca, jako wyna\u00adgro\u00addze\u00adnie znie\u00adwag wyrz\u0105\u00addza\u00adnych Mat\u00adce Bo\u017cej \u2013 pocz\u0105\u00adtek o&nbsp;godz. 7.45.<\/span><\/li>\n<li style=\"text-align: justify;\"><span style=\"font-family: Times New Roman, serif; font-size: 12pt;\">W naj\u00adbli\u017c\u00adsz\u0105 sobo\u00adt\u0119 nie b\u0119dzie odwie\u00addzin cho\u00adrych. Cho\u00adrych z&nbsp;pos\u0142u\u00adg\u0105 sakra\u00admen\u00adtal\u00adn\u0105 odwie\u00addzi\u00admy przed odpu\u00adstem, w&nbsp;\u015bro\u00add\u0119 20&nbsp;lipca.<\/span><\/li>\n<li style=\"text-align: justify;\"><span style=\"font-family: Times New Roman, serif; font-size: 12pt;\">Przy\u00adpo\u00admi\u00adna\u00admy, \u017ce w&nbsp;okre\u00adsie waka\u00adcyj\u00adnym w&nbsp;dni powsze\u00addnie ksi\u0119\u00ad\u017ca s\u0142u\u00adcha\u00adj\u0105 spo\u00adwie\u00addzi \u015bw.15 minut przed Msza\u00admi \u015bw. Nie b\u0119dzie spo\u00adwie\u00addzi pod\u00adczas Mszy&nbsp;\u015bw.<\/span><\/li>\n<li style=\"text-align: justify;\"><span style=\"font-size: 12pt;\"><span style=\"font-family: Times New Roman, serif;\">W waka\u00adcje <\/span><span style=\"color: #ff0000;\"><span style=\"font-family: Times New Roman, serif;\"><u><b>BIURO PARAFIALNE<\/b><\/u><\/span><\/span><u><b> <\/b><\/u><span style=\"font-family: Times New Roman, serif;\"> b\u0119dzie czyn\u00adne tyl\u00adko trzy dni w&nbsp;tygo\u00addniu: w&nbsp;<\/span><span style=\"color: #ff0000;\"><span style=\"font-family: Times New Roman, serif;\"><b>ponie\u00addzia\u0142\u00adki<\/b><\/span><\/span> <span style=\"font-family: Times New Roman, serif;\">w&nbsp;godz. 16.00\u221217.00; <\/span><span style=\"color: #ff0000;\"><span style=\"font-family: Times New Roman, serif;\"><b>w&nbsp;\u015bro\u00addy<\/b><\/span><\/span><b> <\/b><span style=\"font-family: Times New Roman, serif;\">od godz. 10.00\u221211.00 i&nbsp;<\/span><span style=\"color: #ff0000;\"><span style=\"font-family: Times New Roman, serif;\"><b>sobo\u00adty<\/b><\/span><\/span><span style=\"font-family: Times New Roman, serif;\"> od godz. 10.00\u221211.00. Pogrze\u00adby mo\u017c\u00adna zg\u0142a\u00adsza\u0107 przed po\u0142u\u00addniem we wszyst\u00adkie dni tygo\u00addnia (poza nie\u00addzie\u00adl\u0105). Je\u015bli to mo\u017c\u00adli\u00adwe, pro\u00adsi\u00admy wcze\u00ad\u015bniej um\u00f3\u00adwi\u0107 si\u0119 na spo\u00adtka\u00adnie telefonicznie.<\/span><\/span><\/li>\n<li style=\"text-align: justify;\"><span style=\"font-family: Times New Roman, serif; font-size: 12pt;\">We wto\u00adrek po wie\u00adczor\u00adnej Mszy \u015bw. w&nbsp;sal\u00adce para\u00adfial\u00adnej odb\u0119\u00addzie si\u0119 spo\u00adtka\u00adnie dzie\u00adci wyje\u017c\u00add\u017ca\u00adj\u0105\u00adcych na kolo\u00adnie do \u017bar\u00adnow\u00adca. Pozo\u00adsta\u00ad\u0142o jesz\u00adcze kil\u00adka miejsc wolnych.<\/span><\/li>\n<li style=\"text-align: justify;\"><span style=\"font-family: Times New Roman, serif; font-size: 12pt;\">W sobo\u00adt\u0119 przy\u00adpa\u00adda \u015bwi\u0119\u00adto krwio\u00addaw\u00adstwa. Z&nbsp;tej oka\u00adzji o&nbsp;godz. 13.00 odb\u0119\u00addzie si\u0119 na Pla\u00adcu Ostrow\u00adskie\u00adgo spo\u00adtka\u00adnie hono\u00adro\u00adwych daw\u00adc\u00f3w krwi, po\u0142\u0105\u00adczo\u00adne z&nbsp;odzna\u00adcze\u00adniem naj\u00adbar\u00addziej zas\u0142u\u00ad\u017co\u00adnych cz\u0142o\u00adn\u00f3w. Nato\u00admiast w&nbsp;przy\u00adsz\u0142\u0105 nie\u00addzie\u00adl\u0119 od godz. 10.00 b\u0119dzie mo\u017c\u00adna odda\u0107 krew w&nbsp;krwio\u00adbu\u00adsie, kt\u00f3\u00adry odwie\u00addzi Czersk.<\/span><\/li>\n<li style=\"text-align: justify;\"><span style=\"font-size: 12pt;\"><span style=\"font-family: Times New Roman, serif;\">W zakry\u00adstii i&nbsp;przy wyj\u00ad\u015bciu z&nbsp;ko\u015bcio\u00ad\u0142a do naby\u00adcia nowy numer <\/span><span style=\"font-family: Times New Roman, serif;\"><i>\u201ePiel\u00adgrzy\u00adma\u201d<\/i><\/span><span style=\"font-family: Times New Roman, serif;\">.<\/span><\/span><\/li>\n<li style=\"text-align: justify;\"><span style=\"font-family: Times New Roman, serif; font-size: 12pt;\">Msze \u015bw. w&nbsp;tym tygodniu:<\/span><\/li>\n<\/ol>\n<p style=\"text-align: justify;\"><span style=\"font-size: 12pt;\"><span style=\"font-family: Times New Roman, serif;\">- w&nbsp;<\/span><span style=\"font-family: Times New Roman, serif;\"><b>I&nbsp;rocz\u00adni\u00adc\u0119 \u015bmier\u00adci<\/b><\/span><span style=\"font-family: Times New Roman, serif;\"> za \u015b.p.: Cze\u00ads\u0142a\u00adwa w&nbsp;\u015bro\u00add\u0119 o&nbsp;godz. 18.00 i&nbsp;Cze\u00ads\u0142a\u00adwa Gref\u00adka w&nbsp;nie\u00addzie\u00adl\u0119 o&nbsp;godz. 10.00<\/span><\/span><\/p>\n<p style=\"text-align: justify;\"><span style=\"font-size: 12pt;\"><span style=\"font-family: Times New Roman, serif;\">- w&nbsp;<\/span><span style=\"font-family: Times New Roman, serif;\"><b>30 dzie\u0144 po pogrze\u00adbie<\/b><\/span><span style=\"font-family: Times New Roman, serif;\"> za \u015b.p.: Zofi\u0119 Ja\u017c\u00add\u017cew\u00adsk\u0105 we wto\u00adrek o&nbsp;godz. 8.45 i&nbsp;Mie\u00adczy\u00ads\u0142a\u00adwa Rekow\u00adskie\u00adgo w&nbsp;pi\u0105\u00adtek o&nbsp;godz. 8.45<\/span><\/span><\/p>\n<p style=\"text-align: justify;\"><span style=\"font-family: Times New Roman, serif; font-size: 12pt;\">- w&nbsp;inten\u00adcji dusz czy\u015b\u0107\u00adco\u00adwych od APDC w&nbsp;ponie\u00addzia\u00ad\u0142ek o&nbsp;godz. 8.45<\/span><\/p>\n<p style=\"text-align: justify;\"><span style=\"font-family: Times New Roman, serif; font-size: 12pt;\">- w&nbsp;inten\u00adcji trze\u017a\u00adwo\u00ad\u015bci w&nbsp;pi\u0105\u00adtek o&nbsp;godz. 8.45<\/span><\/p>\n<p style=\"text-align: justify;\"><span style=\"font-family: Times New Roman, serif; font-size: 12pt;\">- w&nbsp;inten\u00adcji Rycer\u00adstwa Nie\u00adpo\u00adka\u00adla\u00adnej w&nbsp;sobo\u00adt\u0119 o&nbsp;godz. 8.45<\/span><\/p>\n<p style=\"text-align: justify;\"><span style=\"font-family: Times New Roman, serif; font-size: 12pt;\">- w&nbsp;inten\u00adcji \u017bywe\u00adgo R\u00f3\u017ca\u0144\u00adca w&nbsp;nie\u00addzie\u00adl\u0119 o&nbsp;godz. 8.45<\/span><\/p>\n<ol style=\"text-align: justify;\" start=\"14\">\n<li><span style=\"font-family: Times New Roman, serif; font-size: 12pt;\">W tym tygo\u00addniu po\u017ce\u00adgna\u00adli\u00ad\u015bmy z&nbsp;naszej wsp\u00f3l\u00adno\u00adty \u015b.p.: Roma\u00adna Schmidt z&nbsp;ul. Polnej, Jadwi\u00adg\u0119 Rekow\u00adsk\u0105 i&nbsp;Andrze\u00adja Sikor\u00adskie\u00adgo z&nbsp;B\u0119d\u017a\u00admi\u00adro\u00adwic. Wiecz\u00adny odpoczynek&nbsp;\u2026&nbsp;<\/span><\/li>\n<\/ol>\n<p class=\"western\" style=\"text-align: justify;\">\n<\/p><p class=\"western\" style=\"text-align: justify;\">\n<\/p>","protected":false},"excerpt":{"rendered":"<p>W zwi\u0105z\u00adku z&nbsp;roz\u00adpo\u00adczy\u00adna\u00adj\u0105\u00adcy\u00admi si\u0119 waka\u00adcja\u00admi, ser\u00addecz\u00adnie wita\u00admy w&nbsp;naszej para\u00adfii wszyst\u00adkich urlo\u00adpo\u00adwi\u00adcz\u00f3w i&nbsp;\u017cyczy\u00admy wspa\u00adnia\u00ad\u0142e\u00adgo wypo\u00adczyn\u00adku. Wyko\u00adrzy\u00adstaj\u00admy ten czas r\u00f3w\u00adnie\u017c na pog\u0142\u0119\u00adbie\u00adnie rela\u00adcji z&nbsp;Bogiem. We wszyst\u00adkie nie\u00addzie\u00adle waka\u00adcji opra\u00adwia\u00admy Msze \u015bw. nad jezio\u00adrem w&nbsp;Ostro\u00adwi\u00adtem o&nbsp;godz. 16.00, na kt\u00f3\u00adre ser\u00addecz\u00adnie zapra\u00adsza\u00admy. Dzi\u00adsiaj w&nbsp;naszej \u2026 <a href=\"https:\/\/www.parafia-czersk.pl\/?p=524\">Czy\u00adtaj dalej <span class=\"meta-nav\">\u2192<\/span><\/a><\/p>\n","protected":false},"author":1,"featured_media":0,"comment_status":"closed","ping_status":"open","sticky":false,"template":"","format":"standard","meta":{"pagelayer_contact_templates":[],"_pagelayer_content":"","wp_typography_post_enhancements_disabled":false,"footnotes":""},"categories":[3],"tags":[],"class_list":["post-524","post","type-post","status-publish","format-standard","hentry","category-ogloszenia"],"aioseo_notices":[],"_links":{"self":[{"href":"https:\/\/www.parafia-czersk.pl\/index.php?rest_route=\/wp\/v2\/posts\/524","targetHints":{"allow":["GET"]}}],"collection":[{"href":"https:\/\/www.parafia-czersk.pl\/index.php?rest_route=\/wp\/v2\/posts"}],"about":[{"href":"https:\/\/www.parafia-czersk.pl\/index.php?rest_route=\/wp\/v2\/types\/post"}],"author":[{"embeddable":true,"href":"https:\/\/www.parafia-czersk.pl\/index.php?rest_route=\/wp\/v2\/users\/1"}],"replies":[{"embeddable":true,"href":"https:\/\/www.parafia-czersk.pl\/index.php?rest_route=%2Fwp%2Fv2%2Fcomments&post=524"}],"version-history":[{"count":1,"href":"https:\/\/www.parafia-czersk.pl\/index.php?rest_route=\/wp\/v2\/posts\/524\/revisions"}],"predecessor-version":[{"id":525,"href":"https:\/\/www.parafia-czersk.pl\/index.php?rest_route=\/wp\/v2\/posts\/524\/revisions\/525"}],"wp:attachment":[{"href":"https:\/\/www.parafia-czersk.pl\/index.php?rest_route=%2Fwp%2Fv2%2Fmedia&parent=524"}],"wp:term":[{"taxonomy":"category","embeddable":true,"href":"https:\/\/www.parafia-czersk.pl\/index.php?rest_route=%2Fwp%2Fv2%2Fcategories&post=524"},{"taxonomy":"post_tag","embeddable":true,"href":"https:\/\/www.parafia-czersk.pl\/index.php?rest_route=%2Fwp%2Fv2%2Ftags&post=524"}],"curies":[{"name":"wp","href":"https:\/\/api.w.org\/{rel}","templated":true}]}}