{"id":527,"date":"2022-07-04T09:47:34","date_gmt":"2022-07-04T09:47:34","guid":{"rendered":"http:\/\/parafia-czersk.pl\/word2\/?p=527"},"modified":"2022-07-04T09:48:32","modified_gmt":"2022-07-04T09:48:32","slug":"intencje-mszalne-od-04-04-do-10-07-2022-r","status":"publish","type":"post","link":"https:\/\/www.parafia-czersk.pl\/?p=527","title":{"rendered":"Intencje Mszalne od 04\u2009\u2013\u200904 do 10-07-2022 r."},"content":{"rendered":"<table width=\"874\" cellspacing=\"0\" cellpadding=\"9\">\n<tbody>\n<tr valign=\"top\">\n<td width=\"135\">\n<p class=\"western\" align=\"center\"><span style=\"font-family: times new roman, times, serif; font-size: 12pt;\">Ponie\u00addzia\u00ad\u0142ek <\/span><\/p>\n<p class=\"western\" align=\"center\"><span style=\"font-family: times new roman, times, serif; font-size: 12pt;\">04.07.2022<\/span><\/p>\n<\/td>\n<td width=\"702\">\n<p class=\"western\" align=\"justify\"><span style=\"font-size: 12pt; font-family: times new roman, times, serif;\"><b>6:30 <\/b>+ Andrzej Jaku\u00adbow\u00adski w&nbsp;1 r.&nbsp;\u015bm.<\/span><\/p>\n<p class=\"western\" align=\"justify\"><span style=\"font-size: 12pt; font-family: times new roman, times, serif;\"><b>8:45<\/b> + Leszek Plisz\u00adka w&nbsp;2 r.&nbsp;\u015bm.<\/span><\/p>\n<p class=\"western\" align=\"justify\"><span style=\"font-size: 12pt; font-family: times new roman, times, serif;\"><b>8:45<\/b> + Zofia Tala\u015b\u00adka w&nbsp;dniu uro\u00addzin, m\u0105\u017c Alfons<\/span><\/p>\n<p class=\"western\" align=\"justify\"><span style=\"font-size: 12pt; font-family: times new roman, times, serif;\"><b>8:45<\/b> + Wac\u0142aw Sumion\u00adka \u2013 greg.&nbsp;10<\/span><\/p>\n<p class=\"western\" align=\"justify\"><span style=\"font-size: 12pt; font-family: times new roman, times, serif;\"><b>18:00 <\/b>+ Kry\u00adsty\u00adna W\u0142och w&nbsp;1 r.&nbsp;\u015bm.<\/span><\/p>\n<\/td>\n<\/tr>\n<tr valign=\"top\">\n<td width=\"135\">\n<p class=\"western\" align=\"center\"><span style=\"font-family: times new roman, times, serif; font-size: 12pt;\">Wto\u00adrek<\/span><\/p>\n<p class=\"western\" align=\"center\"><span style=\"font-family: times new roman, times, serif; font-size: 12pt;\">05.07.2022<\/span><\/p>\n<\/td>\n<td width=\"702\">\n<p class=\"western\" align=\"justify\"><span style=\"font-size: 12pt; font-family: times new roman, times, serif;\"><b>6:30 <\/b>+ J\u00f3zef Cza\u00adpiew\u00adski w&nbsp;6 r.&nbsp;\u015bm.<\/span><\/p>\n<p class=\"western\" align=\"justify\"><span style=\"font-size: 12pt; font-family: times new roman, times, serif;\"><b>8:45<\/b> + Lidia Landowska<\/span><\/p>\n<p class=\"western\" align=\"justify\"><span style=\"font-size: 12pt; font-family: times new roman, times, serif;\"><b>8:45<\/b> + Krzysz\u00adtof Chmiel\u00adnic\u00adki w&nbsp;30 dzie\u0144 po pogrzebie<\/span><\/p>\n<p class=\"western\" align=\"justify\"><span style=\"font-size: 12pt; font-family: times new roman, times, serif;\"><b>8:45<\/b> + Wac\u0142aw Sumion\u00adka \u2013 greg.&nbsp;11<\/span><\/p>\n<p class=\"western\" align=\"justify\"><span style=\"font-size: 12pt; font-family: times new roman, times, serif;\"><b>18:00<\/b> + Zofia Grze\u00adca z&nbsp;oka\u00adzji uro\u00addzin, m\u0105\u017c Anto\u00adni, c\u00f3r\u00adka Jadwi\u00adga, zi\u0119\u00adcio\u00adwie J\u00f3zef i&nbsp;Zygmunt<\/span><\/p>\n<\/td>\n<\/tr>\n<tr valign=\"top\">\n<td width=\"135\">\n<p class=\"western\" align=\"center\"><span style=\"font-family: times new roman, times, serif; font-size: 12pt;\">\u015aro\u00adda 06.07.2022<\/span><\/p>\n<\/td>\n<td width=\"702\">\n<p class=\"western\" align=\"justify\"><span style=\"font-size: 12pt; font-family: times new roman, times, serif;\"><b>6:30 <\/b>Msza dzi\u0119k\u00adczyn\u00adna w&nbsp;25 r. \u015blu\u00adbu Janu\u00adsza i&nbsp;Aldo\u00adny S\u0119kow\u00adskich, z&nbsp;pro\u015b\u00adb\u0105 o&nbsp;Bo\u017ce b\u0142o\u00adgo\u00ads\u0142a\u00adwie\u0144\u00adstwo i&nbsp;opie\u00adk\u0119 Mat\u00adki&nbsp;Bo\u017cej<\/span><\/p>\n<p class=\"western\" align=\"justify\"><span style=\"font-size: 12pt; font-family: times new roman, times, serif;\"><b>8:45 <\/b>+ Bro\u00adni\u00ads\u0142a\u00adwa Szma\u00adgli\u0144\u00adska i&nbsp;rodze\u0144stwo<\/span><\/p>\n<p class=\"western\" align=\"justify\"><span style=\"font-size: 12pt; font-family: times new roman, times, serif;\"><b>8:45 <\/b>+ Mar\u00adta Metlic\u00adka w&nbsp;30 dzie\u0144 po pogrzebie<\/span><\/p>\n<p class=\"western\" align=\"justify\"><span style=\"font-size: 12pt; font-family: times new roman, times, serif;\"><b>8:45<\/b> + Wac\u0142aw Sumion\u00adka \u2013 greg.&nbsp;12<\/span><\/p>\n<p class=\"western\" align=\"justify\"><span style=\"font-size: 12pt; font-family: times new roman, times, serif;\"><b>18:00 <\/b>Z&nbsp;podzi\u0119\u00adko\u00adwa\u00adniem za otrzy\u00adma\u00adne \u0142aski, z&nbsp;pro\u015b\u00adb\u0105 o&nbsp;dal\u00adsze dla Bar\u00adba\u00adry w&nbsp;dniu urodzin<\/span><\/p>\n<\/td>\n<\/tr>\n<tr valign=\"top\">\n<td width=\"135\">\n<p class=\"western\" align=\"center\"><span style=\"font-family: times new roman, times, serif; font-size: 12pt;\">Czwar\u00adtek<\/span><\/p>\n<p class=\"western\" align=\"center\"><span style=\"font-family: times new roman, times, serif; font-size: 12pt;\">07.07.2022<\/span><\/p>\n<\/td>\n<td width=\"702\">\n<p class=\"western\" align=\"justify\"><span style=\"font-size: 12pt; font-family: times new roman, times, serif;\"><b>6:30 <\/b>+ Jadwi\u00adga i&nbsp;Jan Kaszubowscy<\/span><\/p>\n<p class=\"western\" align=\"justify\"><span style=\"font-size: 12pt; font-family: times new roman, times, serif;\"><b>8:45 <\/b>+ W&nbsp;inten\u00adcji&nbsp;AD\u015a<\/span><\/p>\n<p class=\"western\" align=\"justify\"><span style=\"font-size: 12pt; font-family: times new roman, times, serif;\"><b>8:45 <\/b>+ El\u017c\u00adbie\u00adta Jani\u00adkow\u00adska w&nbsp;30 dzie\u0144 po pogrzebie<\/span><\/p>\n<p class=\"western\" align=\"justify\"><span style=\"font-size: 12pt; font-family: times new roman, times, serif;\"><b>8:45<\/b> + Wac\u0142aw Sumion\u00adka \u2013 greg.&nbsp;13<\/span><\/p>\n<p class=\"western\" align=\"justify\"><span style=\"font-size: 12pt; font-family: times new roman, times, serif;\"><b>18:00<\/b> + W&nbsp;inten\u00adcji Odno\u00adwy w&nbsp;Duchu \u015awi\u0119tym<\/span><\/p>\n<\/td>\n<\/tr>\n<tr valign=\"top\">\n<td width=\"135\">\n<p class=\"western\" align=\"center\"><span style=\"font-family: times new roman, times, serif; font-size: 12pt;\">Pi\u0105\u00adtek<\/span><\/p>\n<p class=\"western\" align=\"center\"><span style=\"font-family: times new roman, times, serif; font-size: 12pt;\">08.07.2022<\/span><\/p>\n<\/td>\n<td width=\"702\">\n<p class=\"western\" align=\"justify\"><span style=\"font-size: 12pt; font-family: times new roman, times, serif;\"><b>6:30<\/b> + Miro\u00ads\u0142aw Mausolf<\/span><\/p>\n<p class=\"western\" align=\"justify\"><span style=\"font-size: 12pt; font-family: times new roman, times, serif;\"><b>8:45<\/b> + M\u0105\u017c Cze\u00ads\u0142aw Klap\u00adczy\u0144\u00adski oraz bab\u00adcie i&nbsp;dziad\u00adko\u00adwie z&nbsp;oboj\u00adga&nbsp;stron<\/span><\/p>\n<p class=\"western\" align=\"justify\"><span style=\"font-size: 12pt; font-family: times new roman, times, serif;\"><b>8:45<\/b> + W\u0142a\u00addy\u00ads\u0142aw Kali\u00adnow\u00adski w&nbsp;30 dzie\u0144 po pogrzebie<\/span><\/p>\n<p class=\"western\" align=\"justify\"><span style=\"font-size: 12pt; font-family: times new roman, times, serif;\"><b>8:45<\/b> + Wac\u0142aw Sumion\u00adka \u2013 greg.&nbsp;14<\/span><\/p>\n<p class=\"western\" align=\"justify\"><span style=\"font-size: 12pt; font-family: times new roman, times, serif;\"><b>18:00 <\/b>+ Hali\u00adna G\u00f3r\u00adno\u00adwicz, m\u0105\u017c i&nbsp;syn Mariusz i&nbsp;rodzi\u00adce z&nbsp;oboj\u00adga&nbsp;stron<\/span><\/p>\n<\/td>\n<\/tr>\n<tr valign=\"top\">\n<td width=\"135\" height=\"85\">\n<p class=\"western\" align=\"center\"><span style=\"color: #0070c0; font-size: 12pt; font-family: times new roman, times, serif;\"><b>Sobo\u00adta<\/b><\/span><\/p>\n<p class=\"western\" align=\"center\"><span style=\"color: #0070c0; font-size: 12pt; font-family: times new roman, times, serif;\"><b>09.07.2022<\/b><\/span><\/p>\n<\/td>\n<td width=\"702\">\n<p class=\"western\" align=\"justify\"><span style=\"font-size: 12pt; font-family: times new roman, times, serif;\"><b>6:30 <\/b>+ Cze\u00ads\u0142aw \u017bali\u00adkow\u00adski w&nbsp;5 r. \u015bm, zmar\u00adli rodzi\u00adce i&nbsp;rodze\u0144stwo<\/span><\/p>\n<p class=\"western\" align=\"justify\"><span style=\"font-size: 12pt; font-family: times new roman, times, serif;\"><b>8:45<\/b> + Jan Rozmarynowicz<\/span><\/p>\n<p class=\"western\" align=\"justify\"><span style=\"font-size: 12pt; font-family: times new roman, times, serif;\"><b>8:45<\/b> + Urszu\u00adla Nasie\u00adniew\u00adska w&nbsp;1 r.&nbsp;\u015bm.<\/span><\/p>\n<p class=\"western\" align=\"justify\"><span style=\"font-size: 12pt; font-family: times new roman, times, serif;\"><b>8:45<\/b> + Wac\u0142aw Sumion\u00adka \u2013 greg.&nbsp;15<\/span><\/p>\n<p class=\"western\" align=\"justify\"><span style=\"font-family: times new roman, times, serif; font-size: 12pt;\"><b>15:00 \u015alub<\/b><\/span><\/p>\n<p class=\"western\" align=\"justify\"><span style=\"font-size: 12pt; font-family: times new roman, times, serif;\"><b>18:00 <\/b>+ \u0141ucja i&nbsp;Alfred Wilkowscy<\/span><\/p>\n<\/td>\n<\/tr>\n<tr valign=\"top\">\n<td width=\"135\" height=\"203\">\n<p class=\"western\" align=\"center\"><span style=\"color: #ff0000; font-size: 12pt; font-family: times new roman, times, serif;\"><b>Nie\u00addzie\u00adla <\/b><\/span><\/p>\n<p class=\"western\" align=\"center\"><span style=\"color: #ff0000; font-size: 12pt; font-family: times new roman, times, serif;\"><b>10.07.2022<\/b><\/span><\/p>\n<\/td>\n<td width=\"702\">\n<p class=\"western\"><span style=\"font-size: 12pt; font-family: times new roman, times, serif;\"><b>6:30 <\/b>W&nbsp;inten\u00adcji Parafii<\/span><\/p>\n<p class=\"western\"><span style=\"font-size: 12pt; font-family: times new roman, times, serif;\"><b>7:30 + <\/b>Ste\u00adfan Lewi\u0144\u00adski i&nbsp;rodzi\u00adce z&nbsp;oboj\u00adga&nbsp;stron<\/span><\/p>\n<p class=\"western\" align=\"justify\"><span style=\"font-size: 12pt; font-family: times new roman, times, serif;\"><b>8:45<\/b> + Agniesz\u00adka i&nbsp;Bene\u00addykt Kiedrowicz&nbsp;<\/span><\/p>\n<p class=\"western\" align=\"justify\"><span style=\"font-size: 12pt; font-family: times new roman, times, serif;\"><b>10:00<\/b> + Wale\u00adska Wa\u0142\u00addoch w&nbsp;28 r. \u015bm., m\u0105\u017c Jan w&nbsp;19 r. \u015bm. oraz Kon\u00adrad i&nbsp;Kazimierz<\/span><\/p>\n<p class=\"western\" align=\"justify\"><span style=\"font-size: 12pt; font-family: times new roman, times, serif;\"><b>11:00<\/b> + Arka\u00addiusz Burandt i&nbsp;Bo\u017ce\u00adna Ossowska<\/span><\/p>\n<p class=\"western\" align=\"justify\"><span style=\"font-size: 12pt; font-family: times new roman, times, serif;\"><b>12:30<\/b> + Hen\u00adryk \u0141an\u00adgow\u00adski w&nbsp;1 r. \u015bm., \u017cona Jadwi\u00adga w&nbsp;30 r. \u015bm., Jan w&nbsp;30 r. \u015bm., rodzi\u00adce z&nbsp;oboj\u00adga&nbsp;stron<\/span><\/p>\n<p class=\"western\" align=\"justify\"><span style=\"font-size: 12pt; font-family: times new roman, times, serif;\"><b>12:30<\/b> + Wac\u0142aw Sumion\u00adka \u2013 greg.&nbsp;16<\/span><\/p>\n<p class=\"western\" align=\"justify\"><span style=\"font-size: 12pt; font-family: times new roman, times, serif;\"><b>16:00 OSTROWTE: <\/b>Gabrie\u00adla Popo\u00adwczak w&nbsp;6 r. \u015bm. i&nbsp;Alfons Dahlke<\/span><\/p>\n<p class=\"western\" align=\"justify\"><span style=\"font-size: 12pt; font-family: times new roman, times, serif;\"><b>18:00 <\/b>+ Jan Mili\u00adwek, z&nbsp;rodzi\u00adny Mili\u00adwek i&nbsp;Balcerzak<\/span><\/p>\n<\/td>\n<\/tr>\n<\/tbody>\n<\/table>\n","protected":false},"excerpt":{"rendered":"<p>Ponie\u00addzia\u00ad\u0142ek 04.07.2022 6:30 + Andrzej Jaku\u00adbow\u00adski w&nbsp;1&nbsp;r.&nbsp;\u015bm. 8:45 + Leszek Plisz\u00adka w&nbsp;2&nbsp;r.&nbsp;\u015bm. 8:45 + Zofia Tala\u015b\u00adka w&nbsp;dniu uro\u00addzin, m\u0105\u017c Alfons 8:45 + Wac\u0142aw Sumion\u00adka \u2013 greg.&nbsp;10 18:00 + Kry\u00adsty\u00adna W\u0142och w&nbsp;1&nbsp;r.&nbsp;\u015bm. Wto\u00adrek 05.07.2022 6:30 + J\u00f3zef Cza\u00adpiew\u00adski \u2026 <a href=\"https:\/\/www.parafia-czersk.pl\/?p=527\">Czy\u00adtaj dalej <span class=\"meta-nav\">\u2192<\/span><\/a><\/p>\n","protected":false},"author":1,"featured_media":0,"comment_status":"closed","ping_status":"open","sticky":false,"template":"","format":"standard","meta":{"pagelayer_contact_templates":[],"_pagelayer_content":"","wp_typography_post_enhancements_disabled":false,"footnotes":""},"categories":[2],"tags":[],"class_list":["post-527","post","type-post","status-publish","format-standard","hentry","category-intencje"],"aioseo_notices":[],"_links":{"self":[{"href":"https:\/\/www.parafia-czersk.pl\/index.php?rest_route=\/wp\/v2\/posts\/527","targetHints":{"allow":["GET"]}}],"collection":[{"href":"https:\/\/www.parafia-czersk.pl\/index.php?rest_route=\/wp\/v2\/posts"}],"about":[{"href":"https:\/\/www.parafia-czersk.pl\/index.php?rest_route=\/wp\/v2\/types\/post"}],"author":[{"embeddable":true,"href":"https:\/\/www.parafia-czersk.pl\/index.php?rest_route=\/wp\/v2\/users\/1"}],"replies":[{"embeddable":true,"href":"https:\/\/www.parafia-czersk.pl\/index.php?rest_route=%2Fwp%2Fv2%2Fcomments&post=527"}],"version-history":[{"count":2,"href":"https:\/\/www.parafia-czersk.pl\/index.php?rest_route=\/wp\/v2\/posts\/527\/revisions"}],"predecessor-version":[{"id":529,"href":"https:\/\/www.parafia-czersk.pl\/index.php?rest_route=\/wp\/v2\/posts\/527\/revisions\/529"}],"wp:attachment":[{"href":"https:\/\/www.parafia-czersk.pl\/index.php?rest_route=%2Fwp%2Fv2%2Fmedia&parent=527"}],"wp:term":[{"taxonomy":"category","embeddable":true,"href":"https:\/\/www.parafia-czersk.pl\/index.php?rest_route=%2Fwp%2Fv2%2Fcategories&post=527"},{"taxonomy":"post_tag","embeddable":true,"href":"https:\/\/www.parafia-czersk.pl\/index.php?rest_route=%2Fwp%2Fv2%2Ftags&post=527"}],"curies":[{"name":"wp","href":"https:\/\/api.w.org\/{rel}","templated":true}]}}