{"id":534,"date":"2022-07-10T08:20:51","date_gmt":"2022-07-10T08:20:51","guid":{"rendered":"http:\/\/parafia-czersk.pl\/word2\/?p=534"},"modified":"2022-07-10T08:20:51","modified_gmt":"2022-07-10T08:20:51","slug":"xv-niedziela-zwykla-10-lipca-2022-r","status":"publish","type":"post","link":"https:\/\/www.parafia-czersk.pl\/?p=534","title":{"rendered":"XV NIEDZIELA ZWYK\u0141A  10 lipca 2022&nbsp;r."},"content":{"rendered":"<ol>\n<li>\n<p class=\"western\" style=\"text-align: justify;\" align=\"justify\"><span style=\"font-family: Bookman Old Style, serif;\"><span style=\"font-size: medium;\">Ser\u00addecz\u00adnie wita\u00admy w&nbsp;naszej para\u00adfii go\u015bci i&nbsp;\u017cyczy\u00admy wspa\u00adnia\u00ad\u0142ych wra\u00ad\u017ce\u0144 i&nbsp;dobre\u00adgo wypo\u00adczyn\u00adku. Zapra\u00adsza\u00admy na Msze \u015bw. w&nbsp;naszym ko\u015bcie\u00adle oraz w&nbsp;ka\u017c\u00add\u0105 nie\u00addzie\u00adl\u0119 o&nbsp;godz. 16.00 nad jezio\u00adrem w&nbsp;Ostrowitem.<\/span><\/span><\/p>\n<\/li>\n<li style=\"text-align: justify;\">\n<p class=\"western\" align=\"justify\"><span style=\"font-family: Bookman Old Style, serif;\"><span style=\"font-size: medium;\">Przy\u00adpo\u00admi\u00adna\u00admy, \u017ce w&nbsp;okre\u00adsie waka\u00adcyj\u00adnym w&nbsp;dni powsze\u00addnie ksi\u0119\u00ad\u017ca s\u0142u\u00adcha\u00adj\u0105 spo\u00adwie\u00addzi tyl\u00adko przed Msza\u00admi \u015bw. Pro\u00adsi\u00admy nie nasta\u00adwia\u0107 si\u0119 na spo\u00adwied\u017a w&nbsp;cza\u00adsie Mszy&nbsp;\u015bw.<\/span><\/span><\/p>\n<\/li>\n<li style=\"text-align: justify;\">\n<p class=\"western\" align=\"justify\"><span style=\"font-family: Bookman Old Style, serif;\"><span style=\"font-size: medium;\">Dzi\u0119\u00adku\u00adje\u00admy za ofia\u00adry z\u0142o\u00ad\u017co\u00adne na dzi\u00adsiej\u00adsz\u0105 tac\u0119 na remon\u00adty w&nbsp;naszej para\u00adfii oraz za ofia\u00adry indywidualne.<\/span><\/span><\/p>\n<\/li>\n<li style=\"text-align: justify;\">\n<p class=\"western\" align=\"justify\"><span style=\"font-family: Bookman Old Style, serif;\"><span style=\"font-size: medium;\">W <\/span><\/span><span style=\"font-family: Bookman Old Style, serif;\"><span style=\"font-size: medium;\"><b>\u015bro\u00add\u0119<\/b><\/span><\/span><span style=\"font-family: Bookman Old Style, serif;\"><span style=\"font-size: medium;\"> zapra\u00adsza\u00admy na nabo\u00ad\u017ce\u0144\u00adstwo fatim\u00adskie, kt\u00f3\u00adre roz\u00adpocz\u00adnie si\u0119 o&nbsp;godz. 20.00. Pro\u00adsi\u00admy o&nbsp;przy\u00adnie\u00adsie\u00adnie&nbsp;\u015bwiec.<\/span><\/span><\/p>\n<\/li>\n<li style=\"text-align: justify;\">\n<p class=\"western\" align=\"justify\"><span style=\"font-family: Bookman Old Style, serif;\"><span style=\"font-size: medium;\">We <\/span><\/span><span style=\"font-family: Bookman Old Style, serif;\"><span style=\"font-size: medium;\"><b>sobo\u00adt\u0119<\/b><\/span><\/span><span style=\"font-family: Bookman Old Style, serif;\"><span style=\"font-size: medium;\"> przy\u00adpa\u00adda wspo\u00admnie\u00adnie <\/span><\/span><span style=\"font-family: Bookman Old Style, serif;\"><span style=\"font-size: medium;\"><b>Mat\u00adki Bo\u017cej Szka\u00adplerz\u00adnej<\/b><\/span><\/span><span style=\"font-family: Bookman Old Style, serif;\"><span style=\"font-size: medium;\">. Na Mszy \u015bw. o&nbsp;godz. 8:45, kt\u00f3\u00adra zosta\u00adnie odpra\u00adwio\u00adna w&nbsp;inten\u00adcji Brac\u00adtwa Szka\u00adple\u00adrza \u015awi\u0119\u00adte\u00adgo nast\u0105\u00adpi obrz\u0119d przy\u00adj\u0119\u00adcia nowych cz\u0142on\u00adk\u00f3w i&nbsp;na\u0142o\u00ad\u017ce\u00adnia szka\u00adple\u00adrza. Zapra\u00adsza\u00admy na Nowen\u00adn\u0119 do Mat\u00adki Bo\u017cej Szka\u00adplerz\u00adnej, kt\u00f3\u00adr\u0105 odma\u00adwia\u00admy codzien\u00adnie o&nbsp;godz. 8.30. Oso\u00adby pra\u00adgn\u0105\u00adce wst\u0105\u00adpi\u0107 do brac\u00adtwa i&nbsp;w sobo\u00adt\u0119 przy\u00adj\u0105\u0107 szka\u00adplerz mog\u0105 si\u0119 zg\u0142o\u00adsi\u0107 do p. Kry\u00adsty\u00adny Engel\u00adhardt. Zgod\u00adnie z&nbsp;zale\u00adce\u00adniem ks. bisku\u00adpa od godz. 7.00 do 8.45 zosta\u00adnie wysta\u00adwio\u00adny Naj\u015bw. Sakra\u00adment do pry\u00adwat\u00adnej ado\u00adra\u00adcji, do kt\u00f3\u00adrej gor\u0105\u00adco zach\u0119camy.<\/span><\/span><\/p>\n<\/li>\n<li style=\"text-align: justify;\">\n<p class=\"western\" align=\"justify\"><span style=\"font-family: Bookman Old Style, serif;\"><span style=\"font-size: medium;\">W \u015bro\u00add\u0119<\/span><\/span><span style=\"font-family: Bookman Old Style, serif;\"><span style=\"font-size: medium;\"><b> -<\/b><\/span><\/span> <span style=\"font-family: Bookman Old Style, serif;\"><span style=\"font-size: medium;\"><b>20 lip\u00adca <\/b><\/span><\/span><span style=\"font-family: Bookman Old Style, serif;\"><span style=\"font-size: medium;\">- <\/span><\/span><span style=\"font-family: Bookman Old Style, serif;\"><span style=\"font-size: medium;\"><b>odwie\u00addzi\u00admy cho\u00adrych<\/b><\/span><\/span><span style=\"font-family: Bookman Old Style, serif;\"><span style=\"font-size: medium;\"> z&nbsp;pos\u0142u\u00adg\u0105 sakra\u00admen\u00adtal\u00adn\u0105. Cho\u00adrych mo\u017c\u00adna zg\u0142a\u00adsza\u0107 w&nbsp;biu\u00adrze para\u00adfial\u00adnym lub u&nbsp;ksi\u0119\u00ad\u017cy wikariuszy.&nbsp;<\/span><\/span><\/p>\n<\/li>\n<li style=\"text-align: justify;\">\n<p class=\"western\" align=\"justify\"><span style=\"font-family: Bookman Old Style, serif;\"><span style=\"font-size: medium;\"><b>Spo\u00adwied\u017a \u015bwi\u0119\u00adta<\/b><\/span><\/span><span style=\"font-family: Bookman Old Style, serif;\"><span style=\"font-size: medium;\"> przed odpu\u00adstem odb\u0119\u00addzie si\u0119 <\/span><\/span><span style=\"font-family: Bookman Old Style, serif;\"><span style=\"font-size: medium;\"><b>21 lip\u00adca <\/b><\/span><\/span><span style=\"font-family: Bookman Old Style, serif;\"><span style=\"font-size: medium;\">(czwar\u00adtek)<\/span><\/span><b> <\/b><span style=\"font-family: Bookman Old Style, serif;\"><span style=\"font-size: medium;\">od <\/span><\/span><span style=\"font-family: Bookman Old Style, serif;\"><span style=\"font-size: medium;\"><b>8:00 do 9:30<\/b><\/span><\/span><span style=\"font-family: Bookman Old Style, serif;\"><span style=\"font-size: medium;\"> oraz po po\u0142u\u00addniu od <\/span><\/span><span style=\"font-family: Bookman Old Style, serif;\"><span style=\"font-size: medium;\"><b>17:00 do 18:00<\/b><\/span><\/span><span style=\"font-family: Bookman Old Style, serif;\"><span style=\"font-size: medium;\">. <\/span><\/span><\/p>\n<\/li>\n<li style=\"text-align: justify;\">\n<p class=\"western\" align=\"justify\"><span style=\"font-family: Bookman Old Style, serif;\"><span style=\"font-size: medium;\">W nast\u0119p\u00adny pi\u0105\u00adtek \u2013 <\/span><\/span><span style=\"font-family: Bookman Old Style, serif;\"><span style=\"font-size: medium;\"><b>22 lip\u00adca<\/b><\/span><\/span><span style=\"font-family: Bookman Old Style, serif;\"><span style=\"font-size: medium;\"> \u2013 odb\u0119\u00addzie si\u0119 nasz <\/span><\/span><span style=\"font-family: Bookman Old Style, serif;\"><span style=\"font-size: medium;\"><b>odpust para\u00adfial\u00adny<\/b><\/span><\/span><span style=\"font-family: Bookman Old Style, serif;\"><span style=\"font-size: medium;\"> ku czci \u015bw. Marii Mag\u00adda\u00adle\u00adny. Msze \u015bw. zosta\u00adn\u0105 odpra\u00adwio\u00adne o&nbsp;godz. 6:3o; 8:45, 11:oo i&nbsp;po po\u0142u\u00addniu o&nbsp;godz. 17:oo suma odpu\u00adsto\u00adwa, kt\u00f3\u00adrej b\u0119dzie prze\u00adwod\u00adni\u00adczy\u0142 <\/span><\/span><span style=\"font-family: Bookman Old Style, serif;\"><span style=\"font-size: medium;\"><b>Ks. Bp Die\u00adce\u00adzjal\u00adny Ryszard Kasy\u00adna<\/b><\/span><\/span><span style=\"font-family: Bookman Old Style, serif;\"><span style=\"font-size: medium;\">. Przed Msz\u0105 \u015bw. b\u0119dzie uro\u00adczy\u00adste wpro\u00adwa\u00addze\u00adnie Ks. Bisku\u00adpa, a&nbsp;po Mszy \u015bw. pro\u00adce\u00adsja eucha\u00adry\u00adstycz\u00adna dooko\u00ad\u0142a ko\u015bcio\u00ad\u0142a. Bar\u00addzo pro\u00adsi\u00admy, aby na wpro\u00adwa\u00addze\u00adnie i&nbsp;w pro\u00adce\u00adsji sz\u0142y wszyst\u00adkie sztan\u00adda\u00adry, cho\u00adr\u0105\u00adgwie, sztan\u00addar\u00adki i&nbsp;fere\u00adtron. Na sumie odpu\u00adsto\u00adwej odb\u0119\u00addzie si\u0119 po\u015bwi\u0119\u00adce\u00adnie odno\u00adwio\u00adne\u00adgo dachu naszej \u015bwi\u0105\u00adty\u00adni i&nbsp;sztan\u00adda\u00adru Ryce\u00adrzy Kolum\u00adba. Bar\u00addzo pro\u00adsi\u00admy o&nbsp;licz\u00adny udzia\u0142 w&nbsp;uro\u00adczy\u00adsto\u00ad\u015bci odpu\u00adsto\u00adwej, a&nbsp;zw\u0142asz\u00adcza w&nbsp;sumie odpu\u00adsto\u00adwej. Po sumie, przed ko\u015bcio\u00ad\u0142em b\u0119dzie wysta\u00adwio\u00adne sto\u00adisko Cari\u00adta\u00adsu, gdzie b\u0119dzie mo\u017c\u00adna wypi\u0107 kaw\u0119 i&nbsp;zje\u015b\u0107 pysz\u00adne cia\u00adsto. Dobro\u00adwol\u00adne ofia\u00adry s\u0105 prze\u00adzna\u00adczo\u00adne na dzia\u00ad\u0142al\u00adno\u015b\u0107 Caritasu.<\/span><\/span><\/p>\n<\/li>\n<li style=\"text-align: justify;\">\n<p class=\"western\" align=\"justify\"><span style=\"font-family: Bookman Old Style, serif;\"><span style=\"font-size: medium;\">Rycer\u00adstwo Nie\u00adpo\u00adka\u00adla\u00adnej orga\u00adni\u00adzu\u00adje Piel\u00adgrzym\u00adk\u0119 do Sank\u00adtu\u00adarium Maryj\u00adne\u00adgo w&nbsp;Liche\u00adniu. Wyjazd 12 sierp\u00adnia o&nbsp;godz. 7.00 z&nbsp;ul. Szkol\u00adnej, a&nbsp;powr\u00f3t 13 sierp\u00adnia wie\u00adczo\u00adrem. Koszt piel\u00adgrzym\u00adki 150 z\u0142. Ch\u0119t\u00adni mog\u0105 zg\u0142a\u00adsza\u0107 si\u0119 do p. Hali\u00adny Cza\u00adpiew\u00adskiej (tel. 509&nbsp;114&nbsp;685) lub p. Marii Masiak (tel. 533&nbsp;381&nbsp;337).<\/span><\/span><\/p>\n<\/li>\n<li style=\"text-align: justify;\">\n<p class=\"western\" align=\"justify\"><span style=\"font-family: Bookman Old Style, serif;\"><span style=\"font-size: medium;\">W dniu 31 lip\u00adca o&nbsp;godz. 7.00 wyru\u00adsza pie\u00adsza piel\u00adgrzym\u00adka z&nbsp;Choj\u00adnic na Jasn\u0105 G\u00f3r\u0119. Prze\u00adwod\u00adni\u00adkiem gru\u00adpy jest nasz wika\u00adriusz ks. Mate\u00adusz, kt\u00f3\u00adry zapra\u00adsza jesz\u00adcze nie\u00adzde\u00adcy\u00addo\u00adwa\u00adnych do udzia\u00ad\u0142u w&nbsp;piel\u00adgrzym\u00adce. Zach\u0119\u00adca r\u00f3w\u00adnie\u017c do sk\u0142a\u00adda\u00adnia kar\u00adte\u00adczek z&nbsp;pro\u015b\u00adba\u00admi i&nbsp;inten\u00adcja\u00admi, kt\u00f3\u00adre zosta\u00adn\u0105 obmo\u00addlo\u00adne w&nbsp;cza\u00adsie piel\u00adgrzym\u00adki i&nbsp;na Jasnej G\u00f3rze. Piel\u00adgrzym\u00adk\u0119 mo\u017c\u00adna wes\u00adprze\u0107 te\u017c finan\u00adso\u00adwo, sk\u0142a\u00adda\u00adj\u0105c ofia\u00adr\u0119 i&nbsp;inten\u00adcje do skar\u00adbon\u00adki przy fere\u00adtro\u00adnie MB Cz\u0119\u00adsto\u00adchow\u00adskiej lub \u015brod\u00adki medycz\u00adne (lista znaj\u00addu\u00adje si\u0119 w&nbsp;gablo\u00adtach). Spo\u00adtka\u00adnie orga\u00adni\u00adza\u00adcyj\u00adne odb\u0119\u00addzie si\u0119 w&nbsp;choj\u00adnic\u00adkiej bazy\u00adli\u00adce, w&nbsp;dniu 24 lip\u00adca o&nbsp;godz. 15.00.<\/span><\/span><\/p>\n<\/li>\n<li style=\"text-align: justify;\">\n<p class=\"western\" align=\"justify\"><span style=\"font-family: Bookman Old Style, serif;\"><span style=\"font-size: medium;\">W zakry\u00adstii i&nbsp;przy wyj\u00ad\u015bciu z&nbsp;ko\u015bcio\u00ad\u0142a do naby\u00adcia nowy numer \u201ePiel\u00adgrzy\u00adma\u201d oraz ksi\u0105\u00ad\u017cecz\u00adki z&nbsp;tek\u00adsta\u00admi o&nbsp;\u015bw. Marii Mag\u00adda\u00adle\u00adnie i&nbsp;lita\u00adni\u0105 do naszej patron\u00adki w&nbsp;cenie 5&nbsp;z\u0142. Zysk ze sprze\u00adda\u00ad\u017cy prze\u00adzna\u00adczo\u00adny jest na dzia\u00ad\u0142al\u00adno\u015b\u0107 mini\u00adstran\u00adt\u00f3w. Od \u015bro\u00addy, 10 min. przed wie\u00adczor\u00adn\u0105 Msz\u0105 \u015bw., b\u0119dzie\u00admy odma\u00adwia\u00adli Lita\u00adni\u0119 do \u015bw. Marii Mag\u00adda\u00adle\u00adny w&nbsp;ramach ducho\u00adwe\u00adgo przy\u00adgo\u00adto\u00adwa\u00adnia do odpustu.<\/span><\/span><\/p>\n<\/li>\n<\/ol>\n<p class=\"western\" style=\"text-align: justify;\" align=\"justify\"><span style=\"font-family: Bookman Old Style, serif;\"><span style=\"font-size: medium;\">12. Msze \u015bw. w&nbsp;tym tygodniu:&nbsp;<\/span><\/span><\/p>\n<p class=\"western\" style=\"text-align: justify;\"><span style=\"font-family: Bookman Old Style, serif;\"><span style=\"font-size: medium;\">- w&nbsp;<\/span><\/span><span style=\"font-family: Bookman Old Style, serif;\"><span style=\"font-size: medium;\"><b>30 dzie\u0144<\/b><\/span><\/span><span style=\"font-family: Bookman Old Style, serif;\"><span style=\"font-size: medium;\"> po pogrze\u00adbie za \u015b.p. Zofi\u0119 Maeu\u00adrer w&nbsp;ponie\u00addzia\u00ad\u0142ek o&nbsp;godz. 8.45, Sta\u00adni\u00ads\u0142a\u00adwa Albrecht we wto\u00adrek o&nbsp;godz. 8.45, Alek\u00adsan\u00addra Cze\u00adchow\u00adskie\u00adgo w&nbsp;\u015bro\u00add\u0119 o&nbsp;godz. 8.45, Fran\u00adcisz\u00adka Paster\u00adnac\u00adkie\u00adgo w&nbsp;sobo\u00adt\u0119 o&nbsp;godz. 8.45<\/span><\/span><\/p>\n<p class=\"western\" style=\"text-align: justify;\"><span style=\"font-family: Bookman Old Style, serif;\"><span style=\"font-size: medium;\">W tym tygo\u00addniu po\u017ce\u00adgna\u00adli\u00ad\u015bmy \u015bp. Jadwi\u00adg\u0119 Maj\u00adchrzak z&nbsp;ul. Otto Sabi\u00adnia\u00adrza, R\u00f3\u017c\u0119 Narloch z&nbsp;ul. 21 Lute\u00adgo i&nbsp;Miro\u00ads\u0142a\u00adwa Resz\u00adczy\u0144\u00adskie\u00adgo ze Z\u0142o\u00adto\u00adwa, ul. Z\u0142o\u00adtow\u00adska. Wiecz\u00adny odpoczynek&nbsp;\u2026<\/span><\/span><\/p>\n<p class=\"western\" style=\"text-align: justify;\">\n<\/p>","protected":false},"excerpt":{"rendered":"<p>Ser\u00addecz\u00adnie wita\u00admy w&nbsp;naszej para\u00adfii go\u015bci i&nbsp;\u017cyczy\u00admy wspa\u00adnia\u00ad\u0142ych wra\u00ad\u017ce\u0144 i&nbsp;dobre\u00adgo wypo\u00adczyn\u00adku. Zapra\u00adsza\u00admy na Msze \u015bw. w&nbsp;naszym ko\u015bcie\u00adle oraz w&nbsp;ka\u017c\u00add\u0105 nie\u00addzie\u00adl\u0119 o&nbsp;godz. 16.00 nad jezio\u00adrem w&nbsp;Ostro\u00adwi\u00adtem. Przy\u00adpo\u00admi\u00adna\u00admy, \u017ce w&nbsp;okre\u00adsie waka\u00adcyj\u00adnym w&nbsp;dni powsze\u00addnie ksi\u0119\u00ad\u017ca s\u0142u\u00adcha\u00adj\u0105 spo\u00adwie\u00addzi tyl\u00adko przed Msza\u00admi \u015bw. Pro\u00adsi\u00admy nie nasta\u00adwia\u0107 \u2026 <a href=\"https:\/\/www.parafia-czersk.pl\/?p=534\">Czy\u00adtaj dalej <span class=\"meta-nav\">\u2192<\/span><\/a><\/p>\n","protected":false},"author":1,"featured_media":0,"comment_status":"closed","ping_status":"open","sticky":false,"template":"","format":"standard","meta":{"pagelayer_contact_templates":[],"_pagelayer_content":"","wp_typography_post_enhancements_disabled":false,"footnotes":""},"categories":[3],"tags":[],"class_list":["post-534","post","type-post","status-publish","format-standard","hentry","category-ogloszenia"],"aioseo_notices":[],"_links":{"self":[{"href":"https:\/\/www.parafia-czersk.pl\/index.php?rest_route=\/wp\/v2\/posts\/534","targetHints":{"allow":["GET"]}}],"collection":[{"href":"https:\/\/www.parafia-czersk.pl\/index.php?rest_route=\/wp\/v2\/posts"}],"about":[{"href":"https:\/\/www.parafia-czersk.pl\/index.php?rest_route=\/wp\/v2\/types\/post"}],"author":[{"embeddable":true,"href":"https:\/\/www.parafia-czersk.pl\/index.php?rest_route=\/wp\/v2\/users\/1"}],"replies":[{"embeddable":true,"href":"https:\/\/www.parafia-czersk.pl\/index.php?rest_route=%2Fwp%2Fv2%2Fcomments&post=534"}],"version-history":[{"count":1,"href":"https:\/\/www.parafia-czersk.pl\/index.php?rest_route=\/wp\/v2\/posts\/534\/revisions"}],"predecessor-version":[{"id":535,"href":"https:\/\/www.parafia-czersk.pl\/index.php?rest_route=\/wp\/v2\/posts\/534\/revisions\/535"}],"wp:attachment":[{"href":"https:\/\/www.parafia-czersk.pl\/index.php?rest_route=%2Fwp%2Fv2%2Fmedia&parent=534"}],"wp:term":[{"taxonomy":"category","embeddable":true,"href":"https:\/\/www.parafia-czersk.pl\/index.php?rest_route=%2Fwp%2Fv2%2Fcategories&post=534"},{"taxonomy":"post_tag","embeddable":true,"href":"https:\/\/www.parafia-czersk.pl\/index.php?rest_route=%2Fwp%2Fv2%2Ftags&post=534"}],"curies":[{"name":"wp","href":"https:\/\/api.w.org\/{rel}","templated":true}]}}